{"id":338,"date":"2020-04-07T16:32:52","date_gmt":"2020-04-07T15:32:52","guid":{"rendered":"http:\/\/solidaires87.org\/sudpttlimousin\/?p=338"},"modified":"2020-04-07T16:34:37","modified_gmt":"2020-04-07T15:34:37","slug":"linfo-en-clair-07-04-2020","status":"publish","type":"post","link":"https:\/\/solidaires87.org\/sudpttlimousin\/2020\/04\/07\/linfo-en-clair-07-04-2020\/","title":{"rendered":"L&rsquo;info en clair 07\/04\/2020"},"content":{"rendered":"\n<p>Les infos du jour sont plut\u00f4t d&rsquo;ordre g\u00e9n\u00e9ral .<\/p>\n\n\n<a href=\"https:\/\/solidaires87.org\/sudpttlimousin\/wp-content\/uploads\/sites\/3\/2020\/04\/LP_tract_presse-06-04.pdf\" class=\"pdfemb-viewer\" style=\"\" data-width=\"max\" data-height=\"max\"  data-toolbar=\"bottom\" data-toolbar-fixed=\"off\">LP_tract_presse-06-04<br\/><\/a>\n<p class=\"wp-block-pdfemb-pdf-embedder-viewer\"><\/p>\n\n\n\n<p><strong>Suite \u00e0 une grosse pression des politiques et des entreprises de vente par correspondance, La Poste a pr\u00e9vu de r\u00e9-ouvrir rapidement la plupart des bureaux de poste<\/strong>, ne serait-ce pour l&rsquo;instant qu&rsquo;un jour ou deux par semaine pour 2 ou 3 heures pour certains. De m\u00eame pour les Agences postales. donc \u00e0 partir de cette semaine et encore plus la semaine prochaine ce sont  72 bureaux ( avec la Dordogne) + 10 facteurs guichetiers + 3 MSAP qui seront ouverts, pour permettre aux gens de se d\u00e9gourdir un peu les jambes en allant acheter un timbre et de choper le truc. Merci Patron !<\/p>\n\n\n\n<p><strong>La distribution va \u00eatre impact\u00e9e aussi.<\/strong> Il parait qu&rsquo;il y a 300 000 colis en attente de livraison et \u00e7a grogne fort du c\u00f4te des \u00ab\u00a0vendeurs\u00a0\u00bb, qui ne peuvent pas assurer leur chiffre d&rsquo;affaire. Il est \u00e9vident que d\u00e8s la semaine prochaine, il devrait y avoir de nouvelles dispositions.<\/p>\n\n\n\n<p>Nous avons appris que<strong> La Poste avait 24 300 000 masques en stock<\/strong>, mais qu&rsquo;elle ne voulait pas \u00e9bruiter le truc de peur de se les faire r\u00e9quisitionner. C&rsquo;est pourquoi elle nous disait qu&rsquo;ils n&rsquo;\u00e9tait pas utile d&rsquo;en porter. Aujourd&rsquo;hui elle s&rsquo;engage \u00e0 doter chaque postier de ces masques, dans les jours qui viennent. Le petit souci, c&rsquo;est que ces masques sont issus de stocks datant de 2009, et qu&rsquo;ils sont vraisemblablement p\u00e9rim\u00e9s aujourd&rsquo;hui. Les M\u00e9decins de Pr\u00e9vention du R\u00e9seau, tout \u00e0 l&rsquo;heure en Chs-ct n&rsquo;en revenaient pas.<\/p>\n\n\n<a href=\"https:\/\/solidaires87.org\/sudpttlimousin\/wp-content\/uploads\/sites\/3\/2020\/04\/CP_stock_masques_La_Poste-07-04.pdf\" class=\"pdfemb-viewer\" style=\"\" data-width=\"max\" data-height=\"max\"  data-toolbar=\"bottom\" data-toolbar-fixed=\"off\">CP_stock_masques_La_Poste-07-04<br\/><\/a>\n<p class=\"wp-block-pdfemb-pdf-embedder-viewer\"><\/p>\n\n\n\n<p><strong>Pour les reliquats de cong\u00e9s <\/strong> et <strong>les cong\u00e9s d\u00e9j\u00e0 pos\u00e9s<\/strong> : pas de d\u00e9lai suppl\u00e9mentaire : reliquat \u00e0 poser avant le 30 avril et si cong\u00e9s d\u00e9j\u00e0 pos\u00e9s, pas possible de les annuler. (voir note ci-dessous).  Pour les temps partiels : ce sont des contrats donc on ne peut modifier vos jours de repos sans votre accord.  Je vous mets \u00e9galement la note sur les gardes d&rsquo;enfants dat\u00e9e du 30 &#8211; mars.<\/p>\n\n\n<a href=\"https:\/\/solidaires87.org\/sudpttlimousin\/wp-content\/uploads\/sites\/3\/2020\/04\/reliquat-cong\u00e9s-2019.pdf\" class=\"pdfemb-viewer\" style=\"\" data-width=\"max\" data-height=\"max\"  data-toolbar=\"bottom\" data-toolbar-fixed=\"off\">reliquat-cong\u00e9s-2019<br\/><\/a>\n<p class=\"wp-block-pdfemb-pdf-embedder-viewer\"><\/p>\n\n\n<a href=\"https:\/\/solidaires87.org\/sudpttlimousin\/wp-content\/uploads\/sites\/3\/2020\/04\/BRH-ABSENCES-AU-30-03-POSTE.pdf\" class=\"pdfemb-viewer\" style=\"\" data-width=\"max\" data-height=\"max\"  data-toolbar=\"bottom\" data-toolbar-fixed=\"off\">BRH-ABSENCES-AU-30-03-POSTE<br\/><\/a>\n<p class=\"wp-block-pdfemb-pdf-embedder-viewer\"><\/p>\n\n\n\n<p><strong>Pour le Limousin<\/strong> : Un cas de Covid \u00e0 Nantiat courrier  : bureau ferm\u00e9, agents en quarantaine et d\u00e9sinfection totale.  Je n&rsquo;ai pas pu assister \u00e0 la conf tel courrier de ce matin, j&rsquo;attendais un coup de fil des camarades de Tellis pour leur action aux prud&rsquo;hommes, donc je n&rsquo;ai pas d&rsquo;info sur comment s&rsquo;est pass\u00e9e la distribution de la presse.  Cet apr\u00e8s midi j&rsquo;avais un Chs-ct au r\u00e9seau, je n&rsquo;ai donc du coup pas pu assister \u00e0 la conf tel de la F\u00e9d\u00e9ration.<\/p>\n\n\n\n<p><strong>Pour les camarades de  Tellis <\/strong> qui je le rappelle, n&rsquo;ont pas eu le droit de venir travailler ( aujourd&rsquo;hui et demain) suite \u00e0 l&rsquo;annulation de la formation pr\u00e9vue \u00e0 ces dates,  nous allons certainement engager une proc\u00e9dure prud&rsquo;homale. Plusieurs possibilit\u00e9s sont \u00e0 l&rsquo;\u00e9tude, notamment celle d&rsquo;un r\u00e9f\u00e9r\u00e9. Contact pris avec avocat et organisme de formation. <\/p>\n","protected":false},"excerpt":{"rendered":"<p>Les infos du jour sont plut\u00f4t d&rsquo;ordre g\u00e9n\u00e9ral . Suite \u00e0 une grosse pression des politiques et des entreprises de vente par correspondance, La Poste a pr\u00e9vu de r\u00e9-ouvrir rapidement la plupart des bureaux de poste, ne serait-ce pour l&rsquo;instant&#8230;<br \/><a class=\"read-more-button\" href=\"https:\/\/solidaires87.org\/sudpttlimousin\/2020\/04\/07\/linfo-en-clair-07-04-2020\/\">Savoir plus<\/a><\/p>\n","protected":false},"author":6,"featured_media":0,"comment_status":"open","ping_status":"open","sticky":false,"template":"","format":"standard","meta":{"footnotes":""},"categories":[3,1],"tags":[],"_links":{"self":[{"href":"https:\/\/solidaires87.org\/sudpttlimousin\/wp-json\/wp\/v2\/posts\/338"}],"collection":[{"href":"https:\/\/solidaires87.org\/sudpttlimousin\/wp-json\/wp\/v2\/posts"}],"about":[{"href":"https:\/\/solidaires87.org\/sudpttlimousin\/wp-json\/wp\/v2\/types\/post"}],"author":[{"embeddable":true,"href":"https:\/\/solidaires87.org\/sudpttlimousin\/wp-json\/wp\/v2\/users\/6"}],"replies":[{"embeddable":true,"href":"https:\/\/solidaires87.org\/sudpttlimousin\/wp-json\/wp\/v2\/comments?post=338"}],"version-history":[{"count":2,"href":"https:\/\/solidaires87.org\/sudpttlimousin\/wp-json\/wp\/v2\/posts\/338\/revisions"}],"predecessor-version":[{"id":344,"href":"https:\/\/solidaires87.org\/sudpttlimousin\/wp-json\/wp\/v2\/posts\/338\/revisions\/344"}],"wp:attachment":[{"href":"https:\/\/solidaires87.org\/sudpttlimousin\/wp-json\/wp\/v2\/media?parent=338"}],"wp:term":[{"taxonomy":"category","embeddable":true,"href":"https:\/\/solidaires87.org\/sudpttlimousin\/wp-json\/wp\/v2\/categories?post=338"},{"taxonomy":"post_tag","embeddable":true,"href":"https:\/\/solidaires87.org\/sudpttlimousin\/wp-json\/wp\/v2\/tags?post=338"}],"curies":[{"name":"wp","href":"https:\/\/api.w.org\/{rel}","templated":true}]}}