{"id":334,"date":"2020-04-02T16:23:34","date_gmt":"2020-04-02T15:23:34","guid":{"rendered":"http:\/\/solidaires87.org\/sudpttlimousin\/?p=334"},"modified":"2020-04-02T16:27:16","modified_gmt":"2020-04-02T15:27:16","slug":"linfo-en-clair-02-04-2020","status":"publish","type":"post","link":"https:\/\/solidaires87.org\/sudpttlimousin\/2020\/04\/02\/linfo-en-clair-02-04-2020\/","title":{"rendered":"L&rsquo;info en clair 02\/04\/2020"},"content":{"rendered":"\n<p>En direct et en clair  la suite :  <\/p>\n\n\n\n<p>Bonjour \u00e0 tous \/tes <br>Les  directives du Si\u00e8ge \u00e9voluant du jour au lendemain, une nouvelle note est  sortie ce jour ( ci-dessous) . <\/p>\n\n\n\n<p><strong>\u00c0 la distri <\/strong>: Suite aux r\u00e9criminations  de La Presse, La Poste a \u00e9t\u00e9 somm\u00e9e de distribuer les journaux au moins  1 ou 2 jours de plus par semaine. Donc d\u00e8s la semaine prochaine,  distribution  le lundi ou le mardi dans un premier temps. Le si\u00e8ge  pr\u00e9conise de faire appel aux salari\u00e9s de M\u00e9diapost, puis aux int\u00e9rimaires  et enfin aux CDD. Le Limousin ne comptant que 10 agents M\u00e9diapost, il  va \u00eatre fait appel au volontariat parmi les facteurs. Pour les  volontaires : distribution de la Presse uniquement, les lundis et  mardis, puis renfort le mercredi sur les QL et repos le jeudi et  vendredi. La Direction maintien le principe de trois jours travaill\u00e9s  par semaine. Si le facteur est en repos jeudi et vendredi, appel \u00e0 CDD  ou int\u00e9rim ou tourn\u00e9e laiss\u00e9e \u00e0 d\u00e9couvert. <br><\/p>\n\n\n\n<p>Il n&rsquo;y a pas que La  Presse qui se plaint : les maires aussi demandent l&rsquo;ouverture des  bureaux. La Poste \u00e9tant tr\u00e8s ob\u00e9issante, elle va ouvrir plus de bureaux  aux guichets, notamment les bureaux Facteurs Guichetiers et visiblement  au-del\u00e0 de la semaine des prestations sociales. La Direction du Limousin  pr\u00e9voit d&rsquo;en ouvrir 12 le plus rapidement possible, au m\u00e9pris de toute  s\u00e9curit\u00e9. Alors que les Bureaux \u00ab\u00a0centre\u00a0\u00bb disposent de vitres plexiglas,  le directeur du R\u00e9seau pr\u00e9tend que ce n&rsquo;est pas un pr\u00e9requis pour  l&rsquo;ouverture des bureaux Facteurs guichetiers. Le Chs de la DR s&rsquo;est  exprim\u00e9 fortement contre cette ouverture. Nous ne saurons que demain la  liste des bureaux concern\u00e9s. Pour nous c&rsquo;est inciter les gens \u00e0 sortir,  alors que nous sommes en plein confinement et que la vague d&rsquo;\u00e9pid\u00e9mie  n&rsquo;est pas encore trop forte chez nous.  Chacun pr\u00eache pour sa paroisse.  Tout le monde laisse les bureaux fermer depuis des ann\u00e9es en acceptant   et votant toutes les fermetures et quand \u00e7a les arrange, ils crient  \u00ab\u00a0Service public ! Service public!\u00a0\u00bb Bandes d&rsquo;hypocrites, tous autant  qu&rsquo;ils sont !!<\/p>\n\n\n\n<p>Enfin  dans les prochaines semaines il est pr\u00e9vu,  mais \u00e7a change tellement vite, de retrouver un rythme de distribution \u00e0 4  jours par semaine.   <\/p>\n\n\n\n<p>Il parait que la cantine du Mas Loubier \u00e0 Limoges va r\u00e9ouvrir sous certaines conditions. Info CGT de ce matin.<\/p>\n\n\n\n<p>Enfin il y aurait un cas de suspicion \u00e0 Objat \u00e0 confirmer.<\/p>\n\n\n\n<p>Voil\u00e0, c&rsquo;est tout pour aujourd&rsquo;hui, et surtout faites-moi remonter les  infos, c&rsquo;est important en ce moment. Merci.<\/p>\n\n\n\n<p>J\u2019oubliais : Si on vous  dit que les fonctionnaires n\u2019ont pas le droit d\u2019exercer leur droit de  retrait, on vous ment ! <br><\/p>\n\n\n<a href=\"https:\/\/solidaires87.org\/sudpttlimousin\/wp-content\/uploads\/sites\/3\/2020\/04\/CP_1042020_La-Poste-renforcement-organisation-01-04.pdf\" class=\"pdfemb-viewer\" style=\"\" data-width=\"max\" data-height=\"max\"  data-toolbar=\"bottom\" data-toolbar-fixed=\"off\">CP_1042020_La-Poste-renforcement-organisation-01-04<br\/><\/a>\n<p class=\"wp-block-pdfemb-pdf-embedder-viewer\"><\/p>\n","protected":false},"excerpt":{"rendered":"<p>En direct et en clair la suite : Bonjour \u00e0 tous \/tes Les directives du Si\u00e8ge \u00e9voluant du jour au lendemain, une nouvelle note est sortie ce jour ( ci-dessous) . \u00c0 la distri : Suite aux r\u00e9criminations de La&#8230;<br \/><a class=\"read-more-button\" href=\"https:\/\/solidaires87.org\/sudpttlimousin\/2020\/04\/02\/linfo-en-clair-02-04-2020\/\">Savoir plus<\/a><\/p>\n","protected":false},"author":17,"featured_media":0,"comment_status":"open","ping_status":"open","sticky":false,"template":"","format":"standard","meta":{"footnotes":""},"categories":[3],"tags":[],"_links":{"self":[{"href":"https:\/\/solidaires87.org\/sudpttlimousin\/wp-json\/wp\/v2\/posts\/334"}],"collection":[{"href":"https:\/\/solidaires87.org\/sudpttlimousin\/wp-json\/wp\/v2\/posts"}],"about":[{"href":"https:\/\/solidaires87.org\/sudpttlimousin\/wp-json\/wp\/v2\/types\/post"}],"author":[{"embeddable":true,"href":"https:\/\/solidaires87.org\/sudpttlimousin\/wp-json\/wp\/v2\/users\/17"}],"replies":[{"embeddable":true,"href":"https:\/\/solidaires87.org\/sudpttlimousin\/wp-json\/wp\/v2\/comments?post=334"}],"version-history":[{"count":1,"href":"https:\/\/solidaires87.org\/sudpttlimousin\/wp-json\/wp\/v2\/posts\/334\/revisions"}],"predecessor-version":[{"id":336,"href":"https:\/\/solidaires87.org\/sudpttlimousin\/wp-json\/wp\/v2\/posts\/334\/revisions\/336"}],"wp:attachment":[{"href":"https:\/\/solidaires87.org\/sudpttlimousin\/wp-json\/wp\/v2\/media?parent=334"}],"wp:term":[{"taxonomy":"category","embeddable":true,"href":"https:\/\/solidaires87.org\/sudpttlimousin\/wp-json\/wp\/v2\/categories?post=334"},{"taxonomy":"post_tag","embeddable":true,"href":"https:\/\/solidaires87.org\/sudpttlimousin\/wp-json\/wp\/v2\/tags?post=334"}],"curies":[{"name":"wp","href":"https:\/\/api.w.org\/{rel}","templated":true}]}}