{"id":315,"date":"2020-03-20T17:16:35","date_gmt":"2020-03-20T16:16:35","guid":{"rendered":"http:\/\/solidaires87.org\/sudpttlimousin\/?p=315"},"modified":"2020-03-26T19:05:33","modified_gmt":"2020-03-26T18:05:33","slug":"linfo-en-clair-20-03-2020","status":"publish","type":"post","link":"https:\/\/solidaires87.org\/sudpttlimousin\/2020\/03\/20\/linfo-en-clair-20-03-2020\/","title":{"rendered":"L&rsquo;info en clair 20\/03\/2020"},"content":{"rendered":"\n<p><em>Sud Ptt Limousin -Canal + m\u00eame combat ! La cha\u00eene crypt\u00e9e ayant d\u00e9cid\u00e9 de diffuser en clair, nous avons pens\u00e9 qu&rsquo;il serait bien que nous aussi, nous diffusions les infos que nous faisons parvenir r\u00e9guli\u00e8rement \u00e0 nos adh\u00e9rents. Pas tout mais presque, afin que dans la situation actuelle o\u00f9 les tracts syndicaux ne parviennent plus dans les services le maximum de postiers aient des nouvelles, m\u00eame br\u00e8ves bonne lecture. <\/em><\/p>\n\n\n\n<p>&nbsp;Bonjour tout le monde.&nbsp; \u00c7a va comme         vous voulez ?<\/p>\n\n\n\n<p class=\"has-text-align-left\"><strong>Vous \u00eates tous\/tes au courant que  demain c&rsquo;est f\u00e9ri\u00e9 \u00e0&nbsp; La Poste<\/strong> ?&nbsp; C&rsquo;est comme \u00e7a que c&rsquo;est pr\u00e9sent\u00e9. A noter sur vos agendas pour l&rsquo;ann\u00e9e prochaine&#8230;.<br>       <\/p>\n\n\n\n<p>Voici un petit point sur la situation. Je ne vais pas vous \u00e9num\u00e9rer tous les bureaux, ou centres Courrier, ou Pics qui sont touch\u00e9s par le Corona, \u00e7a         serait beaucoup trop long malheureusement ;&nbsp; si vous me le demandez je vous ferai une liste. <br> <\/p>\n\n\n\n<p>Sachez cependant que les postiers  dans leur ensemble sont de plus en plus contamin\u00e9s depuis le d\u00e9but de la semaine, ce qui entra\u00eene beaucoup de fermetures ou de mise en quarantaine. <br>       <\/p>\n\n\n\n<p>Pour l&rsquo;instant, mais \u00e7a ne va pas durer, le Limousin n&rsquo;est pas impact\u00e9 ou du moins c&rsquo;est ce qu&rsquo;on nous dit.. Il y a eu juste un cas de suspicion \u00e0 Limoges         Brant\u00f4me au Courrier. Un \u00e0 Aixe sur Vienne, mais on attend la confirmation. <br>       <\/p>\n\n\n\n<p>Pour le reste, <strong>Au Courrier<\/strong> nous avons une conf\u00e9rence t\u00e9l\u00e9phon\u00e9e tous les matins avec le  Directeur pour faire le point. Selon lui tout est mis en place         pour que les facteurs travaillent dans des conditions de  s\u00e9curit\u00e9 maximale. N&rsquo;h\u00e9sitez pas \u00e0 demander des masques, il y en  a, m\u00eame si ce n&rsquo;est pas agr\u00e9able \u00e0 porter. La Poste dit que ce  n&rsquo;est pas essentiel, mais le discours des m\u00e9decins est tout autre. Faites nous remonter comment \u00e7a se passe dans vos bureaux, c&rsquo;est important pour que nous puissions intervenir.         Nous n&rsquo;avons pas le droit de circuler en tant que repr\u00e9sentants syndicaux, malgr\u00e9 toutes nos demandes.&nbsp; Des organisations de travail 1\/2 jours se mettent en place avec des variantes selon les sites. Il y a des priorit\u00e9s au niveau de la distri, : Les LR, la presse, et le courrier prioritaire ainsi que colis et PPI, Tout le reste doit \u00eatre \u00e9cart\u00e9. ou trait\u00e9 en dernier lieu. Il y a eu deux centres qui ont fait valoir leur droit de retrait cette semaine au moins une journ\u00e9e. La plupart des agents concern\u00e9s ont repris le travail, suite aux pressions de la direction. Seuls 1 ou 2 agents ( des Sud !!) sont encore en         retrait;<\/p>\n\n\n\n<p><strong>Au centre Financier<\/strong> (centre des paiements) des am\u00e9nagements d&rsquo;horaires ont eu lieu, ainsi que des am\u00e9nagements d&rsquo;espace et de temps de travail. Ils         travaillent 1\/2 semaines \u00e0 demi-effectif avec samedi libre. Ils ont tout le mat\u00e9riel de s\u00e9curit\u00e9, sauf les masques. On leur parle de r\u00e9quisition possible. A mon avis il s&rsquo;agit plut\u00f4t de \u00ab\u00a0d\u00e9signation\u00a0\u00bb, mais cela ne veut pas dire que tout le boulot doit \u00eatre effectu\u00e9. Il faut un listing des t\u00e2ches essentielles.         <br>       <\/p>\n\n\n\n<p><strong>A l&rsquo;Enseigne tout va bien<\/strong>&#8230;  On parle de faire venir la Police ou les Gendarmes lors des prestations sociales, pour assurer la s\u00e9curit\u00e9. C&rsquo;est en         discussion. On devrait savoir enfin demain, quelles op\u00e9rations on doit faire. il y aurait 3 \u00ab\u00a0offres\u00a0\u00bb. Il est vrai que c&rsquo;est le bordel, chaque bureau faisant comme il veut. Quand on dit non \u00e0 un client dans un bureau, il va voir le voisin o\u00f9 on lui fait l&rsquo;op\u00e9ration. \u00e7a cr\u00e9e des incivilit\u00e9s.&nbsp; Sinon travail par roulement sur les bureaux ouverts. Masques gel, lingettes, limites de         s\u00e9curit\u00e9 au sol, sont pr\u00e9sentes&nbsp; \u00e0 priori dans tous les bureaux. Mais comme on ne peut se d\u00e9placer on ne peut pas v\u00e9rifier.&nbsp; Ce matin lors du CHS-CT extra-ordinaire, j&rsquo;ai os\u00e9 demand\u00e9 s&rsquo;il y avait des cas av\u00e9r\u00e9s ou des suspicions : il y a eu un grand blanc d&rsquo;une bonne dizaine de secondes c&rsquo;\u00e9tait impressionnant, puis ils se sont tous refil\u00e9s le b\u00e9b\u00e9, DRH, m\u00e9decins de         pr\u00e9vention et autres responsables; <strong>Finalement ils ne savent  pas<\/strong> !!!! Quand je vous dis que tout va bien !<br>       <\/p>\n\n\n\n<p><strong>&nbsp;Au niveau national<\/strong> : les f\u00e9d\u00e9rations syndicales demandent toujours la fermeture totale des bureaux et des centre courrier, avec service minimum pour les retraits et les prestations ou la livraison de m\u00e9dicaments         urgents. La Poste refuse toujours, arguant de nos missions de service public. Combien de temps va t-elle tenir devant la pression et la contamination?        <\/p>\n\n\n\n<p>Reposez vous bien. <br> Jo\u00ebl <\/p>\n","protected":false},"excerpt":{"rendered":"<p>Sud Ptt Limousin -Canal + m\u00eame combat ! La cha\u00eene crypt\u00e9e ayant d\u00e9cid\u00e9 de diffuser en clair, nous avons pens\u00e9 qu&rsquo;il serait bien que nous aussi, nous diffusions les infos que nous faisons parvenir r\u00e9guli\u00e8rement \u00e0 nos adh\u00e9rents. Pas tout&#8230;<br \/><a class=\"read-more-button\" href=\"https:\/\/solidaires87.org\/sudpttlimousin\/2020\/03\/20\/linfo-en-clair-20-03-2020\/\">Savoir plus<\/a><\/p>\n","protected":false},"author":6,"featured_media":0,"comment_status":"open","ping_status":"open","sticky":false,"template":"","format":"standard","meta":{"footnotes":""},"categories":[3,9,8,7],"tags":[],"_links":{"self":[{"href":"https:\/\/solidaires87.org\/sudpttlimousin\/wp-json\/wp\/v2\/posts\/315"}],"collection":[{"href":"https:\/\/solidaires87.org\/sudpttlimousin\/wp-json\/wp\/v2\/posts"}],"about":[{"href":"https:\/\/solidaires87.org\/sudpttlimousin\/wp-json\/wp\/v2\/types\/post"}],"author":[{"embeddable":true,"href":"https:\/\/solidaires87.org\/sudpttlimousin\/wp-json\/wp\/v2\/users\/6"}],"replies":[{"embeddable":true,"href":"https:\/\/solidaires87.org\/sudpttlimousin\/wp-json\/wp\/v2\/comments?post=315"}],"version-history":[{"count":2,"href":"https:\/\/solidaires87.org\/sudpttlimousin\/wp-json\/wp\/v2\/posts\/315\/revisions"}],"predecessor-version":[{"id":326,"href":"https:\/\/solidaires87.org\/sudpttlimousin\/wp-json\/wp\/v2\/posts\/315\/revisions\/326"}],"wp:attachment":[{"href":"https:\/\/solidaires87.org\/sudpttlimousin\/wp-json\/wp\/v2\/media?parent=315"}],"wp:term":[{"taxonomy":"category","embeddable":true,"href":"https:\/\/solidaires87.org\/sudpttlimousin\/wp-json\/wp\/v2\/categories?post=315"},{"taxonomy":"post_tag","embeddable":true,"href":"https:\/\/solidaires87.org\/sudpttlimousin\/wp-json\/wp\/v2\/tags?post=315"}],"curies":[{"name":"wp","href":"https:\/\/api.w.org\/{rel}","templated":true}]}}