{"id":289,"date":"2019-08-23T13:36:10","date_gmt":"2019-08-23T12:36:10","guid":{"rendered":"http:\/\/solidaires87.org\/sudpttlimousin\/?p=289"},"modified":"2019-08-23T13:36:12","modified_gmt":"2019-08-23T12:36:12","slug":"greve-tulle-retour-sur-cinq-semaines-de-greve","status":"publish","type":"post","link":"https:\/\/solidaires87.org\/sudpttlimousin\/2019\/08\/23\/greve-tulle-retour-sur-cinq-semaines-de-greve\/","title":{"rendered":"[Gr\u00e8ve Tulle] Retour sur cinq semaines de gr\u00e8ve"},"content":{"rendered":"\n<p>Beaucoup d\u2019entre vous \u00e9taient sans doute en cong\u00e9s en juillet et n\u2019ont pas \u00e9t\u00e9 forc\u00e9ment inform\u00e9s de  ce qui se passait \u00e0 Tulle pendant ce temps. Retour sur ces cinq semaines qui ont marqu\u00e9 l\u2019histoire du centre.<\/p>\n\n\n<a href=\"https:\/\/solidaires87.org\/sudpttlimousin\/wp-content\/uploads\/sites\/3\/2019\/08\/Tulle-tract-BILAN.pdf\" class=\"pdfemb-viewer\" style=\"\" data-width=\"max\" data-height=\"max\"  data-toolbar=\"bottom\" data-toolbar-fixed=\"off\">Tulle-tract-BILAN<br\/><\/a>\n<p class=\"wp-block-pdfemb-pdf-embedder-viewer\"><\/p>\n","protected":false},"excerpt":{"rendered":"<p>Beaucoup d\u2019entre vous \u00e9taient sans doute en cong\u00e9s en juillet et n\u2019ont pas \u00e9t\u00e9 forc\u00e9ment inform\u00e9s de ce qui se passait \u00e0 Tulle pendant ce temps. Retour sur ces cinq semaines qui ont marqu\u00e9 l\u2019histoire du centre.<\/p>\n","protected":false},"author":6,"featured_media":0,"comment_status":"open","ping_status":"open","sticky":false,"template":"","format":"standard","meta":{"footnotes":""},"categories":[3,8],"tags":[],"_links":{"self":[{"href":"https:\/\/solidaires87.org\/sudpttlimousin\/wp-json\/wp\/v2\/posts\/289"}],"collection":[{"href":"https:\/\/solidaires87.org\/sudpttlimousin\/wp-json\/wp\/v2\/posts"}],"about":[{"href":"https:\/\/solidaires87.org\/sudpttlimousin\/wp-json\/wp\/v2\/types\/post"}],"author":[{"embeddable":true,"href":"https:\/\/solidaires87.org\/sudpttlimousin\/wp-json\/wp\/v2\/users\/6"}],"replies":[{"embeddable":true,"href":"https:\/\/solidaires87.org\/sudpttlimousin\/wp-json\/wp\/v2\/comments?post=289"}],"version-history":[{"count":1,"href":"https:\/\/solidaires87.org\/sudpttlimousin\/wp-json\/wp\/v2\/posts\/289\/revisions"}],"predecessor-version":[{"id":291,"href":"https:\/\/solidaires87.org\/sudpttlimousin\/wp-json\/wp\/v2\/posts\/289\/revisions\/291"}],"wp:attachment":[{"href":"https:\/\/solidaires87.org\/sudpttlimousin\/wp-json\/wp\/v2\/media?parent=289"}],"wp:term":[{"taxonomy":"category","embeddable":true,"href":"https:\/\/solidaires87.org\/sudpttlimousin\/wp-json\/wp\/v2\/categories?post=289"},{"taxonomy":"post_tag","embeddable":true,"href":"https:\/\/solidaires87.org\/sudpttlimousin\/wp-json\/wp\/v2\/tags?post=289"}],"curies":[{"name":"wp","href":"https:\/\/api.w.org\/{rel}","templated":true}]}}