{"id":280,"date":"2019-07-31T17:45:50","date_gmt":"2019-07-31T16:45:50","guid":{"rendered":"http:\/\/solidaires87.org\/sudpttlimousin\/?p=280"},"modified":"2019-07-31T18:02:06","modified_gmt":"2019-07-31T17:02:06","slug":"greve-des-factrices-et-facteurs-de-tulle","status":"publish","type":"post","link":"https:\/\/solidaires87.org\/sudpttlimousin\/2019\/07\/31\/greve-des-factrices-et-facteurs-de-tulle\/","title":{"rendered":"[Gr\u00e8ve Tulle] Reportage sur France 3 Limousin"},"content":{"rendered":"\n<p>Reportage de France 3 Limousin le 30\/07\/2019 sur la lutte des factrices et facteurs de Tulle.<\/p>\n\n\n\n<figure class=\"wp-block-embed-youtube wp-block-embed is-type-video is-provider-youtube wp-embed-aspect-16-9 wp-has-aspect-ratio\"><div class=\"wp-block-embed__wrapper\">\n<iframe loading=\"lazy\" title=\"Gr\u00e8ve de Tulle - Semaine 5\" width=\"1130\" height=\"636\" src=\"https:\/\/www.youtube.com\/embed\/GWYvzb9kOQo?feature=oembed\" frameborder=\"0\" allow=\"accelerometer; autoplay; encrypted-media; gyroscope; picture-in-picture\" allowfullscreen><\/iframe>\n<\/div><\/figure>\n\n\n\n<p>Pour soutenir les gr\u00e9vistes, vous pouvez abonder la caisse de gr\u00e8ve en envoyant un ch\u00e8que \u00e0 l&rsquo;ordre de SUD PTT Limousin avec la mention \u00ab\u00a0Solidarit\u00e9 facteurs Tulle\u00a0\u00bb au dos et \u00e0 l&rsquo;adresse suivante :<br>SUD PTT Limousin<br>19 Avenue du G\u00e9n\u00e9ral Leclerc<br>87000 Limoges<\/p>\n","protected":false},"excerpt":{"rendered":"<p>Reportage de France 3 Limousin le 30\/07\/2019 sur la lutte des factrices et facteurs de Tulle. Pour soutenir les gr\u00e9vistes, vous pouvez abonder la caisse de gr\u00e8ve en envoyant un ch\u00e8que \u00e0 l&rsquo;ordre de SUD PTT Limousin avec la mention&#8230;<br \/><a class=\"read-more-button\" href=\"https:\/\/solidaires87.org\/sudpttlimousin\/2019\/07\/31\/greve-des-factrices-et-facteurs-de-tulle\/\">Savoir plus<\/a><\/p>\n","protected":false},"author":6,"featured_media":0,"comment_status":"open","ping_status":"open","sticky":false,"template":"","format":"standard","meta":{"footnotes":""},"categories":[3,8],"tags":[],"_links":{"self":[{"href":"https:\/\/solidaires87.org\/sudpttlimousin\/wp-json\/wp\/v2\/posts\/280"}],"collection":[{"href":"https:\/\/solidaires87.org\/sudpttlimousin\/wp-json\/wp\/v2\/posts"}],"about":[{"href":"https:\/\/solidaires87.org\/sudpttlimousin\/wp-json\/wp\/v2\/types\/post"}],"author":[{"embeddable":true,"href":"https:\/\/solidaires87.org\/sudpttlimousin\/wp-json\/wp\/v2\/users\/6"}],"replies":[{"embeddable":true,"href":"https:\/\/solidaires87.org\/sudpttlimousin\/wp-json\/wp\/v2\/comments?post=280"}],"version-history":[{"count":2,"href":"https:\/\/solidaires87.org\/sudpttlimousin\/wp-json\/wp\/v2\/posts\/280\/revisions"}],"predecessor-version":[{"id":287,"href":"https:\/\/solidaires87.org\/sudpttlimousin\/wp-json\/wp\/v2\/posts\/280\/revisions\/287"}],"wp:attachment":[{"href":"https:\/\/solidaires87.org\/sudpttlimousin\/wp-json\/wp\/v2\/media?parent=280"}],"wp:term":[{"taxonomy":"category","embeddable":true,"href":"https:\/\/solidaires87.org\/sudpttlimousin\/wp-json\/wp\/v2\/categories?post=280"},{"taxonomy":"post_tag","embeddable":true,"href":"https:\/\/solidaires87.org\/sudpttlimousin\/wp-json\/wp\/v2\/tags?post=280"}],"curies":[{"name":"wp","href":"https:\/\/api.w.org\/{rel}","templated":true}]}}