{"id":277,"date":"2019-07-18T11:54:38","date_gmt":"2019-07-18T10:54:38","guid":{"rendered":"http:\/\/solidaires87.org\/sudpttlimousin\/?p=277"},"modified":"2019-07-31T17:59:47","modified_gmt":"2019-07-31T16:59:47","slug":"greve-des-facteur-rices-de-tulle-2","status":"publish","type":"post","link":"https:\/\/solidaires87.org\/sudpttlimousin\/2019\/07\/18\/greve-des-facteur-rices-de-tulle-2\/","title":{"rendered":"[Gr\u00e8ve Tulle] Communiqu\u00e9 de presse"},"content":{"rendered":"\n<p>Communiqu\u00e9 de presse de l&rsquo;intersyndicale SUD PTT Limousin et CGT FAPT 19 le 18\/07\/2019<\/p>\n\n\n\n<p>Les\nagents du centre Courrier de Tulle sont aujourd\u2019hui en gr\u00e8ve\ndepuis pr\u00e8s de  3 semaines. Ils d\u00e9noncent une productivit\u00e9 trop\nimportante, 8 tourn\u00e9es de titulaires supprim\u00e9es.<\/p>\n\n\n\n<p>La\nPoste propose 3 renforts (autrement dit \u00ab&nbsp;rempla\u00e7ants&nbsp;\u00bb)\n suppl\u00e9mentaires avant la mise en place de cette organisation. C\u2019est\nbien qu\u2019elle est consciente que son projet d\u2019organisation ne\nfonctionnera pas.<\/p>\n\n\n\n<p>Pourtant\ncette&nbsp;\u00ab&nbsp;avanc\u00e9e&nbsp;\u00bb ne correspond pas aux demandes\ndes agents&nbsp;: ils accepteraient volontiers 3 emplois\nsuppl\u00e9mentaires, <strong>mais,\n3 emplois sur des tourn\u00e9es de titulaires<\/strong>.\nEn plus d\u2019am\u00e9liorer la qualit\u00e9 du service public et les\nconditions de travail des facteurs, cette proposition limiterait la\nsuppression du nombre de tourn\u00e9es.<\/p>\n\n\n\n<p>L\u2019entrevue\n entre le Si\u00e8ge de La Poste et  Monsieur Combes, maire de Tulle, la\nsemaine derni\u00e8re, allait dans ce sens. L\u2019impasse dans laquelle\nnous nous trouvons est incompr\u00e9hensible, la direction locale\nsemblant faire fi des promesses du Si\u00e8ge.<\/p>\n\n\n\n<p>A\nce jour, les propositions de la Poste ne r\u00e9pondent pas aux demandes\ndes factrices et des facteurs qui restent dans l\u2019attente d\u2019une\nr\u00e9elle n\u00e9gociation, et esp\u00e8rent reprendre le travail au plus vite,\nleurs tenues de postiers sont dans les voitures.<\/p>\n\n\n\n<p>Les\nfacteurs ne sont pas responsables de la fermeture totale du Centre\nCourrier l\u2019apr\u00e8s-midi qui emp\u00eache les usagers de venir chercher\nleur courrier, et qui supprime les \u00ab&nbsp;collectes entreprises&nbsp;\u00bb.<\/p>\n","protected":false},"excerpt":{"rendered":"<p>Communiqu\u00e9 de presse de l&rsquo;intersyndicale SUD PTT Limousin et CGT FAPT 19 le 18\/07\/2019 Les agents du centre Courrier de Tulle sont aujourd\u2019hui en gr\u00e8ve depuis pr\u00e8s de 3 semaines. Ils d\u00e9noncent une productivit\u00e9 trop importante, 8 tourn\u00e9es de titulaires&#8230;<br \/><a class=\"read-more-button\" href=\"https:\/\/solidaires87.org\/sudpttlimousin\/2019\/07\/18\/greve-des-facteur-rices-de-tulle-2\/\">Savoir plus<\/a><\/p>\n","protected":false},"author":6,"featured_media":0,"comment_status":"open","ping_status":"open","sticky":false,"template":"","format":"standard","meta":{"footnotes":""},"categories":[3,8],"tags":[],"_links":{"self":[{"href":"https:\/\/solidaires87.org\/sudpttlimousin\/wp-json\/wp\/v2\/posts\/277"}],"collection":[{"href":"https:\/\/solidaires87.org\/sudpttlimousin\/wp-json\/wp\/v2\/posts"}],"about":[{"href":"https:\/\/solidaires87.org\/sudpttlimousin\/wp-json\/wp\/v2\/types\/post"}],"author":[{"embeddable":true,"href":"https:\/\/solidaires87.org\/sudpttlimousin\/wp-json\/wp\/v2\/users\/6"}],"replies":[{"embeddable":true,"href":"https:\/\/solidaires87.org\/sudpttlimousin\/wp-json\/wp\/v2\/comments?post=277"}],"version-history":[{"count":2,"href":"https:\/\/solidaires87.org\/sudpttlimousin\/wp-json\/wp\/v2\/posts\/277\/revisions"}],"predecessor-version":[{"id":285,"href":"https:\/\/solidaires87.org\/sudpttlimousin\/wp-json\/wp\/v2\/posts\/277\/revisions\/285"}],"wp:attachment":[{"href":"https:\/\/solidaires87.org\/sudpttlimousin\/wp-json\/wp\/v2\/media?parent=277"}],"wp:term":[{"taxonomy":"category","embeddable":true,"href":"https:\/\/solidaires87.org\/sudpttlimousin\/wp-json\/wp\/v2\/categories?post=277"},{"taxonomy":"post_tag","embeddable":true,"href":"https:\/\/solidaires87.org\/sudpttlimousin\/wp-json\/wp\/v2\/tags?post=277"}],"curies":[{"name":"wp","href":"https:\/\/api.w.org\/{rel}","templated":true}]}}