{"id":274,"date":"2019-07-24T11:54:12","date_gmt":"2019-07-24T10:54:12","guid":{"rendered":"http:\/\/solidaires87.org\/sudpttlimousin\/?p=274"},"modified":"2019-07-31T18:00:52","modified_gmt":"2019-07-31T17:00:52","slug":"greve-des-factrice-eurs-de-tulle","status":"publish","type":"post","link":"https:\/\/solidaires87.org\/sudpttlimousin\/2019\/07\/24\/greve-des-factrice-eurs-de-tulle\/","title":{"rendered":"[Gr\u00e8ve Tulle] 4\u00e8me semaine de gr\u00e8ve !"},"content":{"rendered":"\n<p>Tract du 23\/07\/2019<\/p>\n\n\n<a href=\"https:\/\/solidaires87.org\/sudpttlimousin\/wp-content\/uploads\/sites\/3\/2019\/07\/20190723_tractTulle.pdf\" class=\"pdfemb-viewer\" style=\"\" data-width=\"max\" data-height=\"max\"  data-toolbar=\"bottom\" data-toolbar-fixed=\"off\">20190723_tractTulle<br\/><\/a>\n<p class=\"wp-block-pdfemb-pdf-embedder-viewer\"><\/p>\n","protected":false},"excerpt":{"rendered":"<p>Tract du 23\/07\/2019<\/p>\n","protected":false},"author":17,"featured_media":0,"comment_status":"open","ping_status":"open","sticky":false,"template":"","format":"standard","meta":{"footnotes":""},"categories":[3,8],"tags":[],"_links":{"self":[{"href":"https:\/\/solidaires87.org\/sudpttlimousin\/wp-json\/wp\/v2\/posts\/274"}],"collection":[{"href":"https:\/\/solidaires87.org\/sudpttlimousin\/wp-json\/wp\/v2\/posts"}],"about":[{"href":"https:\/\/solidaires87.org\/sudpttlimousin\/wp-json\/wp\/v2\/types\/post"}],"author":[{"embeddable":true,"href":"https:\/\/solidaires87.org\/sudpttlimousin\/wp-json\/wp\/v2\/users\/17"}],"replies":[{"embeddable":true,"href":"https:\/\/solidaires87.org\/sudpttlimousin\/wp-json\/wp\/v2\/comments?post=274"}],"version-history":[{"count":2,"href":"https:\/\/solidaires87.org\/sudpttlimousin\/wp-json\/wp\/v2\/posts\/274\/revisions"}],"predecessor-version":[{"id":286,"href":"https:\/\/solidaires87.org\/sudpttlimousin\/wp-json\/wp\/v2\/posts\/274\/revisions\/286"}],"wp:attachment":[{"href":"https:\/\/solidaires87.org\/sudpttlimousin\/wp-json\/wp\/v2\/media?parent=274"}],"wp:term":[{"taxonomy":"category","embeddable":true,"href":"https:\/\/solidaires87.org\/sudpttlimousin\/wp-json\/wp\/v2\/categories?post=274"},{"taxonomy":"post_tag","embeddable":true,"href":"https:\/\/solidaires87.org\/sudpttlimousin\/wp-json\/wp\/v2\/tags?post=274"}],"curies":[{"name":"wp","href":"https:\/\/api.w.org\/{rel}","templated":true}]}}