{"id":270,"date":"2019-07-13T12:32:01","date_gmt":"2019-07-13T11:32:01","guid":{"rendered":"http:\/\/solidaires87.org\/sudpttlimousin\/?p=270"},"modified":"2019-07-31T17:59:12","modified_gmt":"2019-07-31T16:59:12","slug":"greve-des-facteur-rices-de-tulle","status":"publish","type":"post","link":"https:\/\/solidaires87.org\/sudpttlimousin\/2019\/07\/13\/greve-des-facteur-rices-de-tulle\/","title":{"rendered":"[Gr\u00e8ve Tulle] Pr\u00e9avis de gr\u00e8ve d\u00e9partementale"},"content":{"rendered":"\n<p><\/p>\n\n\n<a href=\"https:\/\/solidaires87.org\/sudpttlimousin\/wp-content\/uploads\/sites\/3\/2019\/07\/Tulle-16-07.pdf\" class=\"pdfemb-viewer\" style=\"\" data-width=\"max\" data-height=\"max\"  data-toolbar=\"bottom\" data-toolbar-fixed=\"off\">Tulle-16-07<br\/><\/a>\n<p class=\"wp-block-pdfemb-pdf-embedder-viewer\"><\/p>\n","protected":false},"excerpt":{"rendered":"","protected":false},"author":6,"featured_media":0,"comment_status":"open","ping_status":"open","sticky":false,"template":"","format":"standard","meta":{"footnotes":""},"categories":[3,8],"tags":[],"_links":{"self":[{"href":"https:\/\/solidaires87.org\/sudpttlimousin\/wp-json\/wp\/v2\/posts\/270"}],"collection":[{"href":"https:\/\/solidaires87.org\/sudpttlimousin\/wp-json\/wp\/v2\/posts"}],"about":[{"href":"https:\/\/solidaires87.org\/sudpttlimousin\/wp-json\/wp\/v2\/types\/post"}],"author":[{"embeddable":true,"href":"https:\/\/solidaires87.org\/sudpttlimousin\/wp-json\/wp\/v2\/users\/6"}],"replies":[{"embeddable":true,"href":"https:\/\/solidaires87.org\/sudpttlimousin\/wp-json\/wp\/v2\/comments?post=270"}],"version-history":[{"count":4,"href":"https:\/\/solidaires87.org\/sudpttlimousin\/wp-json\/wp\/v2\/posts\/270\/revisions"}],"predecessor-version":[{"id":284,"href":"https:\/\/solidaires87.org\/sudpttlimousin\/wp-json\/wp\/v2\/posts\/270\/revisions\/284"}],"wp:attachment":[{"href":"https:\/\/solidaires87.org\/sudpttlimousin\/wp-json\/wp\/v2\/media?parent=270"}],"wp:term":[{"taxonomy":"category","embeddable":true,"href":"https:\/\/solidaires87.org\/sudpttlimousin\/wp-json\/wp\/v2\/categories?post=270"},{"taxonomy":"post_tag","embeddable":true,"href":"https:\/\/solidaires87.org\/sudpttlimousin\/wp-json\/wp\/v2\/tags?post=270"}],"curies":[{"name":"wp","href":"https:\/\/api.w.org\/{rel}","templated":true}]}}