{"id":178,"date":"2016-11-25T16:15:01","date_gmt":"2016-11-25T15:15:01","guid":{"rendered":"http:\/\/solidaires87.org\/sudpttlimousin\/?p=178"},"modified":"2016-11-25T16:15:01","modified_gmt":"2016-11-25T15:15:01","slug":"greve-le-8-decembre","status":"publish","type":"post","link":"https:\/\/solidaires87.org\/sudpttlimousin\/2016\/11\/25\/greve-le-8-decembre\/","title":{"rendered":"Gr\u00e8ve le 8 d\u00e9cembre"},"content":{"rendered":"<h2>Communiqu\u00e9 des f\u00e9d\u00e9rations CGT FAPT, SUD PTT, UNSA Postes<\/h2>\n<blockquote><p>La crise sociale \u00e0 La Poste est une r\u00e9alit\u00e9 qui ne peut aujourd\u2019hui \u00eatre ignor\u00e9e. En t\u00e9moigne la r\u00e9cente m\u00e9diatisation des conflits qui se d\u00e9veloppent partout sur le territoire.<br class=\"autobr\" \/> Le Si\u00e8ge, les directions de La Poste persistent et signent dans leur insupportable attitude de d\u00e9ni.<\/p>\n<p>[<a href=\"http:\/\/www.sudptt.org\/spip.php?article102782\">Lire la suite du communiqu\u00e9<\/a>]<\/p><\/blockquote>\n<h3><strong>Tous les services en gr\u00e8ve le 8 d\u00e9cembre<\/strong><a href=\"http:\/\/www.sudptt.org\/IMG\/pdf\/tractappel8dec.pdf\"><img loading=\"lazy\" decoding=\"async\" class=\"aligncenter size-medium wp-image-179\" src=\"http:\/\/solidaires87.org\/sudpttlimousin\/wp-content\/uploads\/sites\/3\/2016\/11\/tractappel8dec-212x300.jpg\" alt=\"tractappel8dec\" width=\"212\" height=\"300\" srcset=\"https:\/\/solidaires87.org\/sudpttlimousin\/wp-content\/uploads\/sites\/3\/2016\/11\/tractappel8dec-212x300.jpg 212w, https:\/\/solidaires87.org\/sudpttlimousin\/wp-content\/uploads\/sites\/3\/2016\/11\/tractappel8dec-768x1087.jpg 768w, https:\/\/solidaires87.org\/sudpttlimousin\/wp-content\/uploads\/sites\/3\/2016\/11\/tractappel8dec-724x1024.jpg 724w, https:\/\/solidaires87.org\/sudpttlimousin\/wp-content\/uploads\/sites\/3\/2016\/11\/tractappel8dec-600x849.jpg 600w, https:\/\/solidaires87.org\/sudpttlimousin\/wp-content\/uploads\/sites\/3\/2016\/11\/tractappel8dec.jpg 826w\" sizes=\"(max-width: 212px) 100vw, 212px\" \/><\/a><\/h3>\n<h3><strong>A la distribution, gr\u00e8ve le 8 d\u00e9cembre<\/strong><\/h3>\n<p><a href=\"http:\/\/www.sudptt.org\/IMG\/pdf\/lptractple_nie_re21nov.pdf\"><img loading=\"lazy\" decoding=\"async\" class=\"aligncenter size-medium wp-image-180\" src=\"http:\/\/solidaires87.org\/sudpttlimousin\/wp-content\/uploads\/sites\/3\/2016\/11\/lptractple_nie_re21nov-212x300.jpg\" alt=\"lptractple_nie_re21nov\" width=\"212\" height=\"300\" srcset=\"https:\/\/solidaires87.org\/sudpttlimousin\/wp-content\/uploads\/sites\/3\/2016\/11\/lptractple_nie_re21nov-212x300.jpg 212w, https:\/\/solidaires87.org\/sudpttlimousin\/wp-content\/uploads\/sites\/3\/2016\/11\/lptractple_nie_re21nov-768x1087.jpg 768w, https:\/\/solidaires87.org\/sudpttlimousin\/wp-content\/uploads\/sites\/3\/2016\/11\/lptractple_nie_re21nov-724x1024.jpg 724w, https:\/\/solidaires87.org\/sudpttlimousin\/wp-content\/uploads\/sites\/3\/2016\/11\/lptractple_nie_re21nov-600x849.jpg 600w, https:\/\/solidaires87.org\/sudpttlimousin\/wp-content\/uploads\/sites\/3\/2016\/11\/lptractple_nie_re21nov.jpg 826w\" sizes=\"(max-width: 212px) 100vw, 212px\" \/><\/a><em>[<a href=\"http:\/\/www.sudptt.org\/spip.php?article102782\">source<\/a>]<\/em><\/p>\n<p>&nbsp;<\/p>\n","protected":false},"excerpt":{"rendered":"<p>Communiqu\u00e9 des f\u00e9d\u00e9rations CGT FAPT, SUD PTT, UNSA Postes La crise sociale \u00e0 La Poste est une r\u00e9alit\u00e9 qui ne peut aujourd\u2019hui \u00eatre ignor\u00e9e. En t\u00e9moigne la r\u00e9cente m\u00e9diatisation des conflits qui se d\u00e9veloppent partout sur le territoire. Le Si\u00e8ge,&#8230;<br \/><a class=\"read-more-button\" href=\"https:\/\/solidaires87.org\/sudpttlimousin\/2016\/11\/25\/greve-le-8-decembre\/\">Savoir plus<\/a><\/p>\n","protected":false},"author":6,"featured_media":0,"comment_status":"open","ping_status":"open","sticky":false,"template":"","format":"standard","meta":{"footnotes":""},"categories":[3,6,9,8,7],"tags":[],"_links":{"self":[{"href":"https:\/\/solidaires87.org\/sudpttlimousin\/wp-json\/wp\/v2\/posts\/178"}],"collection":[{"href":"https:\/\/solidaires87.org\/sudpttlimousin\/wp-json\/wp\/v2\/posts"}],"about":[{"href":"https:\/\/solidaires87.org\/sudpttlimousin\/wp-json\/wp\/v2\/types\/post"}],"author":[{"embeddable":true,"href":"https:\/\/solidaires87.org\/sudpttlimousin\/wp-json\/wp\/v2\/users\/6"}],"replies":[{"embeddable":true,"href":"https:\/\/solidaires87.org\/sudpttlimousin\/wp-json\/wp\/v2\/comments?post=178"}],"version-history":[{"count":1,"href":"https:\/\/solidaires87.org\/sudpttlimousin\/wp-json\/wp\/v2\/posts\/178\/revisions"}],"predecessor-version":[{"id":181,"href":"https:\/\/solidaires87.org\/sudpttlimousin\/wp-json\/wp\/v2\/posts\/178\/revisions\/181"}],"wp:attachment":[{"href":"https:\/\/solidaires87.org\/sudpttlimousin\/wp-json\/wp\/v2\/media?parent=178"}],"wp:term":[{"taxonomy":"category","embeddable":true,"href":"https:\/\/solidaires87.org\/sudpttlimousin\/wp-json\/wp\/v2\/categories?post=178"},{"taxonomy":"post_tag","embeddable":true,"href":"https:\/\/solidaires87.org\/sudpttlimousin\/wp-json\/wp\/v2\/tags?post=178"}],"curies":[{"name":"wp","href":"https:\/\/api.w.org\/{rel}","templated":true}]}}