{"id":869,"date":"2018-04-26T11:58:36","date_gmt":"2018-04-26T10:58:36","guid":{"rendered":"http:\/\/solidaires87.org\/sudeduclimousin\/?p=869"},"modified":"2018-04-26T11:58:36","modified_gmt":"2018-04-26T10:58:36","slug":"toutes-et-tous-ensemble-dans-laction-le-3-mai-de-la-maternelle-a-luniversite","status":"publish","type":"post","link":"https:\/\/solidaires87.org\/sudeduclimousin\/2018\/04\/26\/toutes-et-tous-ensemble-dans-laction-le-3-mai-de-la-maternelle-a-luniversite\/","title":{"rendered":"Toutes et tous ensemble dans l\u2019action le 3 mai, de la maternelle \u00e0 l\u2019universit\u00e9"},"content":{"rendered":"<div class=\"soustitre\"><i><b>Tract d\u2019appel \u00e0 la gr\u00e8ve du 3 mai<\/b><\/i><\/div>\n<div class=\"detail\"><\/div>\n<div><img loading=\"lazy\" decoding=\"async\" class=\"alignnone size-full wp-image-356\" src=\"http:\/\/solidaires87.org\/sudeduclimousin\/wp-content\/uploads\/sites\/4\/2016\/10\/arton6717-b3e25-1.jpg\" alt=\"\" width=\"150\" height=\"101\" \/><\/div>\n<div class=\"texte\">\n<h3 class=\"spip\">1er degr\u00e9\u00a0: Fermeture de classe, postes supprim\u00e9s<\/h3>\n<p>Baisse des postes ouverts au concours de recrutement, fermetures de classe, hausse des effectifs dans les \u00e9coles non-REP, multiplication des classes \u00e0 multi-niveaux non-choisis et \u00e0 effectifs pl\u00e9thoriques dans les \u00e9coles rurales. Dans le 1er degr\u00e9, les effets d\u2019annonce sur la maternelle ou les CP \u00e0 12 ne suffisent pas \u00e0 cacher les conditions de travail qui se d\u00e9gradent. De nombreux d\u00e9partements perdent des postes.<\/p>\n<h3 class=\"spip\">2nd degr\u00e9\u00a0: On brade<\/h3>\n<p>Alors qu\u2019en coll\u00e8ge la r\u00e9forme du lyc\u00e9e est appliqu\u00e9e dans la douleur, le ministre est en train de mener \u00e0 marche forc\u00e9e une r\u00e9forme du bac et du lyc\u00e9e qui doit entrer en vigueur d\u00e8s septembre 2018. Sans aucune concertation avec les \u00e9quipes enseignant-e-s, cette r\u00e9forme est men\u00e9e sans tenir compte des avis du Conseil sup\u00e9rieur de l\u2019\u00e9ducation et selon un calendrier \u00e9tabli en d\u00e9pit du bon sens. De plus, les nouveaux horaires pr\u00e9vus ne sont pas financ\u00e9s dans les DHG et les \u00e9tablissements sont contraints d\u2019utiliser leurs marges. Surtout, cette r\u00e9forme va aggraver les m\u00e9canismes de s\u00e9lection sociale en cr\u00e9ant des lyc\u00e9es sp\u00e9cialis\u00e9s dans certains couples de majeurs. Ce n\u2019est pas la fin des fili\u00e8res mais bien la multiplication des fili\u00e8res pour en affiner la hi\u00e9rarchie.<br class=\"autobr\" \/> Dans le m\u00eame temps, le lyc\u00e9e professionnel est tenu \u00e0 l\u2019\u00e9cart\u00a0: le ministre s\u2019appr\u00eate \u00e0 l\u2019attaquer \u00e0 part. Bien que le minist\u00e8re repousse sans cesse les annonces, les pistes discut\u00e9es actuellement suite \u00e0 la pr\u00e9sentation du rapport Marcon\/Calvez laissent entrevoir un lyc\u00e9e professionnel r\u00e9duit au r\u00f4le de sas vers l\u2019apprentissage. La baisse des DHG des SEP et LP pour l\u2019an prochain ne ment pas. Les \u00ab\u00a0<i>Harvard du professionnel<\/i>\u00a0\u00bb seront plut\u00f4t <i>cheap<\/i>.<\/p>\n<h3 class=\"spip\">Sup\u00e9rieur\u00a0: une r\u00e9forme en ORE<\/h3>\n<p>Dans le sup\u00e9rieur, la mise en place de la s\u00e9lection \u00e0 l\u2019entr\u00e9e de la licence se met en place d\u00e8s cette ann\u00e9e. C\u2019est une v\u00e9ritable rupture, au d\u00e9triment des \u00e9l\u00e8ves issu\u2011e-s des milieux les plus populaires. \u00c9tudiant-e-s et personnels ne s\u2019y sont pas tromp\u00e9-e-s et les mobilisations se d\u00e9veloppent. Les seules r\u00e9ponses apport\u00e9es par le gouvernement consistent en des interventions polici\u00e8res sur les campus.<\/p>\n<h3 class=\"spip\">Fonction publique\u00a0: vers la r\u00e9gression<\/h3>\n<p>G\u00e9n\u00e9ralisation du recours aux contractuel-le-s, du salaire au m\u00e9rite, abandon de certaines missions au priv\u00e9, plan de d\u00e9part volontaire, suppression de 120\u00a0000 postes, remise en cause du statut, suppression des CHSCT\u2026 Ce sont de rudes coups que le gouvernement veut porter aux fonctionnaires et au service public.<\/p>\n<p><strong>Il est temps de riposter toutes et tous ensemble. SUD \u00e9ducation appelle avec la CGT \u00e9duc\u2019action, le SNES-FSU et le SNEP-FSU \u00e0 la gr\u00e8ve le 3 mai. Cette journ\u00e9e sera \u00e9galement une journ\u00e9e de gr\u00e8ve des cheminotes et cheminots mobilis\u00e9-e-s pour la d\u00e9fense de leur statut et du service public. Construisons-les convergences\u00a0!<\/strong><\/p>\n<a href=\"https:\/\/solidaires87.org\/sudeduclimousin\/wp-content\/uploads\/sites\/4\/2018\/04\/tract-3mai-2018.pdf\" class=\"pdfemb-viewer\" style=\"\" data-width=\"max\" data-height=\"max\"  data-toolbar=\"bottom\" data-toolbar-fixed=\"off\">tract-3mai-2018<br\/><\/a>\n<\/div>\n","protected":false},"excerpt":{"rendered":"<p>Tract d\u2019appel \u00e0 la gr\u00e8ve du 3 mai 1er degr\u00e9\u00a0: Fermeture de classe, postes supprim\u00e9s Baisse des postes ouverts au concours de recrutement, fermetures de classe, hausse des effectifs dans les \u00e9coles non-REP, multiplication des classes \u00e0 multi-niveaux non-choisis et&#8230;<br \/><a class=\"read-more-button\" href=\"https:\/\/solidaires87.org\/sudeduclimousin\/2018\/04\/26\/toutes-et-tous-ensemble-dans-laction-le-3-mai-de-la-maternelle-a-luniversite\/\">Savoir plus<\/a><\/p>\n","protected":false},"author":18,"featured_media":0,"comment_status":"open","ping_status":"open","sticky":false,"template":"","format":"standard","meta":{"footnotes":""},"categories":[3,9,5],"tags":[],"_links":{"self":[{"href":"https:\/\/solidaires87.org\/sudeduclimousin\/wp-json\/wp\/v2\/posts\/869"}],"collection":[{"href":"https:\/\/solidaires87.org\/sudeduclimousin\/wp-json\/wp\/v2\/posts"}],"about":[{"href":"https:\/\/solidaires87.org\/sudeduclimousin\/wp-json\/wp\/v2\/types\/post"}],"author":[{"embeddable":true,"href":"https:\/\/solidaires87.org\/sudeduclimousin\/wp-json\/wp\/v2\/users\/18"}],"replies":[{"embeddable":true,"href":"https:\/\/solidaires87.org\/sudeduclimousin\/wp-json\/wp\/v2\/comments?post=869"}],"version-history":[{"count":1,"href":"https:\/\/solidaires87.org\/sudeduclimousin\/wp-json\/wp\/v2\/posts\/869\/revisions"}],"predecessor-version":[{"id":870,"href":"https:\/\/solidaires87.org\/sudeduclimousin\/wp-json\/wp\/v2\/posts\/869\/revisions\/870"}],"wp:attachment":[{"href":"https:\/\/solidaires87.org\/sudeduclimousin\/wp-json\/wp\/v2\/media?parent=869"}],"wp:term":[{"taxonomy":"category","embeddable":true,"href":"https:\/\/solidaires87.org\/sudeduclimousin\/wp-json\/wp\/v2\/categories?post=869"},{"taxonomy":"post_tag","embeddable":true,"href":"https:\/\/solidaires87.org\/sudeduclimousin\/wp-json\/wp\/v2\/tags?post=869"}],"curies":[{"name":"wp","href":"https:\/\/api.w.org\/{rel}","templated":true}]}}