{"id":855,"date":"2018-03-27T08:51:01","date_gmt":"2018-03-27T07:51:01","guid":{"rendered":"http:\/\/solidaires87.org\/sudeduclimousin\/?p=855"},"modified":"2020-03-08T08:23:33","modified_gmt":"2020-03-08T07:23:33","slug":"universites-sud-education-condamne-la-repression-les-agressions-et-les-mises-sous-tutelles","status":"publish","type":"post","link":"https:\/\/solidaires87.org\/sudeduclimousin\/2018\/03\/27\/universites-sud-education-condamne-la-repression-les-agressions-et-les-mises-sous-tutelles\/","title":{"rendered":"Universit\u00e9s : SUD \u00e9ducation condamne la r\u00e9pression, les agressions et les mises sous tutelles"},"content":{"rendered":"<div class=\"soustitre\"><i><b>Motion d\u2019actualit\u00e9 du 8e congr\u00e8s de la f\u00e9d\u00e9ration des syndicats SUD \u00e9ducation<\/b><\/i><\/div>\n<p>La f\u00e9d\u00e9ration des syndicats SUD \u00e9ducation r\u00e9unie en congr\u00e8s \u00e0 Boulogne-sur-Mer d\u00e9nonce\u00a0:<\/p>\n<div class=\"texte\">\n<ul class=\"spip\">\n<li>la mise sous tutelle de l\u2019\u00c9tat de l\u2019universit\u00e9 Toulouse le Mirail (Jean Jaur\u00e8s ) et la menace faite d\u2019intervention des forces de l\u2019ordre.<\/li>\n<li>l\u2019intervention organis\u00e9e de nuit, avec l\u2019accord du doyen, d\u2019un groupe fasciste compos\u00e9 d\u2019enseignant-es et d\u2019\u00e9tudiant-es, \u00e0 la fac de droit de Montpellier contre d\u2019autres \u00e9tudiant-es qui occupaient un amphith\u00e9\u00e2tre.<\/li>\n<li>La r\u00e9pression de toutes les universit\u00e9s<\/li>\n<li>la fusion forc\u00e9e de toutes les universit\u00e9s<\/li>\n<\/ul>\n<p><img loading=\"lazy\" decoding=\"async\" class=\"alignnone size-full wp-image-773\" src=\"http:\/\/solidaires87.org\/sudeduclimousin\/wp-content\/uploads\/sites\/4\/2018\/01\/arton7338-4d760.png\" alt=\"\" width=\"150\" height=\"119\" \/><\/p>\n<p>Pour mettre en place \u00ab\u00a0Parcoursup\u00a0\u00bb et la r\u00e9forme du Bac, l\u2019\u00c9tat fait preuve d\u2019une politique autoritaire et de r\u00e9pression \u00e0 l\u2019\u00e9gard des gr\u00e9vistes afin de museler les contestations sociales. La lutte en cours massive \u00e0 Toulouse (fac du Mirail) et celle de Montpellier (universit\u00e9 Paul Val\u00e9ry), port\u00e9es par les personnels et les \u00e9tudiant-es, nourrissent l\u2019espoir d\u2019un mouvement contre la s\u00e9lection. Suite \u00e0 l\u2019AG, du 22 mars, \u00e0 Toulouse, la facult\u00e9 s\u2019est d\u00e9clar\u00e9e auto-g\u00e9r\u00e9e et cherche \u00e0 construire la convergence avec les autres secteurs en lutte sur la ville.<\/p>\n<p>La f\u00e9d\u00e9ration des syndicats SUD \u00e9ducation exige\u00a0:<\/p>\n<ul class=\"spip\">\n<li>l\u2019abrogation de la loi ORE<\/li>\n<li>la r\u00e9vocation de l\u2019ex- doyen de l\u2019universit\u00e9 de Montpellier<\/li>\n<li>la suspension des personnels qui ont particip\u00e9 \u00e0 l\u2019agression \u00e0 Montpellier.<\/li>\n<li>l\u2019arr\u00eat de la fusion des universit\u00e9s toulousaines et de toutes les autres fusions impos\u00e9es<\/li>\n<li>le retrait de la r\u00e9forme du Bac<\/li>\n<li>l\u2019arr\u00eat des r\u00e9pressions dans toutes les universit\u00e9s<\/li>\n<\/ul>\n<p>Nous appelons \u00e0 soutenir toutes les mobilisations en cours et \u00e0 venir dans les universit\u00e9s et les \u00e9tablissements scolaires contre les r\u00e9formes qui instaurent la s\u00e9lection \u00e0 l\u2019universit\u00e9 et accentuent le tri social. Nous y prendrons part de toutes nos forces afin de porter une vision de l\u2019\u00e9cole \u00e9galitaire, \u00e9mancipatrice, ouverte \u00e0 toutes et tous sans conditions, r\u00e9fractaire \u00e0 la loi du march\u00e9 et au diktat du patronat.<\/p>\n<\/div>\n","protected":false},"excerpt":{"rendered":"<p>Motion d\u2019actualit\u00e9 du 8e congr\u00e8s de la f\u00e9d\u00e9ration des syndicats SUD \u00e9ducation La f\u00e9d\u00e9ration des syndicats SUD \u00e9ducation r\u00e9unie en congr\u00e8s \u00e0 Boulogne-sur-Mer d\u00e9nonce\u00a0: la mise sous tutelle de l\u2019\u00c9tat de l\u2019universit\u00e9 Toulouse le Mirail (Jean Jaur\u00e8s ) et la&#8230;<br \/><a class=\"read-more-button\" href=\"https:\/\/solidaires87.org\/sudeduclimousin\/2018\/03\/27\/universites-sud-education-condamne-la-repression-les-agressions-et-les-mises-sous-tutelles\/\">Savoir plus<\/a><\/p>\n","protected":false},"author":18,"featured_media":0,"comment_status":"closed","ping_status":"open","sticky":false,"template":"","format":"standard","meta":{"footnotes":""},"categories":[9,5],"tags":[],"_links":{"self":[{"href":"https:\/\/solidaires87.org\/sudeduclimousin\/wp-json\/wp\/v2\/posts\/855"}],"collection":[{"href":"https:\/\/solidaires87.org\/sudeduclimousin\/wp-json\/wp\/v2\/posts"}],"about":[{"href":"https:\/\/solidaires87.org\/sudeduclimousin\/wp-json\/wp\/v2\/types\/post"}],"author":[{"embeddable":true,"href":"https:\/\/solidaires87.org\/sudeduclimousin\/wp-json\/wp\/v2\/users\/18"}],"replies":[{"embeddable":true,"href":"https:\/\/solidaires87.org\/sudeduclimousin\/wp-json\/wp\/v2\/comments?post=855"}],"version-history":[{"count":1,"href":"https:\/\/solidaires87.org\/sudeduclimousin\/wp-json\/wp\/v2\/posts\/855\/revisions"}],"predecessor-version":[{"id":856,"href":"https:\/\/solidaires87.org\/sudeduclimousin\/wp-json\/wp\/v2\/posts\/855\/revisions\/856"}],"wp:attachment":[{"href":"https:\/\/solidaires87.org\/sudeduclimousin\/wp-json\/wp\/v2\/media?parent=855"}],"wp:term":[{"taxonomy":"category","embeddable":true,"href":"https:\/\/solidaires87.org\/sudeduclimousin\/wp-json\/wp\/v2\/categories?post=855"},{"taxonomy":"post_tag","embeddable":true,"href":"https:\/\/solidaires87.org\/sudeduclimousin\/wp-json\/wp\/v2\/tags?post=855"}],"curies":[{"name":"wp","href":"https:\/\/api.w.org\/{rel}","templated":true}]}}