{"id":836,"date":"2018-03-23T15:40:54","date_gmt":"2018-03-23T14:40:54","guid":{"rendered":"http:\/\/solidaires87.org\/sudeduclimousin\/?p=836"},"modified":"2020-03-08T08:23:53","modified_gmt":"2020-03-08T07:23:53","slug":"greve-contre-la-precarite-a-leducation-nationale-le-5-avril-2018","status":"publish","type":"post","link":"https:\/\/solidaires87.org\/sudeduclimousin\/2018\/03\/23\/greve-contre-la-precarite-a-leducation-nationale-le-5-avril-2018\/","title":{"rendered":"Gr\u00e8ve contre la pr\u00e9carit\u00e9 \u00e0 l\u2019\u00e9ducation nationale le 5 avril 2018"},"content":{"rendered":"<div class=\"soustitre\"><i><b>Pour un mouvement des pr\u00e9caires de l\u2019\u00e9ducation\u00a0: tou.tes en gr\u00e8ve le 5 avril 2018\u00a0!<\/b><\/i><\/div>\n<div class=\"detail\"><\/div>\n<div class=\"chapo\">\n<p>La f\u00e9d\u00e9ration SUD \u00e9ducation appelle \u00e0 une gr\u00e8ve nationale des pr\u00e9caires de l\u2019\u00e9ducation le 5 avril 2018.<\/p>\n<\/div>\n<div class=\"texte\">\n<dl class=\"spip_document_17693 spip_documents spip_documents_center\">\n<dt><img loading=\"lazy\" decoding=\"async\" src=\"http:\/\/www.sudeducation.org\/docrestreint.api\/17693\/bafe0c9d5136920b90ef1fbc87c6e1af5f17e6e1\/png\/affiche_5_avril-page001-2.png\" alt=\"PNG - 261.8\u00a0ko\" width=\"842\" height=\"1191\" \/><\/dt>\n<\/dl>\n<h3 class=\"spip\">Dans l\u2019\u00c9N, 1 personnel sur 4 est pr\u00e9caire<\/h3>\n<p><strong>TOUTES et TOUS en GR\u00c8VE le 5 AVRIL\u00a0!<\/strong><\/p>\n<p>Sud \u00c9ducation plus que jamais engag\u00e9 contre la pr\u00e9carisation de l\u2019\u00c9ducation nationale soutient l\u2019appel \u00e0 la gr\u00e8ve de l\u2019Assembl\u00e9e des pr\u00e9caires d\u2019\u00cele-de-France.<br class=\"autobr\" \/> Les non-titulaires voient leurs droits de plus en plus rogn\u00e9s comme le montrent la nouvelle mouture des CUI, les PEC-CUI et ses contrats de 10 mois ou le recours \u00e0 des missions de Service civique qui sortent du cadre du Code du travail.<br class=\"autobr\" \/> Les titulaires peuvent s\u2019inqui\u00e9ter \u00e0 juste titre de l\u2019avenir de leurs statuts. Et l\u2019annonce de l\u2019embauche massive de contractuels et la diminution des postes aux concours montrent que le gouvernement poursuit la d\u00e9fonctionnarisation de l\u2019\u00c9ducation nationale.<br class=\"autobr\" \/> Les contrats pr\u00e9caires sont un terrain d\u2019exp\u00e9rimentation de nouvelles pratiques manag\u00e9riales autoritaires et salariales arbitraires. La multiplication de contrats de plus en plus pr\u00e9caires fait de l\u2019\u00c9ducation nationale le Minist\u00e8re du non-droit.<br class=\"autobr\" \/> Sud \u00c9ducation appelle titulaires et non titulaires partout \u00e0 se r\u00e9unir, se rassembler et manifester pour montrer leur solidarit\u00e9 et dire\u00a0:<\/p>\n<ul class=\"spip\">\n<li>Non \u00e0 la mise en concurrence des personnels<\/li>\n<li>Non \u00e0 la cr\u00e9ation de hi\u00e9rarchies interm\u00e9diaires<\/li>\n<li>Non \u00e0 la d\u00e9r\u00e9glementation des conditions de travail<\/li>\n<li>Non aux in\u00e9galit\u00e9s<\/li>\n<\/ul>\n<p>Sud \u00c9ducation exige l\u2019\u00e9galit\u00e9 de traitement entre les salari\u00e9s\u00a0en termes de\u00a0:<\/p>\n<ul class=\"spip\">\n<li>Formation et Conditions de travail.<\/li>\n<li>Salaire et Droits.<\/li>\n<li>Reconnaissance et Repr\u00e9sentativit\u00e9.<\/li>\n<\/ul>\n<p>La F\u00e9d\u00e9ration SUD \u00e9ducation revendique la titularisation sans condition de concours ou de nationalit\u00e9 de tous les personnels non-titulaires de l\u2019\u00c9ducation Nationale et refuse la contractualisation des personnels de l\u2019\u00c9ducation nationale.<br class=\"autobr\" \/> Lutter contre la pr\u00e9carit\u00e9, c\u2019est d\u00e9fendre les droits de tous les personnels\u00a0!<\/p>\n<a href=\"https:\/\/solidaires87.org\/sudeduclimousin\/wp-content\/uploads\/sites\/4\/2018\/03\/tract_rv_greve_5_avril-2.pdf\" class=\"pdfemb-viewer\" style=\"\" data-width=\"max\" data-height=\"max\"  data-toolbar=\"bottom\" data-toolbar-fixed=\"off\">tract_rv_greve_5_avril-2<br\/><\/a>\n<\/div>\n","protected":false},"excerpt":{"rendered":"<p>Pour un mouvement des pr\u00e9caires de l\u2019\u00e9ducation\u00a0: tou.tes en gr\u00e8ve le 5 avril 2018\u00a0! La f\u00e9d\u00e9ration SUD \u00e9ducation appelle \u00e0 une gr\u00e8ve nationale des pr\u00e9caires de l\u2019\u00e9ducation le 5 avril 2018. Dans l\u2019\u00c9N, 1 personnel sur 4 est pr\u00e9caire TOUTES&#8230;<br \/><a class=\"read-more-button\" href=\"https:\/\/solidaires87.org\/sudeduclimousin\/2018\/03\/23\/greve-contre-la-precarite-a-leducation-nationale-le-5-avril-2018\/\">Savoir plus<\/a><\/p>\n","protected":false},"author":18,"featured_media":0,"comment_status":"closed","ping_status":"open","sticky":false,"template":"","format":"standard","meta":{"footnotes":""},"categories":[9,5],"tags":[],"_links":{"self":[{"href":"https:\/\/solidaires87.org\/sudeduclimousin\/wp-json\/wp\/v2\/posts\/836"}],"collection":[{"href":"https:\/\/solidaires87.org\/sudeduclimousin\/wp-json\/wp\/v2\/posts"}],"about":[{"href":"https:\/\/solidaires87.org\/sudeduclimousin\/wp-json\/wp\/v2\/types\/post"}],"author":[{"embeddable":true,"href":"https:\/\/solidaires87.org\/sudeduclimousin\/wp-json\/wp\/v2\/users\/18"}],"replies":[{"embeddable":true,"href":"https:\/\/solidaires87.org\/sudeduclimousin\/wp-json\/wp\/v2\/comments?post=836"}],"version-history":[{"count":1,"href":"https:\/\/solidaires87.org\/sudeduclimousin\/wp-json\/wp\/v2\/posts\/836\/revisions"}],"predecessor-version":[{"id":837,"href":"https:\/\/solidaires87.org\/sudeduclimousin\/wp-json\/wp\/v2\/posts\/836\/revisions\/837"}],"wp:attachment":[{"href":"https:\/\/solidaires87.org\/sudeduclimousin\/wp-json\/wp\/v2\/media?parent=836"}],"wp:term":[{"taxonomy":"category","embeddable":true,"href":"https:\/\/solidaires87.org\/sudeduclimousin\/wp-json\/wp\/v2\/categories?post=836"},{"taxonomy":"post_tag","embeddable":true,"href":"https:\/\/solidaires87.org\/sudeduclimousin\/wp-json\/wp\/v2\/tags?post=836"}],"curies":[{"name":"wp","href":"https:\/\/api.w.org\/{rel}","templated":true}]}}