{"id":822,"date":"2018-02-27T12:24:27","date_gmt":"2018-02-27T11:24:27","guid":{"rendered":"http:\/\/solidaires87.org\/sudeduclimousin\/?p=822"},"modified":"2020-03-08T08:24:03","modified_gmt":"2020-03-08T07:24:03","slug":"liberalisation-et-destruction-de-la-fonction-publique-programmees-dans-le-transport-ferroviaire-une-belle-raison-de-faire-converger-nos-luttes","status":"publish","type":"post","link":"https:\/\/solidaires87.org\/sudeduclimousin\/2018\/02\/27\/liberalisation-et-destruction-de-la-fonction-publique-programmees-dans-le-transport-ferroviaire-une-belle-raison-de-faire-converger-nos-luttes\/","title":{"rendered":"Lib\u00e9ralisation et destruction de la fonction publique programm\u00e9es dans le transport ferroviaire\u00a0:  une belle raison de faire converger nos luttes\u00a0!"},"content":{"rendered":"<p class=\"western\" align=\"JUSTIFY\"><span style=\"color: #000000\"><span style=\"font-family: Sawasdee\"><span style=\"font-size: small\">Pour rem\u00e9dier \u00e0 la d\u00e9gradation progressive de la qualit\u00e9 du transport ferroviaire au cours des derni\u00e8res d\u00e9cennies dans notre pays, visible notamment au travers des nombreux retards de trains constat\u00e9s par les usagers, et parce que le d\u00e9ficit de la SNCF ne cesse de s\u2019accro\u00eetre en dizaines de milliards d\u2019euros, le gouvernement entend aujourd\u2019hui <\/span><\/span><\/span><span style=\"color: #000000\"><span style=\"font-family: Sawasdee\"><span style=\"font-size: small\"><b>lib\u00e9raliser ce secteur et porter simultan\u00e9ment le coup de gr\u00e2ce au statut des personnels de la fonction publique concern\u00e9e, et notamment \u00e0 celui des cheminots.<\/b><\/span><\/span><\/span><\/p>\n<p align=\"JUSTIFY\"><img loading=\"lazy\" decoding=\"async\" class=\"alignnone size-full wp-image-801\" src=\"http:\/\/solidaires87.org\/sudeduclimousin\/wp-content\/uploads\/sites\/4\/2018\/02\/arton7502-940c7.png\" alt=\"\" width=\"150\" height=\"128\" \/><\/p>\n<p class=\"western\" align=\"JUSTIFY\"><span style=\"color: #000000\"><span style=\"font-family: Sawasdee\"><span style=\"font-size: small\">A \u00e9couter la ministre des transports r\u00e9pondre aux questions pos\u00e9es au gouvernement par nos d\u00e9put\u00e9.e.s mandat\u00e9.e.s \u00e0 l\u2019assembl\u00e9e nationale, rien ne serait pire, dans la pr\u00e9sente situation, que le statut quo\u2026 et c\u2019est a priori son seul argument\u00a0!<\/span><\/span><\/span><\/p>\n<p class=\"western\" align=\"JUSTIFY\"><span style=\"color: #000000\"><span style=\"font-family: Sawasdee\"><span style=\"font-size: small\"> Les rapports qui lui ont \u00e9t\u00e9 remis indiquent-ils que si le d\u00e9ficit de la SNCF a explos\u00e9 au cours des derni\u00e8res ann\u00e9es, ceci est principalement d\u00fb, justement, \u00e0 une premi\u00e8re phase de marchandisation par secteurs de cette entreprise\u00a0? Lorsque nos cher.e.s d\u00e9put\u00e9.e.s constatent la v\u00e9tust\u00e9 des installations, <\/span><\/span><\/span><span style=\"color: #000000\"><span style=\"font-family: Sawasdee\"><span style=\"font-size: small\"><b>font-ils un lien avec les politiques d\u2019aust\u00e9rit\u00e9 mises en place \u00e0 dessein depuis plus de trente ans dans la fonction publique pour la discr\u00e9diter et qui ont de fait bloqu\u00e9 tous les investissements publics au profit des actionnaires du priv\u00e9\u00a0?<\/b><\/span><\/span><\/span><span style=\"color: #000000\"><span style=\"font-family: Sawasdee\"><span style=\"font-size: small\"> Sur quels rapports s\u2019appuient-ils pour engager une telle contre-r\u00e9forme alors que <\/span><\/span><\/span><span style=\"color: #000000\"><span style=\"font-family: Sawasdee\"><span style=\"font-size: small\"><b>la lib\u00e9ralisation du transport ferroviaire n\u2019a engendr\u00e9 que des d\u00e9gradations ( accidents de trains plus fr\u00e9quents, augmentation des tarifs, territoires moins bien desservis\u2026) dans les pays o\u00f9 elle a \u00e9t\u00e9 mise en place<\/b><\/span><\/span><\/span><span style=\"color: #000000\"><span style=\"font-family: Sawasdee\"><span style=\"font-size: small\">\u00a0?<\/span><\/span><\/span><\/p>\n<p class=\"western\" align=\"JUSTIFY\"><span style=\"color: #000000\"><span style=\"font-family: Sawasdee\"><span style=\"font-size: small\"> Un web-documentaire, en acc\u00e8s libre et gratuit, d\u00e9crit parfaitement toutes ces probl\u00e9matiques\u00a0: <\/span><\/span><\/span><span style=\"color: #000000\"><span style=\"font-family: Sawasdee\"><span style=\"font-size: small\"><i>\u00ab\u00a0V\u00e9rit\u00e9s et mensonges sur la SNCF\u00a0\u00bb<\/i><\/span><\/span><\/span><span style=\"color: #000000\"><span style=\"font-family: Sawasdee\"><span style=\"font-size: small\">, de Gilles Balbastre. <\/span><\/span><\/span><\/p>\n<p class=\"western\" align=\"JUSTIFY\"><span style=\"color: #000000\"><span style=\"font-family: Sawasdee\"><span style=\"font-size: small\"> Le d\u00e9bat a le m\u00e9rite d\u2019\u00eatre clair et les mobilisations qui s\u2019annoncent seront d\u2019une importance capitale\u00a0: \u00e0 l\u2019heure o\u00f9 il nous faut conjuguer besoins de mobilit\u00e9 et crise \u00e9cologique en grande partie due aux transports motoris\u00e9s, <\/span><\/span><\/span><span style=\"color: #000000\"><span style=\"font-family: Sawasdee\"><span style=\"font-size: small\"><b>la soci\u00e9t\u00e9 fran\u00e7aise souhaite-t-elle g\u00e9rer le transport ferroviaire sur son sol de fa\u00e7on souveraine et d\u00e9mocratique, et confier ce secteur \u00e0 sa fonction publique renflou\u00e9e des moyens n\u00e9cessaires, ou bien le c\u00e9der au secteur priv\u00e9 \u00e0 des fins lucratives\u00a0?<\/b><\/span><\/span><\/span><\/p>\n<p class=\"western\" align=\"JUSTIFY\"><span style=\"color: #000000\"><span style=\"font-family: Sawasdee\"><span style=\"font-size: small\"> Au del\u00e0, <\/span><\/span><\/span><span style=\"color: #000000\"><span style=\"font-family: Sawasdee\"><span style=\"font-size: small\"><b>le statut de nos camarades cheminots n\u2019est pas attaqu\u00e9 par hasard\u00a0: ils sont les derniers garants de notre fonction publique dans ce secteur et les seuls \u00e0 pouvoir aujourd\u2019hui monter en premi\u00e8re ligne pour la d\u00e9fendre, gr\u00e2ce pr\u00e9cis\u00e9ment \u00e0 leur statut\u00a0!<\/b><\/span><\/span><\/span><\/p>\n<p class=\"western\" align=\"JUSTIFY\"><span style=\"color: #000000\"><span style=\"font-family: Sawasdee\"><span style=\"font-size: small\"> Mais dans la droite ligne de ce qu\u2019envisage ce gouvernement, ce statut est d\u00e9sormais sur la sellette, <\/span><\/span><\/span><span style=\"color: #000000\"><span style=\"font-family: Sawasdee\"><span style=\"font-size: small\"><b>\u00e0 l\u2019instar de ce qui s\u2019est produit il y a quelques ann\u00e9es \u00e0 La Poste, largement lib\u00e9ralis\u00e9e et ouverte \u00e0 la concurrence, pour le plus grand bonheur\u2026 des actionnaires\u00a0!<\/b><\/span><\/span><\/span><span style=\"color: #000000\"><span style=\"font-family: Sawasdee\"><span style=\"font-size: small\"> Et certainement pas ni des usagers ( tout est devenu plus cher et il est d\u00e9sormais impossible de discuter cinq minutes avec sa factrice ou son facteur\u2026 ), ni des employ\u00e9.e.s ( les nombreux suicides recens\u00e9s ne refl\u00e8tent que faiblement la grande souffrance au travail d\u00e9sormais chronique dans cette entreprise\u2026 ).<\/span><\/span><\/span><\/p>\n<p class=\"western\" align=\"JUSTIFY\"><span style=\"color: #000000\"><span style=\"font-family: Sawasdee\"><span style=\"font-size: small\"><b>Voulons-nous la m\u00eame chose \u00e0 la SNCF\u00a0? A l\u2019h\u00f4pital\u00a0? A l\u2019\u00e9cole\u00a0?\u2026<\/b><\/span><\/span><\/span><span style=\"color: #000000\"><span style=\"font-family: Sawasdee\"><span style=\"font-size: small\"> C\u2019est pourtant bien ce qui nous attend prochainement si nous continuons \u00e0 laisser faire les gouvernements n\u00e9o-lib\u00e9raux qui se succ\u00e8dent avec les m\u00eames objectifs.<\/span><\/span><\/span><\/p>\n<p class=\"western\" align=\"JUSTIFY\"><span style=\"color: #000000\"><span style=\"font-family: Sawasdee\"><span style=\"font-size: small\"><b>Notre fonction publique est actuellement en grand danger, dans tous les secteurs, alors qu\u2019elle est ( \u00e9videmment&#8230;! ) la principale alternative \u00e0 la gestion capitaliste de notre soci\u00e9t\u00e9. <\/b><\/span><\/span><\/span><\/p>\n<p class=\"western\" align=\"JUSTIFY\"><span style=\"font-family: Sawasdee\"><span style=\"font-size: small\"><b> Nous sommes toutes et tous concern\u00e9.e.s\u00a0!<\/b><\/span><\/span><\/p>\n<p class=\"western\" align=\"JUSTIFY\"><span style=\"color: #000000\"><span style=\"font-family: Sawasdee\"><span style=\"font-size: small\"><b>SUD \u00e9ducation et Solidaires appellent donc tou.te.s les citoyen.ne.s \u00e0 soutenir toutes les mobilsations des camarades qui s\u2019opposent \u00e0 la lib\u00e9ralisation du rail et \u00e0 la casse de la fonction publique dans ce secteur. Le pr\u00e9avis de gr\u00e8ve quotidien d\u00e9pos\u00e9 par l\u2019Union syndicale Solidaires doit nous permettre de stopper le travail de mani\u00e8re reconductible, jusqu\u2019\u00e0 l\u2019abandon de cette r\u00e9forme inique\u00a0! C\u2019est ensemble que nous pouvons la bloquer\u00a0!<\/b><\/span><\/span><\/span><\/p>\n<p align=\"JUSTIFY\"><a href=\"https:\/\/solidaires87.org\/sudeduclimousin\/wp-content\/uploads\/sites\/4\/2018\/02\/Lib\u00e9ralisation-du-transport-ferroviaire.pdf\" class=\"pdfemb-viewer\" style=\"\" data-width=\"max\" data-height=\"max\"  data-toolbar=\"bottom\" data-toolbar-fixed=\"off\">Lib\u00e9ralisation du transport ferroviaire<br\/><\/a><\/p>\n","protected":false},"excerpt":{"rendered":"<p>Pour rem\u00e9dier \u00e0 la d\u00e9gradation progressive de la qualit\u00e9 du transport ferroviaire au cours des derni\u00e8res d\u00e9cennies dans notre pays, visible notamment au travers des nombreux retards de trains constat\u00e9s par les usagers, et parce que le d\u00e9ficit de la&#8230;<br \/><a class=\"read-more-button\" href=\"https:\/\/solidaires87.org\/sudeduclimousin\/2018\/02\/27\/liberalisation-et-destruction-de-la-fonction-publique-programmees-dans-le-transport-ferroviaire-une-belle-raison-de-faire-converger-nos-luttes\/\">Savoir plus<\/a><\/p>\n","protected":false},"author":18,"featured_media":0,"comment_status":"closed","ping_status":"open","sticky":false,"template":"","format":"standard","meta":{"footnotes":""},"categories":[9,5],"tags":[],"_links":{"self":[{"href":"https:\/\/solidaires87.org\/sudeduclimousin\/wp-json\/wp\/v2\/posts\/822"}],"collection":[{"href":"https:\/\/solidaires87.org\/sudeduclimousin\/wp-json\/wp\/v2\/posts"}],"about":[{"href":"https:\/\/solidaires87.org\/sudeduclimousin\/wp-json\/wp\/v2\/types\/post"}],"author":[{"embeddable":true,"href":"https:\/\/solidaires87.org\/sudeduclimousin\/wp-json\/wp\/v2\/users\/18"}],"replies":[{"embeddable":true,"href":"https:\/\/solidaires87.org\/sudeduclimousin\/wp-json\/wp\/v2\/comments?post=822"}],"version-history":[{"count":2,"href":"https:\/\/solidaires87.org\/sudeduclimousin\/wp-json\/wp\/v2\/posts\/822\/revisions"}],"predecessor-version":[{"id":824,"href":"https:\/\/solidaires87.org\/sudeduclimousin\/wp-json\/wp\/v2\/posts\/822\/revisions\/824"}],"wp:attachment":[{"href":"https:\/\/solidaires87.org\/sudeduclimousin\/wp-json\/wp\/v2\/media?parent=822"}],"wp:term":[{"taxonomy":"category","embeddable":true,"href":"https:\/\/solidaires87.org\/sudeduclimousin\/wp-json\/wp\/v2\/categories?post=822"},{"taxonomy":"post_tag","embeddable":true,"href":"https:\/\/solidaires87.org\/sudeduclimousin\/wp-json\/wp\/v2\/tags?post=822"}],"curies":[{"name":"wp","href":"https:\/\/api.w.org\/{rel}","templated":true}]}}