{"id":811,"date":"2018-02-22T12:39:01","date_gmt":"2018-02-22T11:39:01","guid":{"rendered":"http:\/\/solidaires87.org\/sudeduclimousin\/?p=811"},"modified":"2020-03-08T08:24:29","modified_gmt":"2020-03-08T07:24:29","slug":"greve-contre-les-oppressions-faites-aux-femmes-tract-de-sud-education-pour-le-8-mars","status":"publish","type":"post","link":"https:\/\/solidaires87.org\/sudeduclimousin\/2018\/02\/22\/greve-contre-les-oppressions-faites-aux-femmes-tract-de-sud-education-pour-le-8-mars\/","title":{"rendered":"Gr\u00e8ve contre les oppressions faites aux femmes : tract de SUD \u00e9ducation pour le 8 mars"},"content":{"rendered":"<p><strong>L\u2019ann\u00e9e pass\u00e9e a permis de visibiliser une partie des luttes f\u00e9ministes<\/strong><\/p>\n<ul class=\"spip\">\n<li>Lutte pour l\u2019\u00e9galit\u00e9 des droits, en particularit\u00e9 l\u2019\u00e9galit\u00e9 des salaires.<\/li>\n<li>Lutte contre le harc\u00e8lement au travail avec l\u2019affaire Weinstein.<\/li>\n<li>Lutte contre les violences sexuelles avec le #balancetonporc.<\/li>\n<li>Lutte pour une langue moins genr\u00e9e avec le d\u00e9bat sur l\u2019\u00e9criture inclusive.<\/li>\n<\/ul>\n<h3 class=\"spip\"><strong>Cependant, rien n\u2019a \u00e9t\u00e9 gagn\u00e9\u00a0: le combat pour une \u00e9galit\u00e9 de fait entre tou-t-es continue\u00a0!<\/strong><\/h3>\n<h3 class=\"spip\">\u00a0<img loading=\"lazy\" decoding=\"async\" class=\"alignnone size-medium wp-image-808\" src=\"http:\/\/solidaires87.org\/sudeduclimousin\/wp-content\/uploads\/sites\/4\/2018\/02\/unnamed-214x300.jpg\" alt=\"\" width=\"214\" height=\"300\" srcset=\"https:\/\/solidaires87.org\/sudeduclimousin\/wp-content\/uploads\/sites\/4\/2018\/02\/unnamed-214x300.jpg 214w, https:\/\/solidaires87.org\/sudeduclimousin\/wp-content\/uploads\/sites\/4\/2018\/02\/unnamed.jpg 479w\" sizes=\"(max-width: 214px) 100vw, 214px\" \/><\/h3>\n<h3 class=\"spip\"><strong>Le 8 mars est l\u2019occasion pour les femmes de rendre visible les luttes n\u00e9cessaires contre la domination patriarcale. <\/strong><\/h3>\n<p>Dans tous les domaines (travail, vie publique, culture, langue\u2026) les femmes sont rel\u00e9gu\u00e9es au second plan et invisibilis\u00e9es. Quelle image vous vient en t\u00eate lorsque vous lisez la phrase \u00ab\u00a0En 1936, les ouvriers bloquent les usines\u00a0\u00bb (combien de moustachus \u00e0 casquette voyez-vous\u00a0?)\u00a0? Sur les 20 derniers prix Nobel de litt\u00e9rature, seulement 5 sont des femmes. La moiti\u00e9 de l\u2019humanit\u00e9 ne doit pas se laisser dominer par l\u2019autre sous couvert d\u2019une norme sociale ancestrale. R\u00e9voltons-nous pour obtenir une r\u00e9elle \u00e9galit\u00e9 au travail, dans les t\u00e2ches domestiques ainsi que dans l\u2019ensemble de la soci\u00e9t\u00e9.<\/p>\n<p><strong>Les r\u00e9formes actuelles dans le monde de l\u2019\u00e9ducation ent\u00e9rinent les in\u00e9galit\u00e9s femmes\/hommes<\/strong><\/p>\n<ul class=\"spip\">\n<li>Le retour \u00e0 la semaine de 4 jours p\u00e9nalise davantage les femmes qui lib\u00e8rent leur mercredi pour s\u2019occuper des enfants (un tiers des emplois f\u00e9minins sont \u00e0 temps partiel). L\u2019injonction sociale d\u2019\u00eatre une \u00ab\u00a0bonne m\u00e8re\u00a0\u00bb p\u00e8se sur la carri\u00e8re, d\u2019autant qu\u2019avec un salaire inf\u00e9rieur en moyenne de 24% \u00e0 celui d\u2019un homme, l\u2019impact \u00e9conomique sur le foyer est moindre si c\u2019est la femme qui perd une journ\u00e9e de salaire.<\/li>\n<li>L\u2019avancement dans l\u2019\u00e9ducation nationale privil\u00e9gie les hommes. Avec le PPCR, les hommes passent plus facilement \u00e0 la classe exceptionnelle car ils sont sur-repr\u00e9sent\u00e9s dans les fonctions de direction, conseil p\u00e9dagogique\u2026 dans un secteur pourtant largement f\u00e9minin.<\/li>\n<li>La critique de l\u2019\u00e9criture inclusive et de feu les ABCD de l\u2019\u00e9galit\u00e9 par JM Blanquer montre qu\u2019il ne faut rien attendre de notre Minist\u00e8re pour \u0153uvrer \u00e0 l\u2019\u00e9galit\u00e9 femmes-hommes et \u00e0 la lutte contre les discriminations sexistes, LGBTQIphobes.<\/li>\n<li>Quand y aura-t-il dans chaque \u00e9tablissement une v\u00e9ritable \u00e9ducation \u00e0 la sexualit\u00e9 \u00e9voquant le clitoris, le r\u00f4le du plaisir, l\u2019importance du consentement (et non pas une sexualit\u00e9 vue sous le seul angle reproductif)\u00a0?<\/li>\n<\/ul>\n<p><strong>Au-del\u00e0 de notre champ professionnel, les politiques lib\u00e9rales \u00e0 l\u2019\u0153uvre sapent les droits des femmes<\/strong><\/p>\n<ul class=\"spip\">\n<li>Les politiques d\u2019aust\u00e9rit\u00e9 dans le secteur du social et de la sant\u00e9 p\u00e8sent sur les femmes qui s\u2019occupent tr\u00e8s largement du soin aux enfants et aux ascendants, et r\u00e9duit leur droit d\u2019acc\u00e8s \u00e0 l\u2019IVG.<\/li>\n<li>Les r\u00e9formes du code du travail fragilisent encore plus les femmes salari\u00e9es, qui sont sur-repr\u00e9sent\u00e9es dans les emplois les plus pr\u00e9caires (temps partiels, CDD).<\/li>\n<\/ul>\n<p>La complaisance dont b\u00e9n\u00e9ficient les mouvements r\u00e9actionnaires (Manif pour Tous et consorts) tend \u00e0 l\u00e9gitimer une vision r\u00e9trograde et in\u00e9galitaire des rapports femmes-hommes, et les discours d\u2019extr\u00eame droite n\u2019h\u00e9sitent pas \u00e0 instrumentaliser le f\u00e9minisme \u00e0 des fins racistes.<\/p>\n<h3 class=\"spip\">C\u2019est par leurs mobilisations propres que les femmes ont obtenu des droits\u00a0!<\/h3>\n<h3 class=\"spip\"><strong>Pour d\u00e9battre de ces questions et construire nos revendications\u00a0: rassemblons-nous dans des AG en mixit\u00e9 et\/ou non-mixit\u00e9 (agentes, enseignantes, CPE, AED, infirmi\u00e8re, assistante sociale, COP, \u2026). Pour faire entendre notre voix\u00a0: GREVE, ACTIONS ET MANIFESTATION LE 8 MARS<\/strong><\/h3>\n<p><img loading=\"lazy\" decoding=\"async\" class=\"alignnone size-full wp-image-810\" src=\"http:\/\/solidaires87.org\/sudeduclimousin\/wp-content\/uploads\/sites\/4\/2018\/02\/arton7507-78f1d.png\" alt=\"\" width=\"150\" height=\"107\" \/><\/p>\n<h3 class=\"spip\">NOTE SOLIDAIRES<\/h3>\n<p>Ensemble du mat\u00e9riel et des informations pour le 8 mars 2018<\/p>\n<p>Cette ann\u00e9e c\u2019est la th\u00e9matique de la lutte contre les violences faites aux femmes qui a \u00e9t\u00e9 choisie nationalement par le mouvement f\u00e9ministe et les syndicats impliqu\u00e9s (CGT, FSU Solidaires).<\/p>\n<p>Le 19 f\u00e9vrier la vid\u00e9o nationale de lancement sera disponible.<\/p>\n<p>Un questionnaire national sur les violences que subissent les femmes au travail sera accessible sur le site <a class=\"spip_out\" href=\"http:\/\/8mars15h40.fr\/\" target=\"_blank\" rel=\"external noopener noreferrer\">8mars15h40.fr<\/a> (qui sera prochainement mis \u00e0 jour) et son r\u00e9sultat sera rendu public aux environs du 8 mars.<\/p>\n<p>Partout, on pourra faire du bruit, chanter, ou r\u00e9aliser tout \u00e9v\u00e9nement \u00e0 15h40 pour d\u00e9noncer que c\u2019est \u00e0 cette heure l\u00e0 que les femmes ne sont plus pay\u00e9es au vu des 26\u00a0% d\u2019\u00e9cart de salaires global qui persiste entre les femmes et les hommes\u00a0!<\/p>\n<p>Localement des \u00e9v\u00e8nements se pr\u00e9parent, comme des appels \u00e0 la gr\u00e8ve, et qui d\u00e9noncent toutes les in\u00e9galit\u00e9s dont sont victimes les femmes.<br class=\"autobr\" \/> Le Facebook de l\u2019Union syndicale Solidaires reprend depuis le 8 f\u00e9vrier 15h40 des visuels Solidaires du 8 mars\u00a0: <a class=\"spip_out\" href=\"https:\/\/www.facebook.com\/USolidaires\/\" target=\"_blank\" rel=\"external noopener noreferrer\">https:\/\/www.facebook.com\/USolidaires\/<\/a><\/p>\n<p>Le pr\u00e9avis de gr\u00e8ve pour l\u2019ensemble de la fonction publique sera d\u00e9pos\u00e9.<\/p>\n<p>Cette note reprend l\u2019ensemble du mat\u00e9riel disponible pour pouvoir faire tirer des affiches et des autocollants, les liens, documents utiles pour pr\u00e9parer ce 8 mars, le tract Solidaires, l\u2019appel unitaire, et le mat\u00e9riel \u00e9labor\u00e9 par nos camarades espagnoles, br\u00e9siliennes&#8230;pour faire de cette gr\u00e8ve des femmes un vrai moment collectif de lutte\u00a0!<\/p>\n<p>L\u2019ensemble du mat\u00e9riel est disponible sur le site de Solidaires\u00a0: <br class=\"autobr\" \/> <a class=\"spip_out\" href=\"http:\/\/www.solidaires.org\/Dans-l-action-et-a-la-greve-pour-les-droits-des-femmes-le-8-mars\" target=\"_blank\" rel=\"external noopener noreferrer\">www.solidaires.org\/Dans-l-action-et-a-la-greve-pour-les-droits-des-femmes-le-8-mars<\/a><\/p>\n<a href=\"https:\/\/solidaires87.org\/sudeduclimousin\/wp-content\/uploads\/sites\/4\/2018\/02\/Tract8-mars-2018-2.pdf\" class=\"pdfemb-viewer\" style=\"\" data-width=\"max\" data-height=\"max\"  data-toolbar=\"bottom\" data-toolbar-fixed=\"off\">Tract8 mars 2018-2<br\/><\/a>\n","protected":false},"excerpt":{"rendered":"<p>L\u2019ann\u00e9e pass\u00e9e a permis de visibiliser une partie des luttes f\u00e9ministes Lutte pour l\u2019\u00e9galit\u00e9 des droits, en particularit\u00e9 l\u2019\u00e9galit\u00e9 des salaires. Lutte contre le harc\u00e8lement au travail avec l\u2019affaire Weinstein. Lutte contre les violences sexuelles avec le #balancetonporc. Lutte pour&#8230;<br \/><a class=\"read-more-button\" href=\"https:\/\/solidaires87.org\/sudeduclimousin\/2018\/02\/22\/greve-contre-les-oppressions-faites-aux-femmes-tract-de-sud-education-pour-le-8-mars\/\">Savoir plus<\/a><\/p>\n","protected":false},"author":18,"featured_media":0,"comment_status":"closed","ping_status":"open","sticky":false,"template":"","format":"standard","meta":{"footnotes":""},"categories":[9,5],"tags":[],"_links":{"self":[{"href":"https:\/\/solidaires87.org\/sudeduclimousin\/wp-json\/wp\/v2\/posts\/811"}],"collection":[{"href":"https:\/\/solidaires87.org\/sudeduclimousin\/wp-json\/wp\/v2\/posts"}],"about":[{"href":"https:\/\/solidaires87.org\/sudeduclimousin\/wp-json\/wp\/v2\/types\/post"}],"author":[{"embeddable":true,"href":"https:\/\/solidaires87.org\/sudeduclimousin\/wp-json\/wp\/v2\/users\/18"}],"replies":[{"embeddable":true,"href":"https:\/\/solidaires87.org\/sudeduclimousin\/wp-json\/wp\/v2\/comments?post=811"}],"version-history":[{"count":2,"href":"https:\/\/solidaires87.org\/sudeduclimousin\/wp-json\/wp\/v2\/posts\/811\/revisions"}],"predecessor-version":[{"id":2482,"href":"https:\/\/solidaires87.org\/sudeduclimousin\/wp-json\/wp\/v2\/posts\/811\/revisions\/2482"}],"wp:attachment":[{"href":"https:\/\/solidaires87.org\/sudeduclimousin\/wp-json\/wp\/v2\/media?parent=811"}],"wp:term":[{"taxonomy":"category","embeddable":true,"href":"https:\/\/solidaires87.org\/sudeduclimousin\/wp-json\/wp\/v2\/categories?post=811"},{"taxonomy":"post_tag","embeddable":true,"href":"https:\/\/solidaires87.org\/sudeduclimousin\/wp-json\/wp\/v2\/tags?post=811"}],"curies":[{"name":"wp","href":"https:\/\/api.w.org\/{rel}","templated":true}]}}