{"id":802,"date":"2018-02-13T10:34:20","date_gmt":"2018-02-13T09:34:20","guid":{"rendered":"http:\/\/solidaires87.org\/sudeduclimousin\/?p=802"},"modified":"2020-03-08T08:24:44","modified_gmt":"2020-03-08T07:24:44","slug":"fonction-publique-greve-le-22-mars","status":"publish","type":"post","link":"https:\/\/solidaires87.org\/sudeduclimousin\/2018\/02\/13\/fonction-publique-greve-le-22-mars\/","title":{"rendered":"Fonction publique : gr\u00e8ve le 22 mars !"},"content":{"rendered":"<h3 class=\"spip\">Toute la fonction publique, tous les services publics sont attaqu\u00e9s<\/h3>\n<p>Le salaire r\u00e9el des fonctionnaires, en baisse depuis 2013, est encore mis \u00e0 mal depuis janvier par le r\u00e9tablissement du jour de carence, l\u2019augmentation du taux de cotisation de la pension civile et de la CSG. Les maigres augmentations salariales pr\u00e9vues pour 2018 par le PPCR ont \u00e9t\u00e9 report\u00e9es.<\/p>\n<p>Le gouvernement a annonc\u00e9 un plan de dynamitage de la fonction publique. Nous \u00e9crivions en 2016 que les fonctionnaires devaient faire front avec les salari\u00e9\u22c5e\u22c5s du priv\u00e9 contre la loi Travail. Il \u00e9tait \u00e9vident que la fonction publique serait la prochaine sur la liste au nom de cette conception tr\u00e8s particuli\u00e8re de la solidarit\u00e9 qui consiste \u00e0 aligner tout le monde sur le moins-disant. Le statut, les droits ne sont pas un privil\u00e8ge\u00a0: ce doit \u00eatre la norme.<\/p>\n<p>Recours accru aux contractuels et plan de d\u00e9part volontaire. Le gouvernement ne se cache pas. En supprimant 120 000 postes, il d\u00e9truit encore un peu plus les services publics qui permettent aux plus d\u00e9favoris\u00e9\u22c5e\u22c5s d\u2019avoir acc\u00e8s aux soins, \u00e0 l\u2019\u00e9ducation, de se d\u00e9placer&#8230; S\u2019attaquer aux services publics et aux fonctionnaires, c\u2019est agir contre la solidarit\u00e9.<\/p>\n<p><img loading=\"lazy\" decoding=\"async\" class=\"alignnone size-full wp-image-801\" src=\"http:\/\/solidaires87.org\/sudeduclimousin\/wp-content\/uploads\/sites\/4\/2018\/02\/arton7502-940c7.png\" alt=\"\" width=\"150\" height=\"128\" \/><\/p>\n<h3 class=\"spip\">Une casse du service public qui se d\u00e9cline de la maternelle \u00e0 l\u2019universit\u00e9<\/h3>\n<p>Le projet d\u2019ensemble de la fonction publique est d\u2019ailleurs coh\u00e9rent avec le projet Macron\/Blanquer\/Vidal pour l\u2019\u00e9ducation.<\/p>\n<p>Les postes aux prochains concours d\u2019enseignant-e-s sont en baisse de 20\u00a0% dans le 2nd degr\u00e9 et de 10\u00a0% dans le 1er degr\u00e9, qui continue d\u2019\u00eatre d\u00e9sorganis\u00e9 par des mesures de pure communication et qui subit des pressions r\u00e9gressives sur les contenus et sur les pratiques p\u00e9dagogiques.<\/p>\n<p>La r\u00e9forme du bac et du lyc\u00e9e pr\u00e9voit de son c\u00f4t\u00e9 une remise en cause du statut des enseignant\u22c5e\u22c5s, une baisse des horaires et donc des postes, l\u2019accroissement des in\u00e9galit\u00e9s entre \u00e9l\u00e8ves et entre \u00e9tablissements.<\/p>\n<p>Quant \u00e0 la s\u00e9lection \u00e0 l\u2019universit\u00e9, c\u2019est la poursuite de la destruction de l\u2019enseignement sup\u00e9rieur public largement engag\u00e9e avec la LRU en 2007. C\u2019est la porte ouverte \u00e0 la hausse des frais d\u2019inscription et un cadeau pour l\u2019enseignement priv\u00e9 qui va accueillir moyennant finances les bachelier\u22c5e\u22c5s recal\u00e9\u22c5e\u22c5s.<\/p>\n<p><strong>Construisons la convergence et la gr\u00e8ve unitaire le 22 mars<\/strong><\/p>\n<p>Sept organisations syndicales de la fonction publique appellent \u00e0 la gr\u00e8ve le 22 mars pour revendiquer une hausse des salaires, l\u2019arr\u00eat des suppressions d\u2019emplois, la titularisation des contractuel\u22c5le\u22c5s, l\u2019\u00e9galit\u00e9 professionnelle, l\u2019abrogation du jour de carence, la d\u00e9fense du syst\u00e8me de retraite par r\u00e9partition.<\/p>\n<p>Alors que le gouvernement m\u00e8ne une offensive tout azimut contre les salari\u00e9\u22c5e\u22c5s (le statut des cheminot\u22c5e\u22c5s est lui aussi remis en cause), il faut r\u00e9ussir la mobilisation la plus importante possible le 22 mars, qui doit \u00eatre un point d\u2019appui pour la construction d\u2019un mouvement de gr\u00e8ve reconductible et de convergence des luttes.<\/p>\n<p><strong>Toutes et tous en gr\u00e8ve et dans les manifestations\u00a0! D\u00e9fendons le bien commun qu\u2019est le service public. Remettons le progr\u00e8s social au go\u00fbt du jour.<\/strong><\/p>\n<a href=\"https:\/\/solidaires87.org\/sudeduclimousin\/wp-content\/uploads\/sites\/4\/2018\/02\/appel_22_mars.pdf\" class=\"pdfemb-viewer\" style=\"\" data-width=\"max\" data-height=\"max\"  data-toolbar=\"bottom\" data-toolbar-fixed=\"off\">appel_22_mars<br\/><\/a>\n","protected":false},"excerpt":{"rendered":"<p>Toute la fonction publique, tous les services publics sont attaqu\u00e9s Le salaire r\u00e9el des fonctionnaires, en baisse depuis 2013, est encore mis \u00e0 mal depuis janvier par le r\u00e9tablissement du jour de carence, l\u2019augmentation du taux de cotisation de la&#8230;<br \/><a class=\"read-more-button\" href=\"https:\/\/solidaires87.org\/sudeduclimousin\/2018\/02\/13\/fonction-publique-greve-le-22-mars\/\">Savoir plus<\/a><\/p>\n","protected":false},"author":18,"featured_media":0,"comment_status":"closed","ping_status":"open","sticky":false,"template":"","format":"standard","meta":{"footnotes":""},"categories":[9,5],"tags":[],"_links":{"self":[{"href":"https:\/\/solidaires87.org\/sudeduclimousin\/wp-json\/wp\/v2\/posts\/802"}],"collection":[{"href":"https:\/\/solidaires87.org\/sudeduclimousin\/wp-json\/wp\/v2\/posts"}],"about":[{"href":"https:\/\/solidaires87.org\/sudeduclimousin\/wp-json\/wp\/v2\/types\/post"}],"author":[{"embeddable":true,"href":"https:\/\/solidaires87.org\/sudeduclimousin\/wp-json\/wp\/v2\/users\/18"}],"replies":[{"embeddable":true,"href":"https:\/\/solidaires87.org\/sudeduclimousin\/wp-json\/wp\/v2\/comments?post=802"}],"version-history":[{"count":1,"href":"https:\/\/solidaires87.org\/sudeduclimousin\/wp-json\/wp\/v2\/posts\/802\/revisions"}],"predecessor-version":[{"id":803,"href":"https:\/\/solidaires87.org\/sudeduclimousin\/wp-json\/wp\/v2\/posts\/802\/revisions\/803"}],"wp:attachment":[{"href":"https:\/\/solidaires87.org\/sudeduclimousin\/wp-json\/wp\/v2\/media?parent=802"}],"wp:term":[{"taxonomy":"category","embeddable":true,"href":"https:\/\/solidaires87.org\/sudeduclimousin\/wp-json\/wp\/v2\/categories?post=802"},{"taxonomy":"post_tag","embeddable":true,"href":"https:\/\/solidaires87.org\/sudeduclimousin\/wp-json\/wp\/v2\/tags?post=802"}],"curies":[{"name":"wp","href":"https:\/\/api.w.org\/{rel}","templated":true}]}}