{"id":797,"date":"2018-02-09T14:38:51","date_gmt":"2018-02-09T13:38:51","guid":{"rendered":"http:\/\/solidaires87.org\/sudeduclimousin\/?p=797"},"modified":"2020-03-08T08:24:52","modified_gmt":"2020-03-08T07:24:52","slug":"recrutement-des-professeur%e2%8b%85e%e2%8b%85s-des-ecoles-10-de-postes-aux-concours","status":"publish","type":"post","link":"https:\/\/solidaires87.org\/sudeduclimousin\/2018\/02\/09\/recrutement-des-professeur%e2%8b%85e%e2%8b%85s-des-ecoles-10-de-postes-aux-concours\/","title":{"rendered":"Recrutement des professeur\u22c5e\u22c5s des \u00e9coles : -10 % de postes aux concours !"},"content":{"rendered":"<div class=\"chapo\">\n<p>Au journal officiel vient d\u2019\u00eatre publi\u00e9 le 9 f\u00e9vrier l\u2019arr\u00eat\u00e9 fixant le nombre de postes ouvertes aux concours de professeur\u22c5e\u22c5s des \u00e9coles\u00a0:<br class=\"autobr\" \/> <i>Par arr\u00eat\u00e9 du ministre de l\u2019\u00e9ducation nationale en date du 22 janvier 2018, le nombre de postes \u00e0 pourvoir au titre de l\u2019ann\u00e9e 2018 aux concours [\u2026] de professeurs des \u00e9coles est fix\u00e9 \u00e0 11 840.<\/i><\/p>\n<p><strong>11\u00a0840<\/strong> en 2018, alors qu\u2019il y en avait eu <strong>13\u00a0001<\/strong> en 2017. <strong>1161 postes de moins<\/strong>\u00a0: <strong>10\u00a0%<\/strong>.<\/p>\n<p><img loading=\"lazy\" decoding=\"async\" class=\"alignnone size-full wp-image-356\" src=\"http:\/\/solidaires87.org\/sudeduclimousin\/wp-content\/uploads\/sites\/4\/2016\/10\/arton6717-b3e25-1.jpg\" alt=\"\" width=\"150\" height=\"101\" \/><\/p>\n<p>Cette saign\u00e9e aura un impact majeur dans les \u00e9coles, accentu\u00e9 par la politique de communication des 12 \u00e9l\u00e8ves par classe en CP\/CE1 des REP et REP+\u00a0:<\/p>\n<p>\u2022 fermeture des petites \u00e9coles, en particulier en milieu rural, et fusions d\u2019\u00e9coles\u00a0;<br class=\"autobr\" \/> \u2022 r\u00e9duction des services de remplacement d\u00e9j\u00e0 exsangues\u00a0;<br class=\"autobr\" \/> \u2022 extinction de tous les postes hors classe (ma\u00eetre\u22c5se\u22c5s surnum\u00e9raires, RASED, etc.)\u00a0;<br class=\"autobr\" \/> \u2022 augmentation du nombre d\u2019\u00e9l\u00e8ves par classes\u00a0;<br class=\"autobr\" \/> \u2022 d\u00e9gradation des conditions de travail des personnels\u00a0;<br class=\"autobr\" \/> \u2022 d\u00e9t\u00e9rioration des contextes d\u2019apprentissage pour les \u00e9l\u00e8ves\u00a0;<br class=\"autobr\" \/> \u2022 r\u00e9gressions sur les conditions pour assurer dignement l\u2019inclusion scolaire de tou\u22c5te\u22c5s les \u00e9l\u00e8ves\u00a0;<\/p>\n<p>Les acad\u00e9mies les plus touch\u00e9es par les baisses de recrutement sont avant tout des acad\u00e9mies populaires, comme Rouen ou Montpellier dans lesquelles les recrutements sont divis\u00e9s par deux. Cette r\u00e9partition in\u00e9gale des recrutements ne fera qu\u2019accro\u00eetre encore les in\u00e9galit\u00e9s entre les territoires.<\/p>\n<p>La rentr\u00e9e prochaine se fera dans des conditions inacceptables si nous laissons faire. D\u00e8s cette ann\u00e9e, les mesures de cartes scolaires cons\u00e9cutives \u00e0 l\u2019aust\u00e9rit\u00e9 budg\u00e9taire suscitent des mobilisations dans de nombreux d\u00e9partements. Elles doivent se poursuivre, s\u2019amplifier, se g\u00e9n\u00e9raliser. Nous devons agir d\u00e8s maintenant pour stopper le d\u00e9mant\u00e8lement du service public.<\/p>\n<p><strong>\u00c0 tous les niveaux, le gouvernement m\u00e8ne une attaque d\u2019ensemble contre les services publics et la fonction publique.<\/strong><\/p>\n<p><strong>La f\u00e9d\u00e9ration SUD \u00e9ducation appelle les personnels \u00e0 s\u2019inscrire dans la construction de la gr\u00e8ve unitaire du 22 mars, qui doit \u00eatre un point d\u2019appui pour la construction d\u2019un mouvement de gr\u00e8ve reconductible et de convergence des luttes.<\/strong><\/p>\n<a href=\"https:\/\/solidaires87.org\/sudeduclimousin\/wp-content\/uploads\/sites\/4\/2018\/02\/CP_postes-premier-degre_09-02-2018.pdf\" class=\"pdfemb-viewer\" style=\"\" data-width=\"max\" data-height=\"max\"  data-toolbar=\"bottom\" data-toolbar-fixed=\"off\">CP_postes-premier-degre_09-02-2018<br\/><\/a>\n<\/div>\n","protected":false},"excerpt":{"rendered":"<p>Au journal officiel vient d\u2019\u00eatre publi\u00e9 le 9 f\u00e9vrier l\u2019arr\u00eat\u00e9 fixant le nombre de postes ouvertes aux concours de professeur\u22c5e\u22c5s des \u00e9coles\u00a0: Par arr\u00eat\u00e9 du ministre de l\u2019\u00e9ducation nationale en date du 22 janvier 2018, le nombre de postes \u00e0&#8230;<br \/><a class=\"read-more-button\" href=\"https:\/\/solidaires87.org\/sudeduclimousin\/2018\/02\/09\/recrutement-des-professeur%e2%8b%85e%e2%8b%85s-des-ecoles-10-de-postes-aux-concours\/\">Savoir plus<\/a><\/p>\n","protected":false},"author":18,"featured_media":0,"comment_status":"closed","ping_status":"open","sticky":false,"template":"","format":"standard","meta":{"footnotes":""},"categories":[9,5],"tags":[],"_links":{"self":[{"href":"https:\/\/solidaires87.org\/sudeduclimousin\/wp-json\/wp\/v2\/posts\/797"}],"collection":[{"href":"https:\/\/solidaires87.org\/sudeduclimousin\/wp-json\/wp\/v2\/posts"}],"about":[{"href":"https:\/\/solidaires87.org\/sudeduclimousin\/wp-json\/wp\/v2\/types\/post"}],"author":[{"embeddable":true,"href":"https:\/\/solidaires87.org\/sudeduclimousin\/wp-json\/wp\/v2\/users\/18"}],"replies":[{"embeddable":true,"href":"https:\/\/solidaires87.org\/sudeduclimousin\/wp-json\/wp\/v2\/comments?post=797"}],"version-history":[{"count":1,"href":"https:\/\/solidaires87.org\/sudeduclimousin\/wp-json\/wp\/v2\/posts\/797\/revisions"}],"predecessor-version":[{"id":798,"href":"https:\/\/solidaires87.org\/sudeduclimousin\/wp-json\/wp\/v2\/posts\/797\/revisions\/798"}],"wp:attachment":[{"href":"https:\/\/solidaires87.org\/sudeduclimousin\/wp-json\/wp\/v2\/media?parent=797"}],"wp:term":[{"taxonomy":"category","embeddable":true,"href":"https:\/\/solidaires87.org\/sudeduclimousin\/wp-json\/wp\/v2\/categories?post=797"},{"taxonomy":"post_tag","embeddable":true,"href":"https:\/\/solidaires87.org\/sudeduclimousin\/wp-json\/wp\/v2\/tags?post=797"}],"curies":[{"name":"wp","href":"https:\/\/api.w.org\/{rel}","templated":true}]}}