{"id":792,"date":"2018-02-02T23:12:29","date_gmt":"2018-02-02T22:12:29","guid":{"rendered":"http:\/\/solidaires87.org\/sudeduclimousin\/?p=792"},"modified":"2020-03-08T08:25:04","modified_gmt":"2020-03-08T07:25:04","slug":"rapport-mathiot-lanalyse-de-sud-education-vers-un-lycee-du-tri-social","status":"publish","type":"post","link":"https:\/\/solidaires87.org\/sudeduclimousin\/2018\/02\/02\/rapport-mathiot-lanalyse-de-sud-education-vers-un-lycee-du-tri-social\/","title":{"rendered":"Rapport Mathiot, l\u2019analyse de SUD \u00e9ducation : vers un lyc\u00e9e du tri social"},"content":{"rendered":"<p><big><span style=\"color: #ec0000\">Le rapport Mathiot vient d\u2019\u00eatre publi\u00e9. Command\u00e9 par le ministre, il donne des orientations inqui\u00e9tantes pour la future r\u00e9forme du bac et du lyc\u00e9e. <br class=\"autobr\" \/> La lettre de mission du ministre et le projet pr\u00e9sidentiel fixaient une contrainte forte sur cette r\u00e9forme\u00a0: la r\u00e9duction \u00e0 4 du nombre d\u2019\u00e9preuves terminales au baccalaur\u00e9at pour faire des \u00e9conomies budg\u00e9taires.<br class=\"autobr\" \/> La r\u00e9forme qui est en pr\u00e9paration s\u2019inscrit en continuit\u00e9 avec la g\u00e9n\u00e9ralisation de la s\u00e9lection pour l\u2019acc\u00e8s aux \u00e9tudes sup\u00e9rieures.<br class=\"autobr\" \/> Semestrialisation, <br class=\"autobr\" \/> lyc\u00e9e \u00e0 la carte,<br class=\"autobr\" \/> contr\u00f4le continu et<br class=\"autobr\" \/> accentuation du tri social\u2026<br class=\"autobr\" \/> Le nouveau lyc\u00e9e et le nouveau baccalaur\u00e9at sont dans la droite ligne de toute la politique n\u00e9olib\u00e9rale de ce gouvernement\u00a0: r\u00e9duction de la d\u00e9pense publique, destruction de tous les cadres collectifs, augmentation des in\u00e9galit\u00e9s.<\/span><\/big><\/p>\n<p><img loading=\"lazy\" decoding=\"async\" class=\"alignnone size-medium wp-image-745\" src=\"http:\/\/solidaires87.org\/sudeduclimousin\/wp-content\/uploads\/sites\/4\/2017\/12\/Visuel-pour-un-lycee-egalitaire-300x259.png\" alt=\"\" width=\"300\" height=\"259\" srcset=\"https:\/\/solidaires87.org\/sudeduclimousin\/wp-content\/uploads\/sites\/4\/2017\/12\/Visuel-pour-un-lycee-egalitaire-300x259.png 300w, https:\/\/solidaires87.org\/sudeduclimousin\/wp-content\/uploads\/sites\/4\/2017\/12\/Visuel-pour-un-lycee-egalitaire.png 590w\" sizes=\"(max-width: 300px) 100vw, 300px\" \/><\/p>\n<a href=\"https:\/\/solidaires87.org\/sudeduclimousin\/wp-content\/uploads\/sites\/4\/2018\/02\/8-pages-lyce_e-bac-post-rapport-mathiot.pdf\" class=\"pdfemb-viewer\" style=\"\" data-width=\"max\" data-height=\"max\"  data-toolbar=\"bottom\" data-toolbar-fixed=\"off\">8-pages-lyce_e-bac-post-rapport-mathiot<br\/><\/a>\n","protected":false},"excerpt":{"rendered":"<p>Le rapport Mathiot vient d\u2019\u00eatre publi\u00e9. Command\u00e9 par le ministre, il donne des orientations inqui\u00e9tantes pour la future r\u00e9forme du bac et du lyc\u00e9e. La lettre de mission du ministre et le projet pr\u00e9sidentiel fixaient une contrainte forte sur cette&#8230;<br \/><a class=\"read-more-button\" href=\"https:\/\/solidaires87.org\/sudeduclimousin\/2018\/02\/02\/rapport-mathiot-lanalyse-de-sud-education-vers-un-lycee-du-tri-social\/\">Savoir plus<\/a><\/p>\n","protected":false},"author":18,"featured_media":0,"comment_status":"closed","ping_status":"open","sticky":false,"template":"","format":"standard","meta":{"footnotes":""},"categories":[9,5],"tags":[],"_links":{"self":[{"href":"https:\/\/solidaires87.org\/sudeduclimousin\/wp-json\/wp\/v2\/posts\/792"}],"collection":[{"href":"https:\/\/solidaires87.org\/sudeduclimousin\/wp-json\/wp\/v2\/posts"}],"about":[{"href":"https:\/\/solidaires87.org\/sudeduclimousin\/wp-json\/wp\/v2\/types\/post"}],"author":[{"embeddable":true,"href":"https:\/\/solidaires87.org\/sudeduclimousin\/wp-json\/wp\/v2\/users\/18"}],"replies":[{"embeddable":true,"href":"https:\/\/solidaires87.org\/sudeduclimousin\/wp-json\/wp\/v2\/comments?post=792"}],"version-history":[{"count":1,"href":"https:\/\/solidaires87.org\/sudeduclimousin\/wp-json\/wp\/v2\/posts\/792\/revisions"}],"predecessor-version":[{"id":793,"href":"https:\/\/solidaires87.org\/sudeduclimousin\/wp-json\/wp\/v2\/posts\/792\/revisions\/793"}],"wp:attachment":[{"href":"https:\/\/solidaires87.org\/sudeduclimousin\/wp-json\/wp\/v2\/media?parent=792"}],"wp:term":[{"taxonomy":"category","embeddable":true,"href":"https:\/\/solidaires87.org\/sudeduclimousin\/wp-json\/wp\/v2\/categories?post=792"},{"taxonomy":"post_tag","embeddable":true,"href":"https:\/\/solidaires87.org\/sudeduclimousin\/wp-json\/wp\/v2\/tags?post=792"}],"curies":[{"name":"wp","href":"https:\/\/api.w.org\/{rel}","templated":true}]}}