{"id":788,"date":"2018-01-26T18:44:18","date_gmt":"2018-01-26T17:44:18","guid":{"rendered":"http:\/\/solidaires87.org\/sudeduclimousin\/?p=788"},"modified":"2020-03-08T08:25:13","modified_gmt":"2020-03-08T07:25:13","slug":"un-fevrier-de-lutte-et-de-greve","status":"publish","type":"post","link":"https:\/\/solidaires87.org\/sudeduclimousin\/2018\/01\/26\/un-fevrier-de-lutte-et-de-greve\/","title":{"rendered":"Un f\u00e9vrier de lutte et de gr\u00e8ve !"},"content":{"rendered":"<div class=\"soustitre\"><i><b>Lyc\u00e9e, bac, s\u00e9lection \u00e0 l\u2019universit\u00e9, moyens&#8230;<\/b><\/i><\/div>\n<div class=\"chapo\">\n<p>&nbsp;<\/p>\n<p>1er f\u00e9vrier \u2022 Mobilisation nationale unitaire lyc\u00e9en\u00b7ne\u00b7s\/\u00e9tudiant\u00b7e\u00b7s\/personnels<\/p>\n<p>6 f\u00e9vrier \u2022 Gr\u00e8ve et manifestations intersyndicales des coll\u00e8ges et des lyc\u00e9es<\/p>\n<p><img loading=\"lazy\" decoding=\"async\" class=\"alignnone  wp-image-745\" src=\"http:\/\/solidaires87.org\/sudeduclimousin\/wp-content\/uploads\/sites\/4\/2017\/12\/Visuel-pour-un-lycee-egalitaire-300x259.png\" alt=\"\" width=\"145\" height=\"125\" srcset=\"https:\/\/solidaires87.org\/sudeduclimousin\/wp-content\/uploads\/sites\/4\/2017\/12\/Visuel-pour-un-lycee-egalitaire-300x259.png 300w, https:\/\/solidaires87.org\/sudeduclimousin\/wp-content\/uploads\/sites\/4\/2017\/12\/Visuel-pour-un-lycee-egalitaire.png 590w\" sizes=\"(max-width: 145px) 100vw, 145px\" \/><\/p>\n<h3 class=\"spip\">Vers un lyc\u00e9e \u00e0 la carte<\/h3>\n<p>Le rapport Mathiot pr\u00e9conise d\u2019en finir avec les fili\u00e8res pour instaurer un lyc\u00e9e semestrialis\u00e9 et modulaire avec diff\u00e9rents parcours de majeures, dont certains seront propres \u00e0 un \u00e9tablissement. Sous couvert d\u2019une libert\u00e9 de choix, ce qui est impos\u00e9 c\u2019est l\u2019orientation pr\u00e9coce d\u00e8s la Seconde, l\u2019accentuation du d\u00e9terminisme social et des in\u00e9galit\u00e9s territoriales, la fin de la notion d\u2019\u00e9quipe p\u00e9dagogique puisque le groupe classe dispara\u00eet. Les statuts des enseignant\u00b7e\u00b7s sont attaqu\u00e9s avec la flexibilisation de leur temps de service, vers une annualisation.<\/p>\n<h3 class=\"spip\">Casse du bac national<\/h3>\n<p>Le bac r\u00e9form\u00e9 ne comportera plus que 4 \u00e9preuves terminales, ce qui l\u2019oriente vers un dipl\u00f4me \u00ab\u00a0maison\u00a0\u00bb d\u00e9pendant de l\u2019\u00e9tablissement, cassant ainsi sa valeur nationale. Avec le contr\u00f4le continu, l\u2019\u00e9valuation des \u00e9l\u00e8ves deviendra de plus en plus source de tension avec les \u00e9l\u00e8ves et leurs familles et il sera beaucoup plus difficile de la faire correspondre \u00e0 des enjeux formatifs et p\u00e9dagogiques.<\/p>\n<h3 class=\"spip\">S\u00e9lection \u00e0 l\u2019entr\u00e9e de l\u2019Universit\u00e9<\/h3>\n<p>D\u00e8s cette ann\u00e9e, le bac ne sera plus suffisant pour acc\u00e9der \u00e0 l\u2019universit\u00e9. Attendus diff\u00e9rents d\u2019un \u00e9tablissement \u00e0 l\u2019autre, lettres de recommandations, engagements associatifs seront demand\u00e9s par les Universit\u00e9s. Organiser la p\u00e9nurie pour instaurer la s\u00e9lection\u00a0: c\u2019est le sale coup de ce gouvernement.<\/p>\n<h3 class=\"spip\"><strong>Avec un lyc\u00e9e modulaire, un bac local et la s\u00e9lection, l\u2019universit\u00e9 ne comptera m\u00eame plus les 11\u00a0% d\u2019enfants d\u2019ouvriers\/\u00e8res qui y \u00e9tudient actuellement. <\/strong><\/h3>\n<p><img loading=\"lazy\" decoding=\"async\" class=\"alignnone size-full wp-image-773\" src=\"http:\/\/solidaires87.org\/sudeduclimousin\/wp-content\/uploads\/sites\/4\/2018\/01\/arton7338-4d760.png\" alt=\"\" width=\"150\" height=\"119\" \/><\/p>\n<h3 class=\"spip\">Heures d\u2019enseignement en moins<\/h3>\n<p>Les DHG sont en baisse avec des heures perdues dans de nombreux \u00e9tablissements. D\u00e9doublements et dispositifs d\u2019accompagnements vont dispara\u00eetre. Ce gouvernement m\u00e8ne une offensive contre les personnels en d\u00e9gradant leurs conditions de travail et contre les \u00e9l\u00e8ves issus des classes populaires en ob\u00e9rant leur avenir.<\/p>\n<h3 class=\"spip\"><strong>Dans l\u2019\u00e9ducation comme ailleurs, le gouvernement Macron m\u00e8ne une politique pour les riches\u00a0!<\/strong><\/h3>\n<h3 class=\"spip\">D\u00e9fendre une \u00e9ducation \u00e9galitaire<\/h3>\n<p>Les f\u00e9d\u00e9rations FERC-CGT, FNEC-FP FO, FSU, SGL, SUD \u00e9ducation, Solidaires \u00e9tudiant\u00b7e\u00b7s, Unef, UNL, UNL-SD appellent les lyc\u00e9en\u00b7ne\u00b7s, les \u00e9tudiant\u00b7e\u00b7s, les personnels des universit\u00e9s et des lyc\u00e9es \u00e0 se mobiliser le jeudi 1er f\u00e9vrier 2018 sous toutes les formes d\u00e9cid\u00e9es collectivement, y compris par la gr\u00e8ve, dans les universit\u00e9s et les lyc\u00e9es.<\/p>\n<p>SNES, SNUEP, CGT \u00e9duc\u2019action et SUD \u00e9ducation appellent les personnels des coll\u00e8ges et des lyc\u00e9es \u00e0 faire gr\u00e8ve et \u00e0 manifester le 6 f\u00e9vrier.<\/p>\n<h3 class=\"spip\">SUD \u00e9ducation appelle \u00e0 construire la riposte et \u00e0 faire du 1er et du 6 f\u00e9vrier le d\u00e9but d\u2019une grande mobilisation pour le retrait de la r\u00e9forme du bac, du lyc\u00e9e et de l\u2019entr\u00e9e \u00e0 l\u2019universit\u00e9 et exiger les moyens structurels et financier pour un service public d\u2019\u00e9ducation \u00e9galitaire et \u00e9mancipateur.<\/h3>\n<a href=\"https:\/\/solidaires87.org\/sudeduclimousin\/wp-content\/uploads\/sites\/4\/2018\/01\/tract-fede-sud-educ_appel-1er-et-6-fevrier-2018.pdf\" class=\"pdfemb-viewer\" style=\"\" data-width=\"max\" data-height=\"max\"  data-toolbar=\"bottom\" data-toolbar-fixed=\"off\">tract-fede-sud-educ_appel-1er-et-6-fevrier-2018<br\/><\/a>\n<\/div>\n","protected":false},"excerpt":{"rendered":"<p>Lyc\u00e9e, bac, s\u00e9lection \u00e0 l\u2019universit\u00e9, moyens&#8230; &nbsp; 1er f\u00e9vrier \u2022 Mobilisation nationale unitaire lyc\u00e9en\u00b7ne\u00b7s\/\u00e9tudiant\u00b7e\u00b7s\/personnels 6 f\u00e9vrier \u2022 Gr\u00e8ve et manifestations intersyndicales des coll\u00e8ges et des lyc\u00e9es Vers un lyc\u00e9e \u00e0 la carte Le rapport Mathiot pr\u00e9conise d\u2019en finir avec les&#8230;<br \/><a class=\"read-more-button\" href=\"https:\/\/solidaires87.org\/sudeduclimousin\/2018\/01\/26\/un-fevrier-de-lutte-et-de-greve\/\">Savoir plus<\/a><\/p>\n","protected":false},"author":18,"featured_media":0,"comment_status":"closed","ping_status":"open","sticky":false,"template":"","format":"standard","meta":{"footnotes":""},"categories":[9,5],"tags":[],"_links":{"self":[{"href":"https:\/\/solidaires87.org\/sudeduclimousin\/wp-json\/wp\/v2\/posts\/788"}],"collection":[{"href":"https:\/\/solidaires87.org\/sudeduclimousin\/wp-json\/wp\/v2\/posts"}],"about":[{"href":"https:\/\/solidaires87.org\/sudeduclimousin\/wp-json\/wp\/v2\/types\/post"}],"author":[{"embeddable":true,"href":"https:\/\/solidaires87.org\/sudeduclimousin\/wp-json\/wp\/v2\/users\/18"}],"replies":[{"embeddable":true,"href":"https:\/\/solidaires87.org\/sudeduclimousin\/wp-json\/wp\/v2\/comments?post=788"}],"version-history":[{"count":1,"href":"https:\/\/solidaires87.org\/sudeduclimousin\/wp-json\/wp\/v2\/posts\/788\/revisions"}],"predecessor-version":[{"id":789,"href":"https:\/\/solidaires87.org\/sudeduclimousin\/wp-json\/wp\/v2\/posts\/788\/revisions\/789"}],"wp:attachment":[{"href":"https:\/\/solidaires87.org\/sudeduclimousin\/wp-json\/wp\/v2\/media?parent=788"}],"wp:term":[{"taxonomy":"category","embeddable":true,"href":"https:\/\/solidaires87.org\/sudeduclimousin\/wp-json\/wp\/v2\/categories?post=788"},{"taxonomy":"post_tag","embeddable":true,"href":"https:\/\/solidaires87.org\/sudeduclimousin\/wp-json\/wp\/v2\/tags?post=788"}],"curies":[{"name":"wp","href":"https:\/\/api.w.org\/{rel}","templated":true}]}}