{"id":785,"date":"2018-01-23T14:16:56","date_gmt":"2018-01-23T13:16:56","guid":{"rendered":"http:\/\/solidaires87.org\/sudeduclimousin\/?p=785"},"modified":"2020-03-08T08:25:21","modified_gmt":"2020-03-08T07:25:21","slug":"perspective-politique-et-strategie-syndicale-les-jours-heureux-acte-ii","status":"publish","type":"post","link":"https:\/\/solidaires87.org\/sudeduclimousin\/2018\/01\/23\/perspective-politique-et-strategie-syndicale-les-jours-heureux-acte-ii\/","title":{"rendered":"Perspective politique et strat\u00e9gie syndicale : les jours heureux, acte II"},"content":{"rendered":"<p align=\"CENTER\"><span style=\"color: #000000\"><span style=\"font-size: medium\"><b>Contribution au d\u00e9bat du syndicat SUD \u00e9ducation Limousin<\/b><\/span><\/span><\/p>\n<p align=\"CENTER\"><img loading=\"lazy\" decoding=\"async\" class=\"alignnone size-medium wp-image-277\" src=\"http:\/\/solidaires87.org\/sudeduclimousin\/wp-content\/uploads\/sites\/4\/2016\/09\/Gros-poisson-212x300.jpg\" alt=\"\" width=\"212\" height=\"300\" srcset=\"https:\/\/solidaires87.org\/sudeduclimousin\/wp-content\/uploads\/sites\/4\/2016\/09\/Gros-poisson-212x300.jpg 212w, https:\/\/solidaires87.org\/sudeduclimousin\/wp-content\/uploads\/sites\/4\/2016\/09\/Gros-poisson.jpg 500w\" sizes=\"(max-width: 212px) 100vw, 212px\" \/><\/p>\n<p align=\"JUSTIFY\"><span style=\"font-size: medium\">En revendiquant la titularisation de tous les personnels en situation de pr\u00e9carit\u00e9 au sein de l\u2019Education Nationale, la f\u00e9d\u00e9ration SUD Education revendique de fait qu\u2019un statut soit attribu\u00e9 \u00e0 chaque personne travaillant au sein de cette institution. Ce statut est la <strong>reconnaissance d\u2019une qualification attach\u00e9e \u00e0 la personne<\/strong>, qui engendre de fait le versement d\u2019un<strong> salaire \u00e0 vie<\/strong>, puisque continu\u00e9 \u00e0 l\u2019issue de la p\u00e9riode d\u2019activit\u00e9 et jusqu\u2019au d\u00e9c\u00e8s.<\/span><\/p>\n<p align=\"JUSTIFY\"><span style=\"font-size: medium\">En outre, le ou la fonctionnaire, en particulier de l\u2019Education Nationale, ne se soumettra jamais au march\u00e9 de l\u2019emploi, dont on sait qu\u2019il est aujourd\u2019hui aux mains de la classe dirigeante capitaliste\u00a0: charge \u00e0 son employeur de lui trouver un poste, le contraire n\u2019engendrant pas un arr\u00eat du salaire, puisque celui-ci n\u2019est pas attribu\u00e9 au poste mais \u00e0 la personne dont la soci\u00e9t\u00e9 reconna\u00eet ainsi la qualification.<\/span><\/p>\n<p align=\"JUSTIFY\"><span style=\"font-size: medium\"><strong>L\u2019institution d\u2019une fonction publique forte fut ainsi \u00e0 proprement parler r\u00e9volutionnaire.<\/strong> Elle repr\u00e9sente aujourd\u2019hui encore un tiers du Produit Int\u00e9rieur Brut du pays, malgr\u00e9 toutes les attaques dont elle a fait l\u2019objet au cours des derni\u00e8res d\u00e9cennies.<\/span><\/p>\n<p align=\"JUSTIFY\"><span style=\"font-size: medium\">D\u00e9ployer aujourd\u2019hui une strat\u00e9gie syndicale qui se donne les moyens de ses ambitions revient donc, in fine, \u00e0 proposer<strong> l\u2019instauration progressive du salaire \u00e0 vie pour toutes et tous, dans les m\u00eames conditions.<\/strong><\/span><\/p>\n<p align=\"JUSTIFY\"><span style=\"font-size: medium\">Plut\u00f4t qu\u2019\u00eatre soumis au march\u00e9 capitaliste,<strong> bien des secteurs peuvent sans doute \u00eatre pris en charge par la fonction publique\u00a0: sant\u00e9, \u00e9ducation, logement, gestion de l\u2019eau, gestion de l\u2019\u00e9nergie, transport, gestion des territoires\u2026<\/strong><\/span><\/p>\n<p align=\"JUSTIFY\"><span style=\"font-size: medium\">L\u2019avantage serait double\u00a0: le (re)-d\u00e9ploiement d\u2019une fonction publique forte dans ces secteurs engendrerait de fait la<strong> gratuit\u00e9 des services au public<\/strong> qui en d\u00e9couleraient, constituant ainsi une forme de <strong>salaire socialis\u00e9<\/strong>\u00a0; il tarirait \u00e9galement le march\u00e9 de l\u2019emploi capitaliste de la main d\u2019oeuvre corv\u00e9able dont il se dote actuellement, pr\u00e9carisant sans cesse un peu plus l\u2019ensemble de la soci\u00e9t\u00e9 civile soumise aux r\u00e8gles impos\u00e9es par la classe dirigeante.<\/span><\/p>\n<p align=\"JUSTIFY\"><span style=\"font-size: medium\">Reste \u00e0 d\u00e9terminer dans quelles conditions cette perspective peut s\u2019accorder \u00e0 <strong>nos vis\u00e9es autogestionnaires<\/strong>. L\u00e0 encore, la r\u00e9ponse est d\u00e9j\u00e0 inscrite dans notre histoire\u00a0:<strong> la S\u00e9curit\u00e9 Sociale<\/strong> fut ainsi tr\u00e8s bien g\u00e9r\u00e9e par les syndicats (et donc par la classe des travailleuses et des travailleurs) pendant plus de vingt ans\u00a0! Durant cette p\u00e9riode, les comptes de la S\u00e9cu \u00e9taient d\u2019ailleurs \u00e9quilibr\u00e9s, prouvant par l\u00e0-m\u00eame que <strong>la classe o(e)uvri\u00e8re est tout \u00e0 fait en capacit\u00e9 de relever ce type de d\u00e9fis<\/strong>. Il aura fallu qu\u2019un gouvernement donne (en 1967) les clefs du dispositifs aux patrons pour que la situation se d\u00e9grade\u00a0: ceux-ci n\u2019ayant aucun int\u00e9r\u00eat \u00e0 ce que cette institution perdure vont inlassablement la saboter, ann\u00e9e apr\u00e8s ann\u00e9e (diminuer par exemple les cotisations sociales \u00e9quivaut \u00e0 une baisse des recettes et donc \u00e0 un d\u00e9ficit inexorable\u2026).<\/span><\/p>\n<p align=\"JUSTIFY\"><span style=\"font-size: medium\">Ce qui a \u00e9t\u00e9 mis en place pour le secteur de la sant\u00e9 doit aujourd\u2019hui \u00eatre \u00e9tendu \u00e0 d\u2019autres domaines. Dans le contexte actuel,<strong> b\u00e9n\u00e9ficier d\u2019une s\u00e9curit\u00e9 sociale doit signifier bien d\u2019autres choses qu\u2019un acc\u00e8s gratuit aux soins de qualit\u00e9\u00a0: l\u2019acc\u00e8s \u00e0 l\u2019eau potable, \u00e0 l\u2019\u00e9nergie, au logement, l\u2019\u00e9ducation des enfants\u2026 peuvent ainsi constituer autant de garanties sociales<\/strong> pour chacun.e.<\/span><\/p>\n<p align=\"JUSTIFY\"><span style=\"font-size: medium\">En d\u2019autres mots, il s\u2019agirait donc de faire sortir l\u2019\u00e9ducation des pr\u00e9rogatives gouvernementales, en instituant (au sein d\u2019une nouvelle constitution) que ce domaine et d\u2019autres doivent \u00eatre g\u00e9r\u00e9s, comme celui de la sant\u00e9, au-del\u00e0 des querelles partisanes dont se gargarise la classe dirigeante et ses contre-r\u00e9formes permanentes.<\/span><\/p>\n<p align=\"JUSTIFY\"><span style=\"font-size: medium\">Ainsi, la fonction publique d\u2019\u00e9ducation serait \u00e9galement financ\u00e9e par la cotisation sociale dont s\u2019acquitteraient les employeurs, oblig\u00e9s de ce fait \u00e0 cotiser davantage au pot commun pour le bien public plut\u00f4t que de continuer \u00e0 s\u2019enrichir individuellement de mani\u00e8re \u00e9hont\u00e9e. <\/span><\/p>\n<p align=\"JUSTIFY\"><span style=\"font-size: medium\">Notons ici que ce mode direct de financement pr\u00e9sente en outre l&rsquo;avantage de mettre imm\u00e9diatement fin aux ph\u00e9nom\u00e8nes d&rsquo;\u00e9vasion fiscale, contrairement \u00e0 celui de l&rsquo;imp\u00f4t dont s&rsquo;exon\u00e8rent aujourd&rsquo;hui scandaleusement la plupart des grandes entreprises&#8230;<\/span><\/p>\n<p align=\"JUSTIFY\"><span style=\"font-size: medium\">Des <strong>\u00ab\u00a0caisses \u00e9ducation\u00a0\u00bb<\/strong> seraient ainsi cr\u00e9\u00e9es et <strong>g\u00e9r\u00e9es sur tout le territoire directement par la soci\u00e9t\u00e9 civile et par les travailleuses et les travailleurs du secteur<\/strong>, via l\u2019\u00e9lection de leurs repr\u00e9sentant.e.s au sein des organisations syndicales.<\/span><\/p>\n<p align=\"JUSTIFY\"><span style=\"font-size: medium\">Port\u00e9e par l\u2019union syndicale Solidaires, cette perspective nous semble \u00eatre en mesure de r\u00e9unir aujourd\u2019hui toutes les forces progressistes du pays, afin qu\u2019un mouvement social d\u2019une ampleur colossale puisse na\u00eetre dans son sillon, dans le but de <strong>destituer d\u2019abord la classe dirigeante des fonctions qu\u2019elle occupe via l\u2019\u00e9criture d\u2019une nouvelle constitution<\/strong>, pour ensuite renouer avec notre pass\u00e9 r\u00e9volutionnaire. <\/span><\/p>\n<p align=\"JUSTIFY\"><strong><span style=\"font-size: medium\">Financer la sant\u00e9, l\u2019\u00e9ducation, le logement, l\u2019acc\u00e8s \u00e0 l\u2019eau\u2026 par la cotisation sociale ponctionn\u00e9e sur les richesses collectivement produites (et actuellement spoli\u00e9es par la classe dirigeante) et ainsi socialis\u00e9e puisque r\u00e9-affect\u00e9e aux biens communs autog\u00e9r\u00e9s par les travailleuses et les travailleurs nous semble ainsi aujourd\u2019hui tout autant accessible que n\u00e9cessaire.<\/span><\/strong><\/p>\n<p align=\"JUSTIFY\"><span style=\"font-size: medium\">Par ailleurs, et puisque toute d\u00e9mocratie ne peut \u00eatre que sainement vivante qu\u2019\u00e0 la condition o\u00f9 r\u00e8gne un \u00e9quilibre entre ce qui est d\u00e9j\u00e0 institu\u00e9 et ce \u00e0 quoi aspire la soci\u00e9t\u00e9 civile, il para\u00eet indispensable de <strong>porter un soin tout particulier au secteur associatif ou coop\u00e9ratif.<\/strong> Les associations, autog\u00e9r\u00e9es par nature, doivent se voir attribuer des moyens cons\u00e9quents, pour peu que leur utilit\u00e9 publique ou sociale soit \u00e9tablie. Ceci suppose que les instances charg\u00e9es de d\u00e9livrer ce type de label puissent \u00eatre renforc\u00e9es, afin de fonctionner \u00e0 plein. Ceci suppose \u00e9galement que les mises \u00e0 disposition ou d\u00e9tachements de personnels puissent \u00eatre assur\u00e9es en nombre par les diff\u00e9rents minist\u00e8res concern\u00e9s, ce en quoi notre pass\u00e9 pourra \u00e9galement \u00eatre source d&rsquo;inspiration.<\/span><\/p>\n<p align=\"JUSTIFY\"><span style=\"font-size: medium\">Enfin, il convient sans doute aujourd\u2019hui de<strong> modifier le statut des \u00e9lu.e.s en charge d\u2019administrer ces associations, et de mettre ainsi fin au travail gratuit,<\/strong> souvent colossal, qu\u2019ils ou elles produisent. Pour ce faire, ces \u00e9lu.e.s doivent \u00eatre d\u00e9charg\u00e9.e.s en partie de leur fonction,<strong> afin de pouvoir assumer ces t\u00e2ches essentielles pour la vie d\u00e9mocratique dans de bonnes conditions.<\/strong><\/span><\/p>\n<p align=\"JUSTIFY\"><span style=\"font-size: medium\">Autant de perspectives qui sont aujourd&rsquo;hui largement identifi\u00e9es, et qu&rsquo;il nous faut de toute urgence populariser afin de dessiner ensemble un avenir susceptible d&rsquo;apporter une r\u00e9ponse cr\u00e9dible aux crises sociales, financi\u00e8res et \u00e9cologiques que nous traversons depuis trop longtemps&#8230;<\/span><\/p>\n<p align=\"JUSTIFY\"><span style=\"font-size: medium\">Et il faudra d&#8217;embl\u00e9e avoir conscience que la classe dirigeante ne souscrira jamais \u00e0 ce projet de son plein gr\u00e9, parce qu&rsquo;elle n&rsquo;a rien \u00e0 y gagner et qu&rsquo;elle en est incapable, ce qui nous oblige \u00e0 envisager qu&rsquo;il faudra la soumettre par la force collective de nos intentions, c&rsquo;est \u00e0 dire par la lutte.<\/span><\/p>\n<p align=\"JUSTIFY\"><span style=\"font-size: medium\"><strong>Bloquer l&rsquo;\u00e9conomie, organiser des gr\u00e8ves durables et reconductibles, mettre en \u0153uvre des formes de d\u00e9sob\u00e9issance et faire vivre d\u2019autres mod\u00e8les de soci\u00e9t\u00e9<\/strong> restent les leviers principaux que nous pouvons actionner ensemble, parce que ces moyens d&rsquo;actions pr\u00e9sentent l&rsquo;immense avantage de <strong>mettre un coup d&rsquo;arr\u00eat imm\u00e9diat au d\u00e9ploiement de la logique capitaliste<\/strong> \u00e0 laquelle nous continuons souvent \u00e0 contribuer dans le cas contraire. Tant que le droit (constitutionnel ) de gr\u00e8ve existe encore, <strong>obligeant chacun.e d&rsquo;entre nous \u00e0 prendre ses responsabilit\u00e9s,<\/strong> il peut et doit notamment nous permettre de r\u00e9unir nos forces afin d&rsquo;instituer \u00e0 nouveau la fa\u00e7on dont nous voulons vivre ensemble, via notamment <strong>l&rsquo;\u00e9criture d&rsquo;une nouvelle constitution.<\/strong><\/span><\/p>\n<p align=\"JUSTIFY\"><span style=\"font-size: medium\">C&rsquo;est \u00e0 ce prix que nous pourrons abolir celle de la V\u00e8me r\u00e9publique, aujourd&rsquo;hui largement obsol\u00e8te. Il est aujourd&rsquo;hui de notre responsabilit\u00e9 de pr\u00e9parer ainsi des lendemains meilleurs pour les g\u00e9n\u00e9rations futures.<\/span><\/p>\n<p align=\"JUSTIFY\"><span style=\"font-size: medium\">L\u2019union syndicale Solidaires d\u00e9pose r\u00e9guli\u00e8rement des pr\u00e9avis de gr\u00e8ve reconductibles qui doivent nous permettre de nous mettre en route, maintenant. <\/span><\/p>\n<p align=\"JUSTIFY\"><a href=\"https:\/\/solidaires87.org\/sudeduclimousin\/wp-content\/uploads\/sites\/4\/2018\/01\/Strat\u00e9gie-syndicale-from-Limousin.pdf\" class=\"pdfemb-viewer\" style=\"\" data-width=\"max\" data-height=\"max\"  data-toolbar=\"bottom\" data-toolbar-fixed=\"off\">Strat\u00e9gie syndicale from Limousin<br\/><\/a><\/p>\n","protected":false},"excerpt":{"rendered":"<p>Contribution au d\u00e9bat du syndicat SUD \u00e9ducation Limousin En revendiquant la titularisation de tous les personnels en situation de pr\u00e9carit\u00e9 au sein de l\u2019Education Nationale, la f\u00e9d\u00e9ration SUD Education revendique de fait qu\u2019un statut soit attribu\u00e9 \u00e0 chaque personne travaillant&#8230;<br \/><a class=\"read-more-button\" href=\"https:\/\/solidaires87.org\/sudeduclimousin\/2018\/01\/23\/perspective-politique-et-strategie-syndicale-les-jours-heureux-acte-ii\/\">Savoir plus<\/a><\/p>\n","protected":false},"author":18,"featured_media":0,"comment_status":"closed","ping_status":"open","sticky":false,"template":"","format":"standard","meta":{"footnotes":""},"categories":[8],"tags":[14],"_links":{"self":[{"href":"https:\/\/solidaires87.org\/sudeduclimousin\/wp-json\/wp\/v2\/posts\/785"}],"collection":[{"href":"https:\/\/solidaires87.org\/sudeduclimousin\/wp-json\/wp\/v2\/posts"}],"about":[{"href":"https:\/\/solidaires87.org\/sudeduclimousin\/wp-json\/wp\/v2\/types\/post"}],"author":[{"embeddable":true,"href":"https:\/\/solidaires87.org\/sudeduclimousin\/wp-json\/wp\/v2\/users\/18"}],"replies":[{"embeddable":true,"href":"https:\/\/solidaires87.org\/sudeduclimousin\/wp-json\/wp\/v2\/comments?post=785"}],"version-history":[{"count":1,"href":"https:\/\/solidaires87.org\/sudeduclimousin\/wp-json\/wp\/v2\/posts\/785\/revisions"}],"predecessor-version":[{"id":786,"href":"https:\/\/solidaires87.org\/sudeduclimousin\/wp-json\/wp\/v2\/posts\/785\/revisions\/786"}],"wp:attachment":[{"href":"https:\/\/solidaires87.org\/sudeduclimousin\/wp-json\/wp\/v2\/media?parent=785"}],"wp:term":[{"taxonomy":"category","embeddable":true,"href":"https:\/\/solidaires87.org\/sudeduclimousin\/wp-json\/wp\/v2\/categories?post=785"},{"taxonomy":"post_tag","embeddable":true,"href":"https:\/\/solidaires87.org\/sudeduclimousin\/wp-json\/wp\/v2\/tags?post=785"}],"curies":[{"name":"wp","href":"https:\/\/api.w.org\/{rel}","templated":true}]}}