{"id":780,"date":"2018-01-22T22:11:42","date_gmt":"2018-01-22T21:11:42","guid":{"rendered":"http:\/\/solidaires87.org\/sudeduclimousin\/?p=780"},"modified":"2020-03-08T08:25:27","modified_gmt":"2020-03-08T07:25:27","slug":"lycee-bac-selection-a-luniversite-mobilisation-nationale-le-1er-fevrier","status":"publish","type":"post","link":"https:\/\/solidaires87.org\/sudeduclimousin\/2018\/01\/22\/lycee-bac-selection-a-luniversite-mobilisation-nationale-le-1er-fevrier\/","title":{"rendered":"Lyc\u00e9e, bac, s\u00e9lection \u00e0 l\u2019universit\u00e9 : mobilisation nationale le 1er f\u00e9vrier"},"content":{"rendered":"<div class=\"soustitre\"><i><b>Tract de la f\u00e9d\u00e9ration SUD \u00e9ducation<\/b><\/i><\/div>\n<p>&nbsp;<\/p>\n<div class=\"detail\">Publi\u00e9\u00a0le\u00a0lundi\u00a022 janvier 2018 sur <a href=\"http:\/\/www.sudeducation.org\/Lycee-bac-selection-a-l-universite.html\">http:\/\/www.sudeducation.org\/Lycee-bac-selection-a-l-universite.html<\/a><\/div>\n<div><\/div>\n<div><img loading=\"lazy\" decoding=\"async\" class=\"alignnone size-full wp-image-773\" src=\"http:\/\/solidaires87.org\/sudeduclimousin\/wp-content\/uploads\/sites\/4\/2018\/01\/arton7338-4d760.png\" alt=\"\" width=\"150\" height=\"119\" \/><\/div>\n<div class=\"texte\">\n<h3 class=\"spip\">Vers un lyc\u00e9e \u00e0 la carte<\/h3>\n<p>Le rapport Mathiot pr\u00e9conise d\u2019en finir avec les fili\u00e8res pour instaurer un lyc\u00e9e semestrialis\u00e9 et modulaire avec 9 parcours de majeures. Sous couvert d\u2019une libert\u00e9 de choix, ce qui est impos\u00e9e c\u2019est l\u2019orientation pr\u00e9coce d\u00e8s la 2nde, l\u2019accentuation du d\u00e9terminisme social et des in\u00e9galit\u00e9s territoriales, la fin de la notion d\u2019\u00e9quipe p\u00e9dagogique puisque le groupe classe dispara\u00eet.<\/p>\n<h3 class=\"spip\">Casse du bac national<\/h3>\n<p>Le bac r\u00e9form\u00e9 ne comportera plus que 4 \u00e9preuves terminales, ce qui l\u2019oriente vers un dipl\u00f4me \u00ab\u00a0maison\u00a0\u00bb d\u00e9pendant de l\u2019\u00e9tablissement, cassant ainsi sa valeur nationale. Avec le contr\u00f4le continu, l\u2019\u00e9valuation des \u00e9l\u00e8ves deviendra de plus en plus source de tension avec les \u00e9l\u00e8ves et leurs familles et il sera beaucoup plus difficile de la faire correspondre \u00e0 des enjeux formatifs et p\u00e9dagogiques.<\/p>\n<h3 class=\"spip\">S\u00e9lection \u00e0 l\u2019entr\u00e9e de l\u2019Universit\u00e9<\/h3>\n<p>D\u00e8s cette ann\u00e9e, le bac ne sera plus suffisant pour acc\u00e9der \u00e0 l\u2019universit\u00e9. Lettres de recommandations, engagements associatifs (et pourquoi pas relev\u00e9 de compte bancaire des parents\u00a0?) seront demand\u00e9s par les Universit\u00e9s. Organiser la p\u00e9nurie pour instaurer la s\u00e9lection\u00a0: c\u2019est le sale coup de ce gouvernement. Lyc\u00e9e modulaire + bac local + s\u00e9lection\u00a0: l\u2019universit\u00e9 ne comptera m\u00eame plus les 11\u00a0% d\u2019enfants d\u2019ouvriers\/\u00e8res qui y \u00e9tudient actuellement.<\/p>\n<h3 class=\"spip\">D\u00e9fendre une \u00e9ducation \u00e9galitaire<\/h3>\n<p>SUD \u00e9ducation appelle \u00e0 construire la riposte d\u00e8s maintenant.<\/p>\n<p>Les f\u00e9d\u00e9rations syndicales FERC-CGT, FNEC-FP FO, FSU, SGL, SUD \u00e9ducation, Solidaires \u00e9tudiant-e-s, Unef, UNL, UNL-SD appellent les lyc\u00e9en\u00b7nes, les \u00e9tudiant\u00b7es, les personnels des universit\u00e9s et des lyc\u00e9es \u00e0 se mobiliser le jeudi 1er f\u00e9vrier 2018, \u00e0 se r\u00e9unir, d\u00e8s maintenant, en assembl\u00e9e g\u00e9n\u00e9rale pour d\u00e9battre des r\u00e9formes, \u00e0 se mobiliser sous toutes les formes d\u00e9cid\u00e9es collectivement, y compris par la gr\u00e8ve le jeudi 1er f\u00e9vrier, dans les universit\u00e9s et les lyc\u00e9es.<\/p>\n<a href=\"https:\/\/solidaires87.org\/sudeduclimousin\/wp-content\/uploads\/sites\/4\/2018\/01\/tract-fede-sud-educ_appel-1er-fevrier-2018.pdf\" class=\"pdfemb-viewer\" style=\"\" data-width=\"max\" data-height=\"max\"  data-toolbar=\"bottom\" data-toolbar-fixed=\"off\">tract-fede-sud-educ_appel-1er-fevrier-2018<br\/><\/a>\n<\/div>\n","protected":false},"excerpt":{"rendered":"<p>Tract de la f\u00e9d\u00e9ration SUD \u00e9ducation &nbsp; Publi\u00e9\u00a0le\u00a0lundi\u00a022 janvier 2018 sur http:\/\/www.sudeducation.org\/Lycee-bac-selection-a-l-universite.html Vers un lyc\u00e9e \u00e0 la carte Le rapport Mathiot pr\u00e9conise d\u2019en finir avec les fili\u00e8res pour instaurer un lyc\u00e9e semestrialis\u00e9 et modulaire avec 9 parcours de majeures. Sous&#8230;<br \/><a class=\"read-more-button\" href=\"https:\/\/solidaires87.org\/sudeduclimousin\/2018\/01\/22\/lycee-bac-selection-a-luniversite-mobilisation-nationale-le-1er-fevrier\/\">Savoir plus<\/a><\/p>\n","protected":false},"author":18,"featured_media":0,"comment_status":"closed","ping_status":"open","sticky":false,"template":"","format":"standard","meta":{"footnotes":""},"categories":[9,5],"tags":[],"_links":{"self":[{"href":"https:\/\/solidaires87.org\/sudeduclimousin\/wp-json\/wp\/v2\/posts\/780"}],"collection":[{"href":"https:\/\/solidaires87.org\/sudeduclimousin\/wp-json\/wp\/v2\/posts"}],"about":[{"href":"https:\/\/solidaires87.org\/sudeduclimousin\/wp-json\/wp\/v2\/types\/post"}],"author":[{"embeddable":true,"href":"https:\/\/solidaires87.org\/sudeduclimousin\/wp-json\/wp\/v2\/users\/18"}],"replies":[{"embeddable":true,"href":"https:\/\/solidaires87.org\/sudeduclimousin\/wp-json\/wp\/v2\/comments?post=780"}],"version-history":[{"count":1,"href":"https:\/\/solidaires87.org\/sudeduclimousin\/wp-json\/wp\/v2\/posts\/780\/revisions"}],"predecessor-version":[{"id":781,"href":"https:\/\/solidaires87.org\/sudeduclimousin\/wp-json\/wp\/v2\/posts\/780\/revisions\/781"}],"wp:attachment":[{"href":"https:\/\/solidaires87.org\/sudeduclimousin\/wp-json\/wp\/v2\/media?parent=780"}],"wp:term":[{"taxonomy":"category","embeddable":true,"href":"https:\/\/solidaires87.org\/sudeduclimousin\/wp-json\/wp\/v2\/categories?post=780"},{"taxonomy":"post_tag","embeddable":true,"href":"https:\/\/solidaires87.org\/sudeduclimousin\/wp-json\/wp\/v2\/tags?post=780"}],"curies":[{"name":"wp","href":"https:\/\/api.w.org\/{rel}","templated":true}]}}