{"id":768,"date":"2018-01-12T00:18:40","date_gmt":"2018-01-11T23:18:40","guid":{"rendered":"http:\/\/solidaires87.org\/sudeduclimousin\/?p=768"},"modified":"2020-03-08T08:25:39","modified_gmt":"2020-03-08T07:25:39","slug":"ddaniele-linhart-le-management-demande-de-faire-un-usage-de-soi-rentable","status":"publish","type":"post","link":"https:\/\/solidaires87.org\/sudeduclimousin\/2018\/01\/12\/ddaniele-linhart-le-management-demande-de-faire-un-usage-de-soi-rentable\/","title":{"rendered":"Dani\u00e8le Linhart : Le management demande de faire un usage de soi rentable"},"content":{"rendered":"<p class=\"crayon article-surtitre-4855 surtitre\">Sur L\u00e0-bas.org, Aude Lancelin re\u00e7oit la sociologue Dani\u00e8le Linhart. Vid\u00e9o passionnante ici :<\/p>\n<p>https:\/\/la-bas.org\/la-bas-magazine\/entretiens\/Daniele-Linhart-Le-management-demande-de-faire-un-usage-de-soi-rentable<\/p>\n<p><strong>\u00ab\u00a0Tout travail produit de la souffrance, tout syst\u00e8me de production produit de la contrainte, en quoi l\u2019entreprise contemporaine se distingue-t-elle sur ce point des syst\u00e8mes du pass\u00e9\u00a0?<\/strong> Pour en discuter, nous recevons aujourd\u2019hui la sociologue Dani\u00e8le Linhart, directrice de recherche \u00e9m\u00e9rite au CNRS, auteure de nombreux travaux sur la question, parmi lesquels <i><a class=\"spip_out external\" title=\"La com\u00e9die humaine du travail (nouvelle fen\u00eatre)\" href=\"https:\/\/www.editions-eres.com\/ouvrage\/3530\/la-comedie-humaine-du-travail\" target=\"_blank\" rel=\"external noopener noreferrer\">La com\u00e9die humaine du travail<\/a><\/i>. Avec elle, nous avons eu envie de faire le point sur la question du management tel qu\u2019il se pratique aujourd\u2019hui, sur son cort\u00e8ge de souffrances, et ses attrape-gogos en tout genre.<\/p>\n<p>Une question dont Dani\u00e8le Linhart conna\u00eet les aspects les plus sombres, elle qui fut longtemps membre du Conseil scientifique de l\u2019Observatoire du stress et des mobilit\u00e9s forc\u00e9es de France T\u00e9l\u00e9com. Sur toutes ces questions, la chercheuse bouscule les fausses \u00e9vidences. Si le travail blesse particuli\u00e8rement aujourd\u2019hui, ce n\u2019est pas parce qu\u2019il <i>\u00ab\u00a0d\u00e9shumanise\u00a0\u00bb<\/i>, affirme-t-elle, mais parce qu\u2019il ne cesse d\u2019impliquer l\u2019humain au contraire, de l\u2019instrumentaliser pour le mettre au service des nouvelles logiques du capitalisme financiaris\u00e9.\u00a0\u00bb<\/p>\n<p>&nbsp;<\/p>\n<h1 class=\"crayon article-titre-4855 \"><\/h1>\n","protected":false},"excerpt":{"rendered":"<p>Sur L\u00e0-bas.org, Aude Lancelin re\u00e7oit la sociologue Dani\u00e8le Linhart. Vid\u00e9o passionnante ici : https:\/\/la-bas.org\/la-bas-magazine\/entretiens\/Daniele-Linhart-Le-management-demande-de-faire-un-usage-de-soi-rentable \u00ab\u00a0Tout travail produit de la souffrance, tout syst\u00e8me de production produit de la contrainte, en quoi l\u2019entreprise contemporaine se distingue-t-elle sur ce point des syst\u00e8mes du&#8230;<br \/><a class=\"read-more-button\" href=\"https:\/\/solidaires87.org\/sudeduclimousin\/2018\/01\/12\/ddaniele-linhart-le-management-demande-de-faire-un-usage-de-soi-rentable\/\">Savoir plus<\/a><\/p>\n","protected":false},"author":18,"featured_media":0,"comment_status":"closed","ping_status":"open","sticky":false,"template":"","format":"standard","meta":{"footnotes":""},"categories":[8],"tags":[],"_links":{"self":[{"href":"https:\/\/solidaires87.org\/sudeduclimousin\/wp-json\/wp\/v2\/posts\/768"}],"collection":[{"href":"https:\/\/solidaires87.org\/sudeduclimousin\/wp-json\/wp\/v2\/posts"}],"about":[{"href":"https:\/\/solidaires87.org\/sudeduclimousin\/wp-json\/wp\/v2\/types\/post"}],"author":[{"embeddable":true,"href":"https:\/\/solidaires87.org\/sudeduclimousin\/wp-json\/wp\/v2\/users\/18"}],"replies":[{"embeddable":true,"href":"https:\/\/solidaires87.org\/sudeduclimousin\/wp-json\/wp\/v2\/comments?post=768"}],"version-history":[{"count":3,"href":"https:\/\/solidaires87.org\/sudeduclimousin\/wp-json\/wp\/v2\/posts\/768\/revisions"}],"predecessor-version":[{"id":771,"href":"https:\/\/solidaires87.org\/sudeduclimousin\/wp-json\/wp\/v2\/posts\/768\/revisions\/771"}],"wp:attachment":[{"href":"https:\/\/solidaires87.org\/sudeduclimousin\/wp-json\/wp\/v2\/media?parent=768"}],"wp:term":[{"taxonomy":"category","embeddable":true,"href":"https:\/\/solidaires87.org\/sudeduclimousin\/wp-json\/wp\/v2\/categories?post=768"},{"taxonomy":"post_tag","embeddable":true,"href":"https:\/\/solidaires87.org\/sudeduclimousin\/wp-json\/wp\/v2\/tags?post=768"}],"curies":[{"name":"wp","href":"https:\/\/api.w.org\/{rel}","templated":true}]}}