{"id":727,"date":"2017-12-01T16:57:41","date_gmt":"2017-12-01T15:57:41","guid":{"rendered":"http:\/\/solidaires87.org\/sudeduclimousin\/?p=727"},"modified":"2020-03-08T08:26:38","modified_gmt":"2020-03-08T07:26:38","slug":"la-grande-cause-nationale-de-jm-blanquer-egalite-femmes-hommes-ou-sauvetage-de-la-manif-pour-tous","status":"publish","type":"post","link":"https:\/\/solidaires87.org\/sudeduclimousin\/2017\/12\/01\/la-grande-cause-nationale-de-jm-blanquer-egalite-femmes-hommes-ou-sauvetage-de-la-manif-pour-tous\/","title":{"rendered":"La \u00ab grande cause nationale \u00bb de JM Blanquer &#8211; \u00c9galit\u00e9 femmes-hommes ou sauvetage de la Manif pour Tous ?"},"content":{"rendered":"<p>JM Blanquer, Ministre de l\u2019\u00c9ducation nationale, invit\u00e9 sur France inter ce lundi 27 novembre, a montr\u00e9 une nouvelle fois, s\u2019il le fallait, la grande fumisterie de la \u00ab grande cause nationale pour l\u2019\u00e9galit\u00e9 femmes-hommes \u00bb version Macron.<\/p>\n<p><img loading=\"lazy\" decoding=\"async\" class=\"alignnone size-full wp-image-725\" src=\"http:\/\/solidaires87.org\/sudeduclimousin\/wp-content\/uploads\/sites\/4\/2017\/12\/arton7352-ef7a4.png\" alt=\"\" width=\"150\" height=\"114\" \/><\/p>\n<p>Lutter contre le sexisme, d\u00e9monter les st\u00e9r\u00e9otypes qui en sont \u00e0 la racine et l\u2019alimentent tous les jours, combattre les m\u00e9canismes de domination qui se jouent d\u00e8s la cour d\u2019\u00e9cole\u2026 Tout cela demande des moyens, des outils concrets, du temps, une volont\u00e9 politique forte. Face \u00e0 cette n\u00e9cessit\u00e9, quel est le message de JM Blanquer\u00a0?<br class=\"autobr\" \/> Discr\u00e9diter les ABCD de l\u2019\u00e9galit\u00e9, dispositif exp\u00e9riment\u00e9 dans certaines \u00e9coles primaires qui permettait de traiter sp\u00e9cifiquement, et avec des outils ad\u00e9quats, la question des st\u00e9r\u00e9otypes de genre. Selon le ministre, ce dispositif aurait \u00e9t\u00e9 un \u00ab\u00a0\u00e9chec\u00a0\u00bb\u2026<\/p>\n<p>Parce qu\u2019il n\u2019a pas renvers\u00e9 la tendance d\u2019une soci\u00e9t\u00e9 profond\u00e9ment marqu\u00e9e par les st\u00e9r\u00e9otypes sexistes\u00a0? Quel dispositif le pourrait, en seulement quelques mois d\u2019une courte existence, dans seulement quelques \u00e9coles\u00a0?<\/p>\n<p>Parce qu\u2019il a entra\u00een\u00e9 la lev\u00e9e de boucliers de parents r\u00e9actionnaires sympathisant-es de la Manif pour Tous\u00a0? Quelle complaisance \u00e0 l\u2019\u00e9gard de celles et ceux qui souscrivent au sexisme et aux LGBTphobies en d\u00e9fendant les pires st\u00e9r\u00e9otypes (souvenons-nous du slogan \u00ab\u00a0Touche pas \u00e0 mes st\u00e9r\u00e9otypes de genre\u00a0!\u00a0\u00bb)\u00a0et en menant des campagnes de communication abjectes (souvenons-nous de la campagne o\u00f9 les enfants n\u00e9-es de PMA sont compar\u00e9s \u00e0 des l\u00e9gumes)\u00a0! On voit bien o\u00f9 vont ses sympathies id\u00e9ologiques\u00a0! On les invite \u00e0 l\u2019\u00e9cole\u00a0!<\/p>\n<p>Cette complaisance est bien la feuille de route du gouvernement sous la pr\u00e9sidence Macron (apr\u00e8s la suppos\u00e9e \u00ab\u00a0humiliation\u00a0\u00bb de la Manif pour Tous \u00e9voqu\u00e9e par le candidat Macron, apr\u00e8s les d\u00e9clarations de Marl\u00e8ne Schiappa pr\u00eate \u00e0 discuter avec cette organisation). Que signifie l\u2019insistance de JM Blanquer sur l\u2019inclusion des parents si ce n\u2019est un appel du pied \u00e0 ce mouvement r\u00e9actionnaire\u00a0?<\/p>\n<p>Hormis cette \u00ab\u00a0mallette parents\u00a0\u00bb brandie comme un talisman et ces rencontres enseignant-es\/parents en d\u00e9but d\u2019ann\u00e9e, que propose le ministre de concret\u00a0? Rien (la r\u00e9union explicative en direction des parents sera vite men\u00e9e). Le \u00ab\u00a0module d\u2019enseignement\u00a0\u00bb annonc\u00e9 dans les \u00e9coles reste une incantation floue, et on peut supposer qu\u2019il subira le m\u00eame sort que les heures d\u2019\u00e9ducation \u00e0 la sexualit\u00e9 pr\u00e9vus par les textes officiels\u00a0: ne pas \u00eatre appliqu\u00e9 faute de moyens et de volont\u00e9 politique. Encore une fois, les personnels sont laiss\u00e9s sans moyens horaires, sans outils p\u00e9dagogiques, avec leur seule d\u00e9termination pour traiter ces sujets essentiels.<br class=\"autobr\" \/> Ultime gage aux mouvements r\u00e9actionnaires, JM Blanquer fustige \u00e9galement l\u2019\u00e9criture inclusive et d\u00e9fend la perp\u00e9tuation d\u2019une langue o\u00f9 le masculin serait une forme neutre\u00a0! Pourtant, comme le dit Alain Rey \u00ab\u00a0l\u2019accord au masculin est anti-f\u00e9ministe\u00a0\u00bb et le masculin est tout sauf \u00ab\u00a0neutre\u00a0\u00bb\u00a0: il mod\u00e8le les repr\u00e9sentations des \u00e9l\u00e8ves en invisibilisant le f\u00e9minin.<\/p>\n<p><strong>Il est clair qu\u2019en mati\u00e8re de lutte contre le sexisme et les LGBTphobies, nous n\u2019avons rien \u00e0 attendre de ce gouvernement. Tout ce que nous gagnerons dans ce domaine, ce sera par une mobilisation forte, \u00e0 l\u2019image du mouvement contre les violences initi\u00e9 par #MeToo. SUD \u00e9ducation sera en premi\u00e8re ligne pour d\u00e9fendre le d\u00e9veloppement de p\u00e9dagogies antisexistes d\u00e9construisant les st\u00e9r\u00e9otypes, pour exiger de vrais moyens allou\u00e9s aux \u00e9tablissements et aux coll\u00e8gues, pour combattre sans rel\u00e2che celles et ceux qui voudraient, par leur lobbying r\u00e9actionnaire nocif, nuire \u00e0 l\u2019\u00e9galit\u00e9 et l\u2019\u00e9mancipation de toutes et tous.<\/strong><\/p>\n<a href=\"https:\/\/solidaires87.org\/sudeduclimousin\/wp-content\/uploads\/sites\/4\/2017\/12\/communique-fede-sud-educ-blanquer-sexisme.pdf\" class=\"pdfemb-viewer\" style=\"\" data-width=\"max\" data-height=\"max\"  data-toolbar=\"bottom\" data-toolbar-fixed=\"off\">communique-fede-sud-educ-blanquer-sexisme<br\/><\/a>\n","protected":false},"excerpt":{"rendered":"<p>JM Blanquer, Ministre de l\u2019\u00c9ducation nationale, invit\u00e9 sur France inter ce lundi 27 novembre, a montr\u00e9 une nouvelle fois, s\u2019il le fallait, la grande fumisterie de la \u00ab grande cause nationale pour l\u2019\u00e9galit\u00e9 femmes-hommes \u00bb version Macron. Lutter contre le&#8230;<br \/><a class=\"read-more-button\" href=\"https:\/\/solidaires87.org\/sudeduclimousin\/2017\/12\/01\/la-grande-cause-nationale-de-jm-blanquer-egalite-femmes-hommes-ou-sauvetage-de-la-manif-pour-tous\/\">Savoir plus<\/a><\/p>\n","protected":false},"author":18,"featured_media":0,"comment_status":"closed","ping_status":"open","sticky":false,"template":"","format":"standard","meta":{"footnotes":""},"categories":[9,5],"tags":[],"_links":{"self":[{"href":"https:\/\/solidaires87.org\/sudeduclimousin\/wp-json\/wp\/v2\/posts\/727"}],"collection":[{"href":"https:\/\/solidaires87.org\/sudeduclimousin\/wp-json\/wp\/v2\/posts"}],"about":[{"href":"https:\/\/solidaires87.org\/sudeduclimousin\/wp-json\/wp\/v2\/types\/post"}],"author":[{"embeddable":true,"href":"https:\/\/solidaires87.org\/sudeduclimousin\/wp-json\/wp\/v2\/users\/18"}],"replies":[{"embeddable":true,"href":"https:\/\/solidaires87.org\/sudeduclimousin\/wp-json\/wp\/v2\/comments?post=727"}],"version-history":[{"count":1,"href":"https:\/\/solidaires87.org\/sudeduclimousin\/wp-json\/wp\/v2\/posts\/727\/revisions"}],"predecessor-version":[{"id":728,"href":"https:\/\/solidaires87.org\/sudeduclimousin\/wp-json\/wp\/v2\/posts\/727\/revisions\/728"}],"wp:attachment":[{"href":"https:\/\/solidaires87.org\/sudeduclimousin\/wp-json\/wp\/v2\/media?parent=727"}],"wp:term":[{"taxonomy":"category","embeddable":true,"href":"https:\/\/solidaires87.org\/sudeduclimousin\/wp-json\/wp\/v2\/categories?post=727"},{"taxonomy":"post_tag","embeddable":true,"href":"https:\/\/solidaires87.org\/sudeduclimousin\/wp-json\/wp\/v2\/tags?post=727"}],"curies":[{"name":"wp","href":"https:\/\/api.w.org\/{rel}","templated":true}]}}