{"id":723,"date":"2017-11-28T20:53:20","date_gmt":"2017-11-28T19:53:20","guid":{"rendered":"http:\/\/solidaires87.org\/sudeduclimousin\/?p=723"},"modified":"2017-11-28T20:53:20","modified_gmt":"2017-11-28T19:53:20","slug":"le-tri-social-dans-la-precipitation","status":"publish","type":"post","link":"https:\/\/solidaires87.org\/sudeduclimousin\/2017\/11\/28\/le-tri-social-dans-la-precipitation\/","title":{"rendered":"Le tri social dans la pr\u00e9cipitation"},"content":{"rendered":"<p><big><span style=\"color: #ec0000\">La loi Vidal r\u00e9formant l\u2019orientation post-bac n\u2019est pas encore vot\u00e9e. Pourtant, dans les lyc\u00e9es et dans les universit\u00e9s, il est exig\u00e9 des personnels qu\u2019ils la mettent en \u0153uvre dans l\u2019urgence.<\/span><\/big><\/p>\n<p><img loading=\"lazy\" decoding=\"async\" class=\"alignnone size-full wp-image-670\" src=\"http:\/\/solidaires87.org\/sudeduclimousin\/wp-content\/uploads\/sites\/4\/2017\/09\/arton7204-77718.png\" alt=\"\" width=\"110\" height=\"150\" \/><\/p>\n<p>Dans les universit\u00e9s, en quelques jours, les \u00e9quipes de chaque formation de Licence doivent \u201cobligatoirement\u201d indiquer une capacit\u00e9 maximale d\u2019accueil pour la premi\u00e8re ann\u00e9e\u2026 alors qu\u2019aucune obligation ne peut exister tant que la loi n\u2019est pas adopt\u00e9e. Les universit\u00e9s doivent \u00e9galement communiquer les \u201cattendus\u201d pour l\u2019entr\u00e9e dans chacune des Licences avant la fin du mois de novembre, pour renseigner la nouvelle plate-forme Parcoursup d\u2019ici \u00e0 la mi-d\u00e9cembre.<\/p>\n<p>Dans les lyc\u00e9es, le Plan \u00e9tudiants est d\u00e9j\u00e0 pr\u00e9sent\u00e9 dans les conseils p\u00e9dagogiques et les conseils d\u2019administration et un-e deuxi\u00e8me professeur-e principal-e \u201cdoit\u201d \u00eatre d\u00e9sign\u00e9-e d\u00e8s le mois de d\u00e9cembre. Sans aucune formation ni compensation, les professeur-e-s principaux et principales des Terminales ont d\u00e9sormais en charge tout un travail suppl\u00e9mentaire d\u2019orientation et d\u2019\u00e9valuation des v\u0153ux des \u00e9l\u00e8ves. Cela cr\u00e9e une augmentation consid\u00e9rable de leur charge de travail. Les enseignant-e-s auront de fait un r\u00f4le d\u00e9cisionnel dans l\u2019orientation des \u00e9l\u00e8ves. Cela change profond\u00e9ment la nature du m\u00e9tier, sans aucune concertation de la profession ni des organisations syndicales.<\/p>\n<h3 class=\"spip\">Ainsi, dans les lyc\u00e9es et dans les universit\u00e9s, les personnels sont somm\u00e9s sans d\u00e9lai de devenir des auxiliaires du tri des \u00e9l\u00e8ves. La f\u00e9d\u00e9ration SUD \u00e9ducation revendique le retrait du \u00ab\u00a0Plan \u00e9tudiants\u00a0\u00bb et s\u2019oppose \u00e0 toute s\u00e9lection \u00e0 l\u2019entr\u00e9e \u00e0 l\u2019universit\u00e9. SUD \u00e9ducation d\u00e9nonce la pr\u00e9cipitation dans laquelle agit le gouvernement pour passer en force et appelle les personnels \u00e0 la r\u00e9sistance.<\/h3>\n","protected":false},"excerpt":{"rendered":"<p>La loi Vidal r\u00e9formant l\u2019orientation post-bac n\u2019est pas encore vot\u00e9e. Pourtant, dans les lyc\u00e9es et dans les universit\u00e9s, il est exig\u00e9 des personnels qu\u2019ils la mettent en \u0153uvre dans l\u2019urgence. Dans les universit\u00e9s, en quelques jours, les \u00e9quipes de chaque&#8230;<br \/><a class=\"read-more-button\" href=\"https:\/\/solidaires87.org\/sudeduclimousin\/2017\/11\/28\/le-tri-social-dans-la-precipitation\/\">Savoir plus<\/a><\/p>\n","protected":false},"author":18,"featured_media":0,"comment_status":"open","ping_status":"open","sticky":false,"template":"","format":"standard","meta":{"footnotes":""},"categories":[9,5],"tags":[],"_links":{"self":[{"href":"https:\/\/solidaires87.org\/sudeduclimousin\/wp-json\/wp\/v2\/posts\/723"}],"collection":[{"href":"https:\/\/solidaires87.org\/sudeduclimousin\/wp-json\/wp\/v2\/posts"}],"about":[{"href":"https:\/\/solidaires87.org\/sudeduclimousin\/wp-json\/wp\/v2\/types\/post"}],"author":[{"embeddable":true,"href":"https:\/\/solidaires87.org\/sudeduclimousin\/wp-json\/wp\/v2\/users\/18"}],"replies":[{"embeddable":true,"href":"https:\/\/solidaires87.org\/sudeduclimousin\/wp-json\/wp\/v2\/comments?post=723"}],"version-history":[{"count":1,"href":"https:\/\/solidaires87.org\/sudeduclimousin\/wp-json\/wp\/v2\/posts\/723\/revisions"}],"predecessor-version":[{"id":724,"href":"https:\/\/solidaires87.org\/sudeduclimousin\/wp-json\/wp\/v2\/posts\/723\/revisions\/724"}],"wp:attachment":[{"href":"https:\/\/solidaires87.org\/sudeduclimousin\/wp-json\/wp\/v2\/media?parent=723"}],"wp:term":[{"taxonomy":"category","embeddable":true,"href":"https:\/\/solidaires87.org\/sudeduclimousin\/wp-json\/wp\/v2\/categories?post=723"},{"taxonomy":"post_tag","embeddable":true,"href":"https:\/\/solidaires87.org\/sudeduclimousin\/wp-json\/wp\/v2\/tags?post=723"}],"curies":[{"name":"wp","href":"https:\/\/api.w.org\/{rel}","templated":true}]}}