{"id":716,"date":"2017-11-20T12:24:18","date_gmt":"2017-11-20T11:24:18","guid":{"rendered":"http:\/\/solidaires87.org\/sudeduclimousin\/?p=716"},"modified":"2020-03-08T08:26:47","modified_gmt":"2020-03-08T07:26:47","slug":"stage-de-formation-syndicale-ligoure-2017","status":"publish","type":"post","link":"https:\/\/solidaires87.org\/sudeduclimousin\/2017\/11\/20\/stage-de-formation-syndicale-ligoure-2017\/","title":{"rendered":"Stage de formation syndicale Ligoure 2017"},"content":{"rendered":"<p><strong>Sud \u00c9ducation Limousin<\/strong><\/p>\n<p>propose \u00e0 tou.te.s les enseignant.e.s, \u00e9ducateurs et \u00e9ducatrices, parents d\u2019\u00e9l\u00e8ves et salari\u00e9.e.s,<\/p>\n<p><strong>un stage de formation syndicale<\/strong><\/p>\n<p><strong>du lundi 18 au vendredi 22 d\u00e9cembre 2017<br \/>\n<\/strong><\/p>\n<p><strong>au ch\u00e2teau de Ligoure.<\/strong><\/p>\n<a href=\"https:\/\/solidaires87.org\/sudeduclimousin\/wp-content\/uploads\/sites\/4\/2017\/11\/Stage-de-formation-Ligoure-2017.pdf\" class=\"pdfemb-viewer\" style=\"\" data-width=\"max\" data-height=\"max\"  data-toolbar=\"bottom\" data-toolbar-fixed=\"off\">Stage de formation Ligoure 2017<br\/><\/a>\n<a href=\"https:\/\/solidaires87.org\/sudeduclimousin\/wp-content\/uploads\/sites\/4\/2018\/01\/Ligoure-2017-Pr\u00e9sentation-du-stage.pdf\" class=\"pdfemb-viewer\" style=\"\" data-width=\"max\" data-height=\"max\"  data-toolbar=\"bottom\" data-toolbar-fixed=\"off\">Ligoure 2017 - Pr\u00e9sentation du stage<br\/><\/a>\n<a href=\"https:\/\/solidaires87.org\/sudeduclimousin\/wp-content\/uploads\/sites\/4\/2018\/01\/Ligoure-2017-Bilan-du-stage.pdf\" class=\"pdfemb-viewer\" style=\"\" data-width=\"max\" data-height=\"max\"  data-toolbar=\"bottom\" data-toolbar-fixed=\"off\">Ligoure 2017 - Bilan du stage<br\/><\/a>\n","protected":false},"excerpt":{"rendered":"<p>Sud \u00c9ducation Limousin propose \u00e0 tou.te.s les enseignant.e.s, \u00e9ducateurs et \u00e9ducatrices, parents d\u2019\u00e9l\u00e8ves et salari\u00e9.e.s, un stage de formation syndicale du lundi 18 au vendredi 22 d\u00e9cembre 2017 au ch\u00e2teau de Ligoure.<\/p>\n","protected":false},"author":18,"featured_media":0,"comment_status":"closed","ping_status":"open","sticky":false,"template":"","format":"standard","meta":{"footnotes":""},"categories":[3,7],"tags":[],"_links":{"self":[{"href":"https:\/\/solidaires87.org\/sudeduclimousin\/wp-json\/wp\/v2\/posts\/716"}],"collection":[{"href":"https:\/\/solidaires87.org\/sudeduclimousin\/wp-json\/wp\/v2\/posts"}],"about":[{"href":"https:\/\/solidaires87.org\/sudeduclimousin\/wp-json\/wp\/v2\/types\/post"}],"author":[{"embeddable":true,"href":"https:\/\/solidaires87.org\/sudeduclimousin\/wp-json\/wp\/v2\/users\/18"}],"replies":[{"embeddable":true,"href":"https:\/\/solidaires87.org\/sudeduclimousin\/wp-json\/wp\/v2\/comments?post=716"}],"version-history":[{"count":6,"href":"https:\/\/solidaires87.org\/sudeduclimousin\/wp-json\/wp\/v2\/posts\/716\/revisions"}],"predecessor-version":[{"id":777,"href":"https:\/\/solidaires87.org\/sudeduclimousin\/wp-json\/wp\/v2\/posts\/716\/revisions\/777"}],"wp:attachment":[{"href":"https:\/\/solidaires87.org\/sudeduclimousin\/wp-json\/wp\/v2\/media?parent=716"}],"wp:term":[{"taxonomy":"category","embeddable":true,"href":"https:\/\/solidaires87.org\/sudeduclimousin\/wp-json\/wp\/v2\/categories?post=716"},{"taxonomy":"post_tag","embeddable":true,"href":"https:\/\/solidaires87.org\/sudeduclimousin\/wp-json\/wp\/v2\/tags?post=716"}],"curies":[{"name":"wp","href":"https:\/\/api.w.org\/{rel}","templated":true}]}}