{"id":706,"date":"2017-11-07T11:02:52","date_gmt":"2017-11-07T10:02:52","guid":{"rendered":"http:\/\/solidaires87.org\/sudeduclimousin\/?p=706"},"modified":"2020-03-08T08:26:54","modified_gmt":"2020-03-08T07:26:54","slug":"coupes-budgetaires-voie-pro-secu-selection-salaires-ripostons-le-16-novembre","status":"publish","type":"post","link":"https:\/\/solidaires87.org\/sudeduclimousin\/2017\/11\/07\/coupes-budgetaires-voie-pro-secu-selection-salaires-ripostons-le-16-novembre\/","title":{"rendered":"Coupes budg\u00e9taires, voie pro, s\u00e9cu, s\u00e9lection, salaires&#8230; Ripostons le 16 novembre !"},"content":{"rendered":"<p><img loading=\"lazy\" decoding=\"async\" class=\"alignnone size-full wp-image-700\" src=\"http:\/\/solidaires87.org\/sudeduclimousin\/wp-content\/uploads\/sites\/4\/2017\/11\/rubon157-6ee75.png\" alt=\"\" width=\"106\" height=\"150\" \/><\/p>\n<p><strong>Des attaques globales et coordonn\u00e9es <\/strong><\/p>\n<p>Les attaques du gouvernement sont globales (budget de l\u2019\u00c9tat et de la s\u00e9cu, CSG, APL, s\u00e9lection \u00e0 l\u2019universit\u00e9\u2026) et les ordonnances toucheront tous les secteurs y compris le public, et toutes les entreprises\u00a0(avec la remise en cause de ce qui rel\u00e8ve de la loi au profit d\u2019une n\u00e9gociation locale beaucoup plus al\u00e9atoire) .<br class=\"autobr\" \/> De m\u00eame le gouvernement applique la politique des riches, de \u00ab\u00a0\u202fla t\u00eate de cord\u00e9e\u202f\u00a0\u00bb comme si celles et ceux qui travaillent avaient vocation \u00e0 \u00eatre en permanence \u00e0 la tra\u00eene ou dans le caniveau\u2026<\/p>\n<p><strong>Retrait des ordonnances<\/strong><\/p>\n<p>La bataille contre les ordonnances n\u2019est pas termin\u00e9e, nous exigeons la non-ratification de l\u2019assembl\u00e9e, nous refusons les d\u00e9crets. Le combat est difficile mais les m\u00e9contentements s\u2019accumulent et nos forces aussi\u00a0!<\/p>\n<p><strong>La r\u00e9forme de la voie professionnelle\u00a0: 3e \u00e9tape apr\u00e8s les lois Travail<\/strong><\/p>\n<p>Les organisations syndicales ont \u00e9t\u00e9 re\u00e7ues par le chef du gouvernement accompagn\u00e9 des ministres de l\u2019\u00e9ducation et du travail\u00a0: ce n\u2019est pas un hasard\u00a0! La r\u00e9forme de la voie professionnelle qui se pr\u00e9pare se fait sous tutelle du minist\u00e8re du travail et cela ne peut que nous inqui\u00e9ter. D\u00e9veloppement des campus des m\u00e9tiers, attribution de l\u2019int\u00e9gralit\u00e9 de la taxe d\u2019apprentissage aux sections en apprentissage et d\u00e9veloppement de celui\u2011ci\u2026 Pour SUD \u00e9ducation, qui revendique un lyc\u00e9e polytechnique, l\u2019enseignement professionnel ne peut qu\u2019\u00eatre sous statut scolaire. La mixit\u00e9 des publics c\u2019est forc\u00e9ment la remise en cause du statut des PLP et la porte ouverte vers l\u2019annualisation du temps de travail.<\/p>\n<p><strong>Macron organise le plus grand plan social de la d\u00e9cennie<\/strong><\/p>\n<p>L\u2019annonce durant l\u2019\u00e9t\u00e9 par le gouvernement de la suppression des contrats aid\u00e9s s\u2019apparente \u00e0 un gigantesque plan social\u00a0: 260\u00a0000 emplois sont supprim\u00e9s sur 2017-2018. L\u2019\u00e9ducation nationale y a largement recours\u00a0: emplois de vie scolaires, accompagnement d\u2019\u00e9l\u00e8ves en situation de handicap, aide aux directions d\u2019\u00e9coles ou encore aide administrative dans les EPLE ainsi qu\u2019agent-e-s des d\u00e9partements et r\u00e9gions sont potentiellement concern\u00e9-e-s. SUD \u00e9ducation a maintes fois condamn\u00e9 ces contrats pr\u00e9caires et revendique la titularisation de ces coll\u00e8gues victimes d\u2019un plan de licenciement qui ne dit pas son nom. De plus, recrut\u00e9-e-s sur des emplois p\u00e9rennes, leur d\u00e9part va directement se ressentir au quotidien dans les \u00e9tablissements. Pour obtenir la titularisation de toutes et tous ces coll\u00e8gues, une journ\u00e9e de mobilisation interprofessionnelle aura lieu le 10 novembre avec des manifestations, gr\u00e8ves et actions.<\/p>\n<p><strong>Les raisons de se mobiliser sont nombreuses\u00a0: SUD \u00e9ducation appelle \u00e0 la gr\u00e8ve le jeudi 16 novembre et \u00e0 se r\u00e9unir dans les \u00e9coles, \u00e9tablissements et services pour pr\u00e9parer cette journ\u00e9e, discuter des suites et de l\u2019\u00e9largissement du mouvement.<\/strong><\/p>\n<h3 class=\"spip\">TOUTES ET TOUS EN GR\u00c8VE ET MANIFESTATION LE 16 NOVEMBRE !!!<\/h3>\n<p>&nbsp;<\/p>\n<a href=\"https:\/\/solidaires87.org\/sudeduclimousin\/wp-content\/uploads\/sites\/4\/2017\/11\/Tract-Riposte-du-16-novembre.pdf\" class=\"pdfemb-viewer\" style=\"\" data-width=\"max\" data-height=\"max\"  data-toolbar=\"bottom\" data-toolbar-fixed=\"off\">Tract- Riposte du 16 novembre<br\/><\/a>\n","protected":false},"excerpt":{"rendered":"<p>Des attaques globales et coordonn\u00e9es Les attaques du gouvernement sont globales (budget de l\u2019\u00c9tat et de la s\u00e9cu, CSG, APL, s\u00e9lection \u00e0 l\u2019universit\u00e9\u2026) et les ordonnances toucheront tous les secteurs y compris le public, et toutes les entreprises\u00a0(avec la remise&#8230;<br \/><a class=\"read-more-button\" href=\"https:\/\/solidaires87.org\/sudeduclimousin\/2017\/11\/07\/coupes-budgetaires-voie-pro-secu-selection-salaires-ripostons-le-16-novembre\/\">Savoir plus<\/a><\/p>\n","protected":false},"author":18,"featured_media":0,"comment_status":"closed","ping_status":"open","sticky":false,"template":"","format":"standard","meta":{"footnotes":""},"categories":[3,9,5],"tags":[14],"_links":{"self":[{"href":"https:\/\/solidaires87.org\/sudeduclimousin\/wp-json\/wp\/v2\/posts\/706"}],"collection":[{"href":"https:\/\/solidaires87.org\/sudeduclimousin\/wp-json\/wp\/v2\/posts"}],"about":[{"href":"https:\/\/solidaires87.org\/sudeduclimousin\/wp-json\/wp\/v2\/types\/post"}],"author":[{"embeddable":true,"href":"https:\/\/solidaires87.org\/sudeduclimousin\/wp-json\/wp\/v2\/users\/18"}],"replies":[{"embeddable":true,"href":"https:\/\/solidaires87.org\/sudeduclimousin\/wp-json\/wp\/v2\/comments?post=706"}],"version-history":[{"count":1,"href":"https:\/\/solidaires87.org\/sudeduclimousin\/wp-json\/wp\/v2\/posts\/706\/revisions"}],"predecessor-version":[{"id":707,"href":"https:\/\/solidaires87.org\/sudeduclimousin\/wp-json\/wp\/v2\/posts\/706\/revisions\/707"}],"wp:attachment":[{"href":"https:\/\/solidaires87.org\/sudeduclimousin\/wp-json\/wp\/v2\/media?parent=706"}],"wp:term":[{"taxonomy":"category","embeddable":true,"href":"https:\/\/solidaires87.org\/sudeduclimousin\/wp-json\/wp\/v2\/categories?post=706"},{"taxonomy":"post_tag","embeddable":true,"href":"https:\/\/solidaires87.org\/sudeduclimousin\/wp-json\/wp\/v2\/tags?post=706"}],"curies":[{"name":"wp","href":"https:\/\/api.w.org\/{rel}","templated":true}]}}