{"id":703,"date":"2017-11-07T10:59:43","date_gmt":"2017-11-07T09:59:43","guid":{"rendered":"http:\/\/solidaires87.org\/sudeduclimousin\/?p=703"},"modified":"2020-03-08T08:27:02","modified_gmt":"2020-03-08T07:27:02","slug":"rentree-2017-toujours-plus-de-precarite","status":"publish","type":"post","link":"https:\/\/solidaires87.org\/sudeduclimousin\/2017\/11\/07\/rentree-2017-toujours-plus-de-precarite\/","title":{"rendered":"Rentr\u00e9e 2017 : toujours plus de pr\u00e9carit\u00e9"},"content":{"rendered":"<p><big><span style=\"color: #ec0000\">La ministre du Travail Mme\u00a0P\u00e9nicaud a annonc\u00e9 la fin du recrutement en CAE-CUI dans le cadre du plan d\u2019\u00e9conomie de 4,5 milliards d\u2019euros dans la Fonction Publique. Le budget du gouvernement pr\u00e9voyait le recrutement de 280\u00a0000 nouveaux contrats aid\u00e9s pour l\u2019ann\u00e9e 2017. Mme\u00a0P\u00e9nicaud et M.\u00a0Blanquer n\u2019ont pas pr\u00e9cis\u00e9 ce qui attend les milliers de travailleur-euse-s priv\u00e9-e-s d\u2019emploi et \u00e9ligibles au CAE-CUI ni comment pallier cette r\u00e9duction du nombre de personnels dans le secteur public et associatif. L\u2019\u00c9ducation Nationale, un des principaux employeurs de CAE-CUI, n\u2019est pas \u00e9pargn\u00e9e par cette mesure et ne devrait plus recruter que 55\u00a0000 nouveaux contrats aid\u00e9s d\u2019ici la fin de l\u2019ann\u00e9e. Aux emplois aid\u00e9s s\u2019ajoute le recrutement de plus en plus important de personnels sous un statut encore plus pr\u00e9caire que celui des CAE-CUI, les \u00ab\u00a0Service Civiques\u00a0\u00bb comme l\u2019a annonc\u00e9 M.\u00a0Blanquer.<\/span><\/big><\/p>\n<p><img loading=\"lazy\" decoding=\"async\" class=\"alignnone size-full wp-image-700\" src=\"http:\/\/solidaires87.org\/sudeduclimousin\/wp-content\/uploads\/sites\/4\/2017\/11\/rubon157-6ee75.png\" alt=\"\" width=\"106\" height=\"150\" \/><\/p>\n<h3 class=\"spip\">Dans l\u2019\u00c9ducation Nationale, emploi aid\u00e9 = emploi \u00ab\u00a0kleenex\u00a0\u00bb<\/h3>\n<p>Dans l\u2019\u00c9ducation Nationale les personnels en CUI permettent de pallier le manque de personnels\u00a0: les CUI remplissent les missions d\u2019AED, d\u2019AESH, d\u2019EVS, d\u2019agents administratifs. Le gouvernement annonce que les 55.000 CUI recrut\u00e9s pour la rentr\u00e9e 2017 assureront principalement <strong>l\u2019accompagnement des enfants en situation de handicap.<\/strong> N\u00e9anmoins le m\u00e9tier d\u2019AESH n\u00e9cessite une sp\u00e9cialisation ou une formation qu\u2019actuellement l\u2019Education Nationale ne fournit pas ainsi qu\u2019une stabilit\u00e9 des \u00e9quipes qui n\u2019est pas possible avec les contrats aid\u00e9s. SUD \u00e9ducation d\u00e9nonce le m\u00e9pris du gouvernement \u00e0 l\u2019\u00e9gard des \u00e9l\u00e8ves en situation de handicap et des personnels qu\u2019on envoie sans formation dans les \u00e9coles.<\/p>\n<p>Les postes de CAE-CUI cr\u00e9\u00e9s par les collectivit\u00e9s territoriales pour pallier le<strong> manque d\u2019agent-e-s techniques et administrati-f-ve-s<\/strong> ou d\u2019aides \u00e0 la direction disparaissent \u00e0 la rentr\u00e9e 2017. Cette r\u00e9duction massive de postes va engendrer une surcharge de travail pour les agent-e-s et aggraver encore leurs conditions de travail. Quant aux personnels en CAE-CUI qui attendaient d\u2019\u00eatre engag\u00e9-e-s ou renouvel\u00e9-e-s et qui se retrouvent sans emploi \u00e0 la rentr\u00e9e, le gouvernement n\u2019en dit rien\u00a0!<\/p>\n<p>Depuis leur mise en place en 2010, l\u2019<strong>\u00c9ducation Nationale consid\u00e8re les personnels en contrat aid\u00e9 comme une main d\u2019\u0153uvre flexible, bon march\u00e9 \u00e0 qui imposer des conditions de travail d\u00e9plorables<\/strong> (travail gratuit sous faux pr\u00e9texte d\u2019annualisation, soumission au bon vouloir de la hi\u00e9rarchie, non respect de l\u2019obligation de formation &#8230;).<\/p>\n<p><strong>La pr\u00e9carisation est au centre du processus de destruction des droits de tou-te-s les salari\u00e9-e-s, des services publics et des solidarit\u00e9s.<\/strong> Aujourd\u2019hui, sans les personnels qui travaillent en contrat pr\u00e9caire, le service public d\u2019\u00e9ducation ne peut plus \u00eatre assur\u00e9. A la rentr\u00e9e 2016, 68.000 personnes travaillaient en contrat aid\u00e9 uniquement dans les \u00e9coles. Par le recours aux contrats aid\u00e9s, aux Services Civiques et les suppressions de postes dans la Fonction Publique, le gouvernement acc\u00e9l\u00e8re le remplacement des fonctionnaires par des pr\u00e9caires. Cette situation est d\u2019autant plus grave dans les territoires colonis\u00e9s comme \u00e0 la R\u00e9union o\u00f9 faute de personnels, la rentr\u00e9e des classes a d\u00fb \u00eatre report\u00e9e. Il manquait en effet 3.300 postes pour l\u2019accueil et la surveillance des \u00e9l\u00e8ves, la restauration, l\u2019entretien des locaux.<br class=\"autobr\" \/> Le plan Sauvadet de \u00ab\u00a0cdisation\u00a0\u00bb est largement insuffisant\u00a0: l\u2019\u00c9tat doit s\u2019atteler \u00e0 titulariser tous les personnels en cr\u00e9ant des postes de titulaire \u00e0 hauteur des besoins.<\/p>\n<h3 class=\"spip\">Service civique\u00a0: super-b\u00e9n\u00e9volat ou sous-emploi\u00a0?<\/h3>\n<p>Le ministre de l\u2019Education a annonc\u00e9 \u00ab\u00a0une mont\u00e9e en charge\u00a0\u00bb des Services Civiques pour cette rentr\u00e9e. <strong>SUD \u00e9ducation refuse le recours aux contrats pr\u00e9caires y compris aux Services Civiques dans l\u2019\u00c9ducation Nationale.<\/strong> Les Services Civiques ne d\u00e9pendent pas du Code du Travail et per\u00e7oivent non pas un salaire mais une \u00ab\u00a0indemnit\u00e9\u00a0\u00bb de <strong>moins de 600 euros par mois<\/strong>. Alors que la mission du Service Civique doit s\u2019inscrire dans le cadre de l\u2019int\u00e9r\u00eat g\u00e9n\u00e9ral et alimenter un projet personnel, on sait que sur le terrain les Services Civiques sont amen\u00e9-e-s \u00e0 effectuer des missions qui rel\u00e8vent d\u2019emplois statutaires. Les Services Civiques, comme les stages, permettent \u00e0 l\u2019\u00c9tat et aux entreprises de r\u00e9mun\u00e9rer les travailleur-euse-s en dessous des seuils fix\u00e9s par les conventions collectives.<\/p>\n<p><strong>Pour SUD \u00e9ducation les missions de service public doivent \u00eatre effectu\u00e9es par des personnels aux emplois statutaires.<\/strong><\/p>\n<blockquote class=\"spip\"><p><strong>CAE-CUI\u00a0: K\u00e9zako\u00a0?<\/strong><\/p>\n<p>\u2022 des contrats de droit priv\u00e9 (contrairement aux contrats d\u2019AED ou de contractuel-le enseignant-e),<br class=\"autobr\" \/> \u2022 financ\u00e9s jusqu\u2019\u00e0 95% par l\u2019\u00c9tat,<br class=\"autobr\" \/> \u2022 \u00e0 destination des personnes sans emploi rencontrant des difficult\u00e9s sociales et professionnelles particuli\u00e8res d\u2019acc\u00e8s \u00e0 l\u2019emploi, <br class=\"autobr\" \/> \u2022 des contrats courts (de 6 \u00e0 24 mois, avec des prolongements dans certains cas), <br class=\"autobr\" \/> \u2022 r\u00e9mun\u00e9r\u00e9s au SMIC\u00a0: 20h hebdo = 650 euros par mois.<\/p><\/blockquote>\n<blockquote class=\"spip\"><p><strong>Interpro<\/strong><\/p>\n<p>Dans le secteur associatif, d\u00e9j\u00e0 particuli\u00e8rement pr\u00e9caire (seul-e-s 53% des salari\u00e9-e-s associatifs sont en CDI contre 88% dans le priv\u00e9 lucratif), l\u2019arr\u00eat du recrutement en CUI au profit du d\u00e9veloppement des services civiques va encore fragiliser l\u2019emploi. Le syndicat de Solidaires pr\u00e9sent dans l\u2019associatif, ASSO d\u00e9nonce cette pr\u00e9carisation des emplois.<br class=\"autobr\" \/> Des Services Civiques interviennent d\u00e9j\u00e0 dans les \u00e9tablissement scolaires pour effectuer des t\u00e2ches d\u2019accompagnement des \u00e9l\u00e8ves en difficult\u00e9s, de r\u00e9alisation de projets culturels ou d\u2019animation du temps p\u00e9riscolaire. Ces missions primordiales sous-trait\u00e9es par l\u2019\u00c9ducation Nationale \u00e0 des associations doivent \u00eatre assur\u00e9es par des personnels titulaires et non pr\u00e9caires.<\/p>\n<p>&nbsp;<\/p>\n<p>&nbsp;<\/p>\n<a href=\"https:\/\/solidaires87.org\/sudeduclimousin\/wp-content\/uploads\/sites\/4\/2017\/11\/Tract-Pre\u0301carite\u0301.pdf\" class=\"pdfemb-viewer\" style=\"\" data-width=\"max\" data-height=\"max\"  data-toolbar=\"bottom\" data-toolbar-fixed=\"off\">Tract Pre\u0301carite\u0301<br\/><\/a><\/blockquote>\n","protected":false},"excerpt":{"rendered":"<p>La ministre du Travail Mme\u00a0P\u00e9nicaud a annonc\u00e9 la fin du recrutement en CAE-CUI dans le cadre du plan d\u2019\u00e9conomie de 4,5 milliards d\u2019euros dans la Fonction Publique. Le budget du gouvernement pr\u00e9voyait le recrutement de 280\u00a0000 nouveaux contrats aid\u00e9s pour&#8230;<br \/><a class=\"read-more-button\" href=\"https:\/\/solidaires87.org\/sudeduclimousin\/2017\/11\/07\/rentree-2017-toujours-plus-de-precarite\/\">Savoir plus<\/a><\/p>\n","protected":false},"author":18,"featured_media":0,"comment_status":"closed","ping_status":"open","sticky":false,"template":"","format":"standard","meta":{"footnotes":""},"categories":[9,5],"tags":[],"_links":{"self":[{"href":"https:\/\/solidaires87.org\/sudeduclimousin\/wp-json\/wp\/v2\/posts\/703"}],"collection":[{"href":"https:\/\/solidaires87.org\/sudeduclimousin\/wp-json\/wp\/v2\/posts"}],"about":[{"href":"https:\/\/solidaires87.org\/sudeduclimousin\/wp-json\/wp\/v2\/types\/post"}],"author":[{"embeddable":true,"href":"https:\/\/solidaires87.org\/sudeduclimousin\/wp-json\/wp\/v2\/users\/18"}],"replies":[{"embeddable":true,"href":"https:\/\/solidaires87.org\/sudeduclimousin\/wp-json\/wp\/v2\/comments?post=703"}],"version-history":[{"count":2,"href":"https:\/\/solidaires87.org\/sudeduclimousin\/wp-json\/wp\/v2\/posts\/703\/revisions"}],"predecessor-version":[{"id":705,"href":"https:\/\/solidaires87.org\/sudeduclimousin\/wp-json\/wp\/v2\/posts\/703\/revisions\/705"}],"wp:attachment":[{"href":"https:\/\/solidaires87.org\/sudeduclimousin\/wp-json\/wp\/v2\/media?parent=703"}],"wp:term":[{"taxonomy":"category","embeddable":true,"href":"https:\/\/solidaires87.org\/sudeduclimousin\/wp-json\/wp\/v2\/categories?post=703"},{"taxonomy":"post_tag","embeddable":true,"href":"https:\/\/solidaires87.org\/sudeduclimousin\/wp-json\/wp\/v2\/tags?post=703"}],"curies":[{"name":"wp","href":"https:\/\/api.w.org\/{rel}","templated":true}]}}