{"id":694,"date":"2017-10-13T10:25:29","date_gmt":"2017-10-13T09:25:29","guid":{"rendered":"http:\/\/solidaires87.org\/sudeduclimousin\/?p=694"},"modified":"2020-03-08T08:27:13","modified_gmt":"2020-03-08T07:27:13","slug":"management-et-maltraitance-entre-le-marteau-et-lenclume","status":"publish","type":"post","link":"https:\/\/solidaires87.org\/sudeduclimousin\/2017\/10\/13\/management-et-maltraitance-entre-le-marteau-et-lenclume\/","title":{"rendered":"Management et maltraitance :  entre le marteau et l\u2019enclume"},"content":{"rendered":"<h2 align=\"CENTER\"><span style=\"font-family: Arial,sans-serif\"><span style=\"font-size: xx-small\"><i>Sud \u00e9ducation se propose de donner aux coll\u00e8gues quelques outils de d\u00e9fense et de lutte, outils qui prennent tout leur sens dans leur utilisation collective.<\/i><\/span><\/span><\/h2>\n<h2 align=\"CENTER\"><span style=\"color: #ff0000\"><span style=\"font-family: Arial,sans-serif\"><span style=\"font-size: xx-small\">Face au d\u00e9litement des liens humains qu\u2019impose le management de l\u2019administration, c\u2019est ensemble qu\u2019il faut se mobiliser !<\/span><\/span><\/span><\/h2>\n<a href=\"https:\/\/solidaires87.org\/sudeduclimousin\/wp-content\/uploads\/sites\/4\/2017\/10\/Management-et-Maltraitance.pdf\" class=\"pdfemb-viewer\" style=\"\" data-width=\"max\" data-height=\"max\"  data-toolbar=\"bottom\" data-toolbar-fixed=\"off\">Management et Maltraitance<br\/><\/a>\n<a href=\"https:\/\/solidaires87.org\/sudeduclimousin\/wp-content\/uploads\/sites\/4\/2017\/10\/Management-et-Maltraitance-Affiche.pdf\" class=\"pdfemb-viewer\" style=\"\" data-width=\"max\" data-height=\"max\"  data-toolbar=\"bottom\" data-toolbar-fixed=\"off\">Management et Maltraitance - Affiche<br\/><\/a>\n<p align=\"JUSTIFY\"><span style=\"color: #ff3333\"><span style=\"font-family: Arial,sans-serif\"><span style=\"font-size: xx-small\"><b>Faire appel au syndicat est aussi une possibilit\u00e9 pour contrer les man\u0153uvres du management et de la hi\u00e9rarchie. Lors d\u2019une gr\u00e8ve, d\u2019une convocation ou d\u2019entretien avec un sup\u00e9rieur hi\u00e9rarchique, l\u2019accompagnement syndical individuel ou collectif est un recours \u00e0 ne pas n\u00e9gliger.<\/b><\/span><\/span><\/span><\/p>\n","protected":false},"excerpt":{"rendered":"<p>Sud \u00e9ducation se propose de donner aux coll\u00e8gues quelques outils de d\u00e9fense et de lutte, outils qui prennent tout leur sens dans leur utilisation collective. Face au d\u00e9litement des liens humains qu\u2019impose le management de l\u2019administration, c\u2019est ensemble qu\u2019il faut&#8230;<br \/><a class=\"read-more-button\" href=\"https:\/\/solidaires87.org\/sudeduclimousin\/2017\/10\/13\/management-et-maltraitance-entre-le-marteau-et-lenclume\/\">Savoir plus<\/a><\/p>\n","protected":false},"author":18,"featured_media":0,"comment_status":"closed","ping_status":"open","sticky":false,"template":"","format":"standard","meta":{"footnotes":""},"categories":[11,9,5,1,6],"tags":[14],"_links":{"self":[{"href":"https:\/\/solidaires87.org\/sudeduclimousin\/wp-json\/wp\/v2\/posts\/694"}],"collection":[{"href":"https:\/\/solidaires87.org\/sudeduclimousin\/wp-json\/wp\/v2\/posts"}],"about":[{"href":"https:\/\/solidaires87.org\/sudeduclimousin\/wp-json\/wp\/v2\/types\/post"}],"author":[{"embeddable":true,"href":"https:\/\/solidaires87.org\/sudeduclimousin\/wp-json\/wp\/v2\/users\/18"}],"replies":[{"embeddable":true,"href":"https:\/\/solidaires87.org\/sudeduclimousin\/wp-json\/wp\/v2\/comments?post=694"}],"version-history":[{"count":1,"href":"https:\/\/solidaires87.org\/sudeduclimousin\/wp-json\/wp\/v2\/posts\/694\/revisions"}],"predecessor-version":[{"id":697,"href":"https:\/\/solidaires87.org\/sudeduclimousin\/wp-json\/wp\/v2\/posts\/694\/revisions\/697"}],"wp:attachment":[{"href":"https:\/\/solidaires87.org\/sudeduclimousin\/wp-json\/wp\/v2\/media?parent=694"}],"wp:term":[{"taxonomy":"category","embeddable":true,"href":"https:\/\/solidaires87.org\/sudeduclimousin\/wp-json\/wp\/v2\/categories?post=694"},{"taxonomy":"post_tag","embeddable":true,"href":"https:\/\/solidaires87.org\/sudeduclimousin\/wp-json\/wp\/v2\/tags?post=694"}],"curies":[{"name":"wp","href":"https:\/\/api.w.org\/{rel}","templated":true}]}}