{"id":669,"date":"2017-09-20T09:18:12","date_gmt":"2017-09-20T08:18:12","guid":{"rendered":"http:\/\/solidaires87.org\/sudeduclimousin\/?p=669"},"modified":"2020-03-08T08:27:31","modified_gmt":"2020-03-08T07:27:31","slug":"contre-reformes-du-bac-et-du-post-bac","status":"publish","type":"post","link":"https:\/\/solidaires87.org\/sudeduclimousin\/2017\/09\/20\/contre-reformes-du-bac-et-du-post-bac\/","title":{"rendered":"Contre-r\u00e9formes du bac et du post-bac"},"content":{"rendered":"<h3><img loading=\"lazy\" decoding=\"async\" class=\"alignnone size-full wp-image-670\" src=\"http:\/\/solidaires87.org\/sudeduclimousin\/wp-content\/uploads\/sites\/4\/2017\/09\/arton7204-77718.png\" alt=\"\" width=\"110\" height=\"150\" \/><\/h3>\n<h3 class=\"spip\">D\u00e9mant\u00e8lement du baccalaur\u00e9at<\/h3>\n<p>M.\u00a0Blanquer, ministre de l\u2019\u00e9ducation nationale, va entamer d\u00e8s cet automne la r\u00e9forme du bac (et du lyc\u00e9e pour l\u2019adapter \u00e0 cette r\u00e9forme du bac). Cette r\u00e9forme ne vise en rien \u00e0 d\u00e9mocratiser le service public d\u2019\u00e9ducation, bien au contraire. D\u2019une part, le bac g\u00e9n\u00e9ral et technologique sera r\u00e9form\u00e9 pour ne plus comporter que 4 \u00e9preuves terminales. SUD \u00e9ducation s\u2019oppose \u00e0 cette hi\u00e9rarchisation entre les disciplines par une diff\u00e9renciation entre celles qui donneront lieu \u00e0 examen terminal ou non. Nous voulons le maintien du cadre national du dipl\u00f4me contre toute tentative de localisation et la garantie du droit \u00e0 l\u2019anonymat des \u00e9l\u00e8ves pour les \u00e9preuves certificatives. D\u2019autre part, le bac ne suffira plus pour garantir le droit \u00e0 l\u2019universit\u00e9. L\u2019annonce de l\u2019introduction de pr\u00e9requis pour entrer \u00e0 l\u2019universit\u00e9, sous couvert de lutter contre l\u2019\u00e9chec, est une attaque majeure contre l\u2019\u00e9galit\u00e9 du droit aux \u00e9tudes sup\u00e9rieures. Le bac est le premier grade universitaire. Il doit rester un pr\u00e9requis suffisant pour acc\u00e9der \u00e0 l\u2019universit\u00e9.<\/p>\n<h3 class=\"spip\">Suppression du droit \u00e0 l\u2019universit\u00e9<\/h3>\n<p>En parall\u00e8le, Mme\u00a0Vidal, ministre de l\u2019enseignement sup\u00e9rieur et de la recherche, pr\u00e9pare la s\u00e9lection \u00e0 l\u2019entr\u00e9e des universit\u00e9s, prenant pr\u00e9texte du fiasco organis\u00e9 d\u2019APB (l\u2019application qui g\u00e8re les Affectations Post Bac) qui a pour cause le d\u00e9sengagement de l\u2019\u00c9tat et le manque de moyens. Si tant de bacheliers sont rest\u00e9s sur le carreau, c\u2019est d\u2019abord car il manque l\u2019\u00e9quivalent de trois universit\u00e9s en France. Elle pr\u00e9tend qu\u2019il faudrait davantage \u201cprofessionnaliser les licences\u201d. La moiti\u00e9 des \u00e9tudiant-e-s qui doivent travailler au cours de leur ann\u00e9e universitaire dans une soci\u00e9t\u00e9 frapp\u00e9e par le ch\u00f4mage de masse structurel seront certainement ravi-e-s de la nouvelle\u2026 En finir avec le baccalaur\u00e9at comme premier dipl\u00f4me universitaire, individualiser les parcours, mettre en place les pr\u00e9-requis, c\u2019est accentuer encore la s\u00e9lection sociale, les m\u00e9canismes de reproductions et donc les in\u00e9galit\u00e9s.<\/p>\n<h3 class=\"spip\">Construisons la lutte\u00a0!<\/h3>\n<p>Pour SUD \u00e9ducation, au lieu de trier encore davantage les \u00e9l\u00e8ves et les \u00e9tudiant-e-s, l\u2019urgence est de garantir effectivement l\u2019\u00e9galit\u00e9 du droit \u00e0 l\u2019\u00e9ducation et aux \u00e9tudes sup\u00e9rieures et de leur assurer les conditions d\u2019une v\u00e9ritable formation \u00e9mancipatrice. Baisser le niveau de qualification de celles et ceux qui sont issu-e-s des classes populaires c\u2019est envoyer des centaines de milliers de pr\u00e9caires sur un march\u00e9 du travail que Macron s\u2019emploie \u00e0 d\u00e9r\u00e9guler.<\/p>\n<p><strong>Pour SUD \u00e9ducation, l\u2019heure est \u00e0 la construction d\u2019un large front de lutte contre cette contre-r\u00e9volution scolaire qui vient. Il doit sans attendre s\u2019inscrire dans le mouvement global de refus des politiques n\u00e9o-lib\u00e9rales de Macron et de son gouvernement.<\/strong><\/p>\n<a href=\"https:\/\/solidaires87.org\/sudeduclimousin\/wp-content\/uploads\/sites\/4\/2017\/09\/CP-Bac-post-Bac.pdf\" class=\"pdfemb-viewer\" style=\"\" data-width=\"max\" data-height=\"max\"  data-toolbar=\"bottom\" data-toolbar-fixed=\"off\">CP Bac post-Bac<br\/><\/a>\n","protected":false},"excerpt":{"rendered":"<p>D\u00e9mant\u00e8lement du baccalaur\u00e9at M.\u00a0Blanquer, ministre de l\u2019\u00e9ducation nationale, va entamer d\u00e8s cet automne la r\u00e9forme du bac (et du lyc\u00e9e pour l\u2019adapter \u00e0 cette r\u00e9forme du bac). Cette r\u00e9forme ne vise en rien \u00e0 d\u00e9mocratiser le service public d\u2019\u00e9ducation, bien&#8230;<br \/><a class=\"read-more-button\" href=\"https:\/\/solidaires87.org\/sudeduclimousin\/2017\/09\/20\/contre-reformes-du-bac-et-du-post-bac\/\">Savoir plus<\/a><\/p>\n","protected":false},"author":18,"featured_media":0,"comment_status":"closed","ping_status":"open","sticky":false,"template":"","format":"standard","meta":{"footnotes":""},"categories":[9,5,1],"tags":[],"_links":{"self":[{"href":"https:\/\/solidaires87.org\/sudeduclimousin\/wp-json\/wp\/v2\/posts\/669"}],"collection":[{"href":"https:\/\/solidaires87.org\/sudeduclimousin\/wp-json\/wp\/v2\/posts"}],"about":[{"href":"https:\/\/solidaires87.org\/sudeduclimousin\/wp-json\/wp\/v2\/types\/post"}],"author":[{"embeddable":true,"href":"https:\/\/solidaires87.org\/sudeduclimousin\/wp-json\/wp\/v2\/users\/18"}],"replies":[{"embeddable":true,"href":"https:\/\/solidaires87.org\/sudeduclimousin\/wp-json\/wp\/v2\/comments?post=669"}],"version-history":[{"count":1,"href":"https:\/\/solidaires87.org\/sudeduclimousin\/wp-json\/wp\/v2\/posts\/669\/revisions"}],"predecessor-version":[{"id":672,"href":"https:\/\/solidaires87.org\/sudeduclimousin\/wp-json\/wp\/v2\/posts\/669\/revisions\/672"}],"wp:attachment":[{"href":"https:\/\/solidaires87.org\/sudeduclimousin\/wp-json\/wp\/v2\/media?parent=669"}],"wp:term":[{"taxonomy":"category","embeddable":true,"href":"https:\/\/solidaires87.org\/sudeduclimousin\/wp-json\/wp\/v2\/categories?post=669"},{"taxonomy":"post_tag","embeddable":true,"href":"https:\/\/solidaires87.org\/sudeduclimousin\/wp-json\/wp\/v2\/tags?post=669"}],"curies":[{"name":"wp","href":"https:\/\/api.w.org\/{rel}","templated":true}]}}