{"id":647,"date":"2017-09-20T09:20:13","date_gmt":"2017-09-20T08:20:13","guid":{"rendered":"http:\/\/solidaires87.org\/sudeduclimousin\/?p=647"},"modified":"2020-03-08T08:27:26","modified_gmt":"2020-03-08T07:27:26","slug":"plan-social-a-leducation-nationale","status":"publish","type":"post","link":"https:\/\/solidaires87.org\/sudeduclimousin\/2017\/09\/20\/plan-social-a-leducation-nationale\/","title":{"rendered":"Plan social \u00e0 l\u2019\u00c9ducation Nationale"},"content":{"rendered":"<div class=\"soustitre\"><i><b>Licenciement massif des personnels en contrat aid\u00e9 dans les \u00e9coles, les lyc\u00e9es et les coll\u00e8ges<\/b><\/i><\/div>\n<p>&nbsp;<\/p>\n<div class=\"detail\"><img loading=\"lazy\" decoding=\"async\" class=\"alignnone size-full wp-image-356\" src=\"http:\/\/solidaires87.org\/sudeduclimousin\/wp-content\/uploads\/sites\/4\/2016\/10\/arton6717-b3e25-1.jpg\" alt=\"\" width=\"150\" height=\"101\" \/><\/div>\n<div class=\"texte\">\n<p>Aux emplois aid\u00e9s s\u2019ajoute le recrutement de plus en plus important de personnels sous un statut encore plus pr\u00e9caire que celui des CAE-CUI, les \u00ab\u00a0Services Civiques\u00a0\u00bb comme l\u2019a annonc\u00e9 M.\u00a0Blanquer.<\/p>\n<p>Les emplois aid\u00e9s restants dans l\u2019\u00c9ducation Nationale sont destin\u00e9s, selon le gouvernement, \u00e0 \u00ab\u00a0assurer l\u2019accompagnement des enfants handicap\u00e9s\u00a0\u00bb. En attendant, des milliers d\u2019enfants, \u00e0 chaque rentr\u00e9e, attendent de pouvoir \u00eatre aid\u00e9s car l\u2019administration n\u2019y consacre pas les moyens n\u00e9cessaires. Les coll\u00e8gues assistant les personnels charg\u00e9s de direction, charg\u00e9s des BCD dans les \u00e9coles primaires, affect\u00e9-e-s \u00e0 la vie scolaire dans les \u00e9tablissements du second degr\u00e9 constatent sur tout le territoire que leur contrat de travail n\u2019est pas renouvel\u00e9.<\/p>\n<p>Il s\u2019agit d\u2019un vaste plan de licenciement qui ne dit pas son nom\u00a0: des milliers de personnels, apr\u00e8s avoir subi des conditions de travail d\u00e9plorables (temps partiel subi, multiplicit\u00e9 des t\u00e2ches, absence de reconnaissance, de formation et salaire au rabais) sont remerci\u00e9s parce qu\u2019un Pr\u00e9sident de la R\u00e9publique estime qu\u2019ils et elles co\u00fbtent trop cher. Ces personnels (AED, CUI-CAE, services civiques\u2026) assurent pourtant des missions essentielles.<\/p>\n<p><strong>SUD \u00e9ducation revendique le r\u00e9emploi des personnels qui effectuent ces missions sous un statut de titulaire qui les prot\u00e8ge, assure leur stabilit\u00e9 dans les \u00e9quipes ainsi qu\u2019un v\u00e9ritable droit \u00e0 la formation.<\/strong><\/p>\n<\/div>\n<a href=\"https:\/\/solidaires87.org\/sudeduclimousin\/wp-content\/uploads\/sites\/4\/2017\/09\/Plan-social-EN.pdf\" class=\"pdfemb-viewer\" style=\"\" data-width=\"max\" data-height=\"max\"  data-toolbar=\"bottom\" data-toolbar-fixed=\"off\">Plan social EN<br\/><\/a>\n","protected":false},"excerpt":{"rendered":"<p>Licenciement massif des personnels en contrat aid\u00e9 dans les \u00e9coles, les lyc\u00e9es et les coll\u00e8ges &nbsp; Aux emplois aid\u00e9s s\u2019ajoute le recrutement de plus en plus important de personnels sous un statut encore plus pr\u00e9caire que celui des CAE-CUI, les&#8230;<br \/><a class=\"read-more-button\" href=\"https:\/\/solidaires87.org\/sudeduclimousin\/2017\/09\/20\/plan-social-a-leducation-nationale\/\">Savoir plus<\/a><\/p>\n","protected":false},"author":18,"featured_media":0,"comment_status":"closed","ping_status":"open","sticky":false,"template":"","format":"standard","meta":{"footnotes":""},"categories":[9,5],"tags":[],"_links":{"self":[{"href":"https:\/\/solidaires87.org\/sudeduclimousin\/wp-json\/wp\/v2\/posts\/647"}],"collection":[{"href":"https:\/\/solidaires87.org\/sudeduclimousin\/wp-json\/wp\/v2\/posts"}],"about":[{"href":"https:\/\/solidaires87.org\/sudeduclimousin\/wp-json\/wp\/v2\/types\/post"}],"author":[{"embeddable":true,"href":"https:\/\/solidaires87.org\/sudeduclimousin\/wp-json\/wp\/v2\/users\/18"}],"replies":[{"embeddable":true,"href":"https:\/\/solidaires87.org\/sudeduclimousin\/wp-json\/wp\/v2\/comments?post=647"}],"version-history":[{"count":1,"href":"https:\/\/solidaires87.org\/sudeduclimousin\/wp-json\/wp\/v2\/posts\/647\/revisions"}],"predecessor-version":[{"id":648,"href":"https:\/\/solidaires87.org\/sudeduclimousin\/wp-json\/wp\/v2\/posts\/647\/revisions\/648"}],"wp:attachment":[{"href":"https:\/\/solidaires87.org\/sudeduclimousin\/wp-json\/wp\/v2\/media?parent=647"}],"wp:term":[{"taxonomy":"category","embeddable":true,"href":"https:\/\/solidaires87.org\/sudeduclimousin\/wp-json\/wp\/v2\/categories?post=647"},{"taxonomy":"post_tag","embeddable":true,"href":"https:\/\/solidaires87.org\/sudeduclimousin\/wp-json\/wp\/v2\/tags?post=647"}],"curies":[{"name":"wp","href":"https:\/\/api.w.org\/{rel}","templated":true}]}}