{"id":611,"date":"2017-03-08T12:42:34","date_gmt":"2017-03-08T11:42:34","guid":{"rendered":"http:\/\/solidaires87.org\/sudeduclimousin\/?p=611"},"modified":"2019-12-29T10:29:04","modified_gmt":"2019-12-29T09:29:04","slug":"democratiser-lecole-pour-mettre-fin-aux-inegalites-scolaires-et-a-lamplification-des-inegalites-sociales","status":"publish","type":"post","link":"https:\/\/solidaires87.org\/sudeduclimousin\/2017\/03\/08\/democratiser-lecole-pour-mettre-fin-aux-inegalites-scolaires-et-a-lamplification-des-inegalites-sociales\/","title":{"rendered":"D\u00e9mocratiser l\u2019\u00e9cole  pour mettre fin aux in\u00e9galit\u00e9s scolaires et \u00e0 l&rsquo;amplification des in\u00e9galit\u00e9s sociales"},"content":{"rendered":"<p class=\"western\" align=\"JUSTIFY\"><span style=\"font-family: Sawasdee\"><span style=\"font-size: medium\"><b> Apr\u00e8s que le dispositif PISA ait annonc\u00e9 que l&rsquo;\u00e9cole fran\u00e7aise se place brillamment au dernier rang mondial concernant la r\u00e9sorption des in\u00e9galit\u00e9s sociales, qu&rsquo;elle contribue carr\u00e9ment \u00e0 amplifier, il nous appara\u00eet urgent de proposer une analyse solide des raisons de cet \u00e9chec structurel.<\/b><\/span><\/span><\/p>\n<p class=\"western\" align=\"JUSTIFY\"><span style=\"font-family: Sawasdee\"><span style=\"font-size: medium\"><b> Si l\u2019\u00c9cole est sens\u00e9e compenser les in\u00e9galit\u00e9s socio-\u00e9conomiques, c\u2019est-\u00e0-dire, ainsi que le pr\u00e9voyait le Plan Langevin-Wallon en juin 1947, \u00ab\u00a0[\u2026] offrir \u00e0 tous d\u2019\u00e9gales possibilit\u00e9s de d\u00e9veloppement, ouvrir \u00e0 tous l\u2019acc\u00e8s \u00e0 la culture, se d\u00e9mocratiser moins par une s\u00e9lection qui \u00e9loigne du peuple les plus dou\u00e9s que par une \u00e9l\u00e9vation continue du niveau culturel de l\u2019ensemble de la nation\u00a0\u00bb , force est de constater que les in\u00e9galit\u00e9s sociales sont plut\u00f4t confort\u00e9es par le syst\u00e8me \u00e9ducatif, qui constitue donc l&rsquo;un des vecteurs de la reproduction sociale, puisque \u00ab\u00a0[\u2026] l\u2019\u00e9cole primaire ne r\u00e9sorbe pas les in\u00e9galit\u00e9s sociales, et le coll\u00e8ge les amplifie fortement.\u00a0\u00bb (CNESCO, 2016).<\/b><\/span><\/span><\/p>\n<p class=\"western\" align=\"JUSTIFY\"><span style=\"font-size: medium\"><cite><span style=\"color: #000000\"><span style=\"font-family: Sawasdee\">Une fois constat\u00e9s, et \u00e0 supposer une volont\u00e9 politique qui consisterait \u00e0 tirer profit de cette \u00e9tude pour am\u00e9liorer la situation, reste \u00e0 voir \u00e0 quels param\u00e8tres ces \u00e9carts sont corr\u00e9l\u00e9s pour en tirer le\u00e7on.<\/span><\/span><\/cite><\/span><\/p>\n<p class=\"western\" align=\"JUSTIFY\"><span style=\"font-family: Sawasdee\"><span style=\"font-size: medium\">Les statistiques \u00e9tablies par l&rsquo;APED prouvent que 62% des in\u00e9galit\u00e9s sociales \u00e0 l&rsquo;\u00e9cole s&rsquo;expliquent par ces facteurs structurels qui engendrent ce qu&rsquo;il convient donc d&rsquo;appeler une s\u00e9gr\u00e9gation structurelle. Quels en sont donc les facteurs ?<\/span><\/span><\/p>\n<p align=\"JUSTIFY\"><a href=\"https:\/\/solidaires87.org\/sudeduclimousin\/wp-content\/uploads\/sites\/4\/2017\/06\/D\u00e9mocratiser-l\u2019\u00e9cole-pour-mettre-fin-aux-in\u00e9galit\u00e9s-scolaires.pdf\" class=\"pdfemb-viewer\" style=\"\" data-width=\"max\" data-height=\"max\"  data-toolbar=\"bottom\" data-toolbar-fixed=\"off\">D\u00e9mocratiser l\u2019\u00e9cole pour mettre fin aux in\u00e9galit\u00e9s scolaires<br\/><\/a><\/p>\n<p class=\"western\" align=\"JUSTIFY\"><span style=\"font-family: Sawasdee\"><b>En conclusion, la lutte contre les in\u00e9galit\u00e9s scolaires et contre l&rsquo;amplification des in\u00e9galit\u00e9s sociales implique n\u00e9cessairement plusieurs param\u00e8tres qu&rsquo;il faut imp\u00e9rativement traiter simultan\u00e9ment. Pour esp\u00e9rer des r\u00e9sultats significatifs, il est donc n\u00e9cessaire de\u00a0:<\/b><\/span><\/p>\n<ul>\n<li>\n<p class=\"western\" align=\"JUSTIFY\"><span style=\"font-family: Sawasdee\"><b>mettre fin aux s\u00e9gr\u00e9gations r\u00e9sidentielles via une carte scolaire qui ambitionne de favoriser drastiquement la mixit\u00e9 sociale\u00a0;<\/b><\/span><\/p>\n<\/li>\n<li>\n<p class=\"western\" align=\"JUSTIFY\"><span style=\"font-family: Sawasdee\"><b>mettre fin au quasi-march\u00e9 scolaire via le non financement par l&rsquo;Etat de toutes les \u00e9coles priv\u00e9es\u00a0;<\/b><\/span><\/p>\n<\/li>\n<li>\n<p class=\"western\" align=\"JUSTIFY\"><span style=\"font-family: Sawasdee\"><b>mettre fin aux dispositifs de s\u00e9gr\u00e9gation institutionnelle (zones prioritaires, fili\u00e8res de reclassement, hi\u00e9rarchisation des fili\u00e8res, parcours personnels&#8230;)\u00a0;<\/b><\/span><\/p>\n<\/li>\n<li>\n<p class=\"western\" align=\"JUSTIFY\"><span style=\"font-family: Sawasdee\"><b>abaisser drastiquement les effectifs \u00e9l\u00e8ves par classe, prioritairement d\u00e8s la maternelle\u00a0;<\/b><\/span><\/p>\n<\/li>\n<li>\n<p class=\"western\" align=\"JUSTIFY\"><span style=\"font-family: Sawasdee\"><b>d\u00e9ployer les m\u00e9thodes actives d&rsquo;\u00e9ducation, les p\u00e9dagogies coop\u00e9ratives et des \u00e9l\u00e9ments de p\u00e9dagogie institutionnelle, via notamment un vaste plan de formation des personnels enseignants\u00a0;<\/b><\/span><\/p>\n<\/li>\n<li>\n<p class=\"western\" align=\"JUSTIFY\"><span style=\"font-family: Sawasdee\"><b>mettre fin aux formes d&rsquo;\u00e9valuation actuelles qui ne constituent en fin de compte qu&rsquo;un outil de tri social, pour favoriser l&rsquo;auto-\u00e9valuation et l&rsquo;\u00e9valuation entre pair.e.s\u00a0;<\/b><\/span><\/p>\n<\/li>\n<li>\n<p class=\"western\" align=\"JUSTIFY\"><span style=\"font-family: Sawasdee\"><b>mettre fin au redoublement.<\/b><\/span><\/p>\n<\/li>\n<\/ul>\n<p class=\"western\" align=\"RIGHT\"><span style=\"font-family: Sawasdee\"><b>St\u00e9phane Laffarge, enseignant, s<\/b><\/span><span style=\"font-family: Sawasdee\"><b>ecr\u00e9taire Acad\u00e9mique et ex co-secr\u00e9taire de la f\u00e9d\u00e9ration SUD Education, p<\/b><\/span><span style=\"font-family: Sawasdee\"><b>r\u00e9sident en r\u00e9gion et ex administrateur de l&rsquo;Association CEMEA.<br \/>\n<\/b><\/span><\/p>\n","protected":false},"excerpt":{"rendered":"<p>Apr\u00e8s que le dispositif PISA ait annonc\u00e9 que l&rsquo;\u00e9cole fran\u00e7aise se place brillamment au dernier rang mondial concernant la r\u00e9sorption des in\u00e9galit\u00e9s sociales, qu&rsquo;elle contribue carr\u00e9ment \u00e0 amplifier, il nous appara\u00eet urgent de proposer une analyse solide des raisons de&#8230;<br \/><a class=\"read-more-button\" href=\"https:\/\/solidaires87.org\/sudeduclimousin\/2017\/03\/08\/democratiser-lecole-pour-mettre-fin-aux-inegalites-scolaires-et-a-lamplification-des-inegalites-sociales\/\">Savoir plus<\/a><\/p>\n","protected":false},"author":18,"featured_media":0,"comment_status":"closed","ping_status":"open","sticky":false,"template":"","format":"standard","meta":{"footnotes":""},"categories":[8,10],"tags":[],"_links":{"self":[{"href":"https:\/\/solidaires87.org\/sudeduclimousin\/wp-json\/wp\/v2\/posts\/611"}],"collection":[{"href":"https:\/\/solidaires87.org\/sudeduclimousin\/wp-json\/wp\/v2\/posts"}],"about":[{"href":"https:\/\/solidaires87.org\/sudeduclimousin\/wp-json\/wp\/v2\/types\/post"}],"author":[{"embeddable":true,"href":"https:\/\/solidaires87.org\/sudeduclimousin\/wp-json\/wp\/v2\/users\/18"}],"replies":[{"embeddable":true,"href":"https:\/\/solidaires87.org\/sudeduclimousin\/wp-json\/wp\/v2\/comments?post=611"}],"version-history":[{"count":4,"href":"https:\/\/solidaires87.org\/sudeduclimousin\/wp-json\/wp\/v2\/posts\/611\/revisions"}],"predecessor-version":[{"id":615,"href":"https:\/\/solidaires87.org\/sudeduclimousin\/wp-json\/wp\/v2\/posts\/611\/revisions\/615"}],"wp:attachment":[{"href":"https:\/\/solidaires87.org\/sudeduclimousin\/wp-json\/wp\/v2\/media?parent=611"}],"wp:term":[{"taxonomy":"category","embeddable":true,"href":"https:\/\/solidaires87.org\/sudeduclimousin\/wp-json\/wp\/v2\/categories?post=611"},{"taxonomy":"post_tag","embeddable":true,"href":"https:\/\/solidaires87.org\/sudeduclimousin\/wp-json\/wp\/v2\/tags?post=611"}],"curies":[{"name":"wp","href":"https:\/\/api.w.org\/{rel}","templated":true}]}}