{"id":528,"date":"2017-03-09T15:04:07","date_gmt":"2017-03-09T14:04:07","guid":{"rendered":"http:\/\/solidaires87.org\/sudeduclimousin\/?p=528"},"modified":"2019-12-29T10:33:05","modified_gmt":"2019-12-29T09:33:05","slug":"liaison-cm2-6-eme-alourdissement-de-la-charge-de-travail-des-enseignant-e-s-et-flexibilisation-de-leur-temps-de-travail","status":"publish","type":"post","link":"https:\/\/solidaires87.org\/sudeduclimousin\/2017\/03\/09\/liaison-cm2-6-eme-alourdissement-de-la-charge-de-travail-des-enseignant-e-s-et-flexibilisation-de-leur-temps-de-travail\/","title":{"rendered":"Liaison CM2 \/ 6 eme Alourdissement de la charge de travail des enseignant-e-s et flexibilisation de leur temps de travail"},"content":{"rendered":"<div class=\"texte\">\n<p><strong>La circulaire de la rentr\u00e9e 2016 introduit une nouveaut\u00e9 concernant la liaison CM2\/6\u00e8me\u00a0: la participation des professeur-e-s des \u00e9coles aux conseils de classe des sixi\u00e8mes et r\u00e9ciproquement la participation des professeur-e-s du second degr\u00e9 aux conseils de cycle des \u00e9coles\u00a0: <\/strong><i> \u201cdans les \u00e9coles \u00e9l\u00e9mentaires, \u00e0 partir de la rentr\u00e9e scolaire 2016, le conseil du cycle 3 accueillera des professeurs exer\u00e7ant en classe de sixi\u00e8me dans le coll\u00e8ge du secteur de recrutement\u00a0; r\u00e9ciproquement, des professeurs de ces \u00e9coles pourront participer aux conseils des classes de sixi\u00e8me du coll\u00e8ge de leur secteur.\u201d<\/i><br class=\"autobr\" \/> Bien que la pr\u00e9sence \u00e0 ces r\u00e9unions se fasse sur la base du volontariat, nous voyons bien, \u00e0 raison de trois trimestres et plusieurs sixi\u00e8mes dans chaque coll\u00e8ge et plusieurs \u00e9coles pour chaque coll\u00e8ge, quelle charge consid\u00e9rable de travail et de temps cela repr\u00e9sente.<br class=\"autobr\" \/> Actuellement seul le refus de participer \u00e0 ces r\u00e9unions peut emp\u00eacher qu\u2019elles ne deviennent de fait des obligations institutionnelles sans prise en compte des heures effectu\u00e9es dans le temps de travail des enseignant-e-s ou sans d\u00e9charge de service.<br class=\"autobr\" \/> La f\u00e9d\u00e9ration SUD \u00e9ducation appelle les professeur-e-s des \u00e9coles \u00e0 refuser toute participation aux conseils de classe du coll\u00e8ge.<\/p>\n<p><img loading=\"lazy\" decoding=\"async\" class=\"alignnone size-full wp-image-514\" src=\"http:\/\/solidaires87.org\/sudeduclimousin\/wp-content\/uploads\/sites\/4\/2017\/02\/arton6930-14caa.jpg\" alt=\"\" width=\"147\" height=\"150\" \/><\/p>\n<p><strong>La f\u00e9d\u00e9ration SUD \u00e9ducation appelle les coll\u00e8gues professeur-e-s des coll\u00e8ges \u00e0 refuser toute participation aux conseils de cycles des \u00e9coles \u00e9l\u00e9mentaires.<\/strong><\/p>\n<p><strong>Pour un v\u00e9ritable travail en \u00e9quipe et une \u00e9cole \u00e9galitaire et \u00e9mancipatrice, SUD \u00e9ducation revendique\u00a0:<\/strong><\/p>\n<h3 class=\"spip\"><strong>&#8211; Du temps de concertation pour les \u00e9quipes<\/strong><\/h3>\n<p><strong>&#8211; Pour les professeur-e-s des \u00e9coles, 6 heures de concertation et de travail en \u00e9quipe. <\/strong> <br class=\"autobr\" \/> <strong>&#8211; Pour les professeur-e-s du secondaire, 3 heures soustraites des obligations de service pour \u00eatre consacr\u00e9es \u00e0 la concertation.<\/strong><\/p>\n<h3 class=\"spip\"><strong>&#8211; La r\u00e9duction du temps de travail<\/strong><\/h3>\n<p><strong>&#8211; Pour les professeur-e-s des \u00e9coles, baisse du temps d\u2019enseignement \u00e0 18 heures de classe par semaine. <\/strong> <br class=\"autobr\" \/> <strong>&#8211; Pour les professeur-e-s du secondaire, baisse du temps d\u2019enseignement \u00e0 14 heures de classe par semaine.<\/strong><\/p>\n<p><strong>L\u2019autonomie des \u00e9quipes, vers l\u2019autogestion des \u00e9coles et des \u00e9tablissements du second degr\u00e9.<\/strong><\/p>\n<p><a href=\"http:\/\/solidaires87.org\/sudeduclimousin\/wp-content\/uploads\/sites\/4\/2017\/03\/liaison_cm2-6eme.pdf\">Liaison cm2-6eme.pdf<\/a><\/p>\n<\/div>\n","protected":false},"excerpt":{"rendered":"<p>La circulaire de la rentr\u00e9e 2016 introduit une nouveaut\u00e9 concernant la liaison CM2\/6\u00e8me\u00a0: la participation des professeur-e-s des \u00e9coles aux conseils de classe des sixi\u00e8mes et r\u00e9ciproquement la participation des professeur-e-s du second degr\u00e9 aux conseils de cycle des \u00e9coles\u00a0:&#8230;<br \/><a class=\"read-more-button\" href=\"https:\/\/solidaires87.org\/sudeduclimousin\/2017\/03\/09\/liaison-cm2-6-eme-alourdissement-de-la-charge-de-travail-des-enseignant-e-s-et-flexibilisation-de-leur-temps-de-travail\/\">Savoir plus<\/a><\/p>\n","protected":false},"author":18,"featured_media":0,"comment_status":"closed","ping_status":"open","sticky":false,"template":"","format":"standard","meta":{"footnotes":""},"categories":[9,5],"tags":[],"_links":{"self":[{"href":"https:\/\/solidaires87.org\/sudeduclimousin\/wp-json\/wp\/v2\/posts\/528"}],"collection":[{"href":"https:\/\/solidaires87.org\/sudeduclimousin\/wp-json\/wp\/v2\/posts"}],"about":[{"href":"https:\/\/solidaires87.org\/sudeduclimousin\/wp-json\/wp\/v2\/types\/post"}],"author":[{"embeddable":true,"href":"https:\/\/solidaires87.org\/sudeduclimousin\/wp-json\/wp\/v2\/users\/18"}],"replies":[{"embeddable":true,"href":"https:\/\/solidaires87.org\/sudeduclimousin\/wp-json\/wp\/v2\/comments?post=528"}],"version-history":[{"count":1,"href":"https:\/\/solidaires87.org\/sudeduclimousin\/wp-json\/wp\/v2\/posts\/528\/revisions"}],"predecessor-version":[{"id":529,"href":"https:\/\/solidaires87.org\/sudeduclimousin\/wp-json\/wp\/v2\/posts\/528\/revisions\/529"}],"wp:attachment":[{"href":"https:\/\/solidaires87.org\/sudeduclimousin\/wp-json\/wp\/v2\/media?parent=528"}],"wp:term":[{"taxonomy":"category","embeddable":true,"href":"https:\/\/solidaires87.org\/sudeduclimousin\/wp-json\/wp\/v2\/categories?post=528"},{"taxonomy":"post_tag","embeddable":true,"href":"https:\/\/solidaires87.org\/sudeduclimousin\/wp-json\/wp\/v2\/tags?post=528"}],"curies":[{"name":"wp","href":"https:\/\/api.w.org\/{rel}","templated":true}]}}