{"id":524,"date":"2017-03-09T14:55:06","date_gmt":"2017-03-09T13:55:06","guid":{"rendered":"http:\/\/solidaires87.org\/sudeduclimousin\/?p=524"},"modified":"2019-12-29T10:33:34","modified_gmt":"2019-12-29T09:33:34","slug":"rejoignez-nous-rejoignez-sud-education","status":"publish","type":"post","link":"https:\/\/solidaires87.org\/sudeduclimousin\/2017\/03\/09\/rejoignez-nous-rejoignez-sud-education\/","title":{"rendered":"Rejoignez-nous\u00a0! Rejoignez Sud \u00e9ducation\u00a0!"},"content":{"rendered":"<p><img loading=\"lazy\" decoding=\"async\" class=\"alignnone size-medium wp-image-522\" src=\"http:\/\/solidaires87.org\/sudeduclimousin\/wp-content\/uploads\/sites\/4\/2017\/03\/Couteau-entre-les-dents-300x131.png\" alt=\"\" width=\"300\" height=\"131\" srcset=\"https:\/\/solidaires87.org\/sudeduclimousin\/wp-content\/uploads\/sites\/4\/2017\/03\/Couteau-entre-les-dents-300x131.png 300w, https:\/\/solidaires87.org\/sudeduclimousin\/wp-content\/uploads\/sites\/4\/2017\/03\/Couteau-entre-les-dents-768x336.png 768w, https:\/\/solidaires87.org\/sudeduclimousin\/wp-content\/uploads\/sites\/4\/2017\/03\/Couteau-entre-les-dents.png 866w\" sizes=\"(max-width: 300px) 100vw, 300px\" \/><\/p>\n<p><!-- @page { margin: 2cm } H1 { margin-bottom: 0.21cm; direction: ltr; color: #000000; widows: 0; orphans: 0 } H1.western { font-family: \"Liberation Serif\", \"Times New Roman\", serif; so-language: fr-FR } H1.cjk { font-family: \"Droid Sans\", \"MS Mincho\"; so-language: zh-CN } H1.ctl { font-family: \"Lohit Hindi\", \"MS Mincho\"; so-language: hi-IN } P { margin-bottom: 0.21cm; direction: ltr; color: #000000; widows: 0; orphans: 0 } P.western { font-family: \"Liberation Serif\", \"Times New Roman\", serif; font-size: 12pt; so-language: fr-FR } P.cjk { font-family: \"Droid Sans\", \"MS Mincho\"; font-size: 12pt; so-language: zh-CN } P.ctl { font-family: \"Lohit Hindi\", \"MS Mincho\"; font-size: 12pt; so-language: hi-IN } A.western:link { so-language: zxx } A.ctl:link { so-language: zxx } --><\/p>\n<h1 class=\"western\" align=\"JUSTIFY\"><span style=\"font-family: Sawasdee\"><span style=\"font-size: large\"><b><span style=\"color: #ff0000\">Nous nous opposons depuis bient\u00f4t 25 ans \u00e0 toutes les contre-r\u00e9formes<\/span> <span style=\"color: #ff0000\">n\u00e9o-lib\u00e9rales impos\u00e9es par les gouvernements successifs et qui ont conduit \u00e0 fa\u00e7onner le syst\u00e8me scolaire le plus in\u00e9galitaire du monde (PISA 2015).<\/span><\/b><\/span><\/span><\/h1>\n<p class=\"western\" align=\"JUSTIFY\"><span style=\"font-family: Sawasdee\"><span style=\"font-size: large\">Si les propositions des r\u00e9ac-publicains d&rsquo;aujourd&rsquo;hui ne nous promettent que r\u00e9gression, les r\u00e9formettes p\u00e9dagogiques d\u00e9fendues par les syndicats majoritaires ne suffiront pas \u00e0 soigner notre \u00e9cole publique, qui souffre de maux structurels (carte scolaire \u00e9litiste et s\u00e9gr\u00e9gation r\u00e9sidentielle, quasi-march\u00e9 scolaire, polarisation sociale des \u00e9coles et concurrence d\u00e9loyale avec le priv\u00e9, effectifs trop importants, \u00e9valuation omnipr\u00e9sente\u2026).<\/span><\/span><\/p>\n<p class=\"western\" align=\"JUSTIFY\"><span style=\"font-family: Sawasdee\"><span style=\"font-size: large\"><span style=\"color: #ff0000\"><b>Aux grands mots les grands rem\u00e8des, pour une \u00e9cole \u00e9galitaire, d\u00e9mocratique, coop\u00e9rative et enfin \u00e9mancipatrice pour toutes et tous\u00a0!<\/b><\/span> <span style=\"color: #ff0000\"><b>C&rsquo;est ensemble que nous changerons notre \u00e9cole\u00a0!<\/b><\/span><\/span><\/span><\/p>\n<p class=\"western\" align=\"JUSTIFY\"><span style=\"font-family: Sawasdee\"><span style=\"font-size: large\">Pour un syndicalisme de transformation sociale\u00a0! Pour un syndicalisme de lutte\u00a0! Pour un syndicalisme de masse\u00a0! Pour un syndicalisme non bureaucratique\u00a0! C&rsquo;est \u00e0 ces seules conditions que nous pourrons ensemble pr\u00e9server notre \u00e9cole publique tout en la transformant\u00a0!<\/span><\/span><\/p>\n<p class=\"western\" align=\"CENTER\"><span style=\"color: #ff0000\"><span style=\"font-family: Sawasdee\"><span style=\"font-size: large\"><b>Rejoignez-nous\u00a0! Rejoignez Sud \u00e9ducation\u00a0!<\/b><\/span><\/span><\/span><\/p>\n<p class=\"western\" align=\"CENTER\"><a href=\"http:\/\/solidaires87.org\/sudeduclimousin\/wp-content\/uploads\/sites\/4\/2017\/03\/Sud-\u00e9ducation-Rejoignez-nous.pdf\">Sud \u00e9ducation &#8211; Rejoignez-nous<\/a><\/p>\n","protected":false},"excerpt":{"rendered":"<p>Nous nous opposons depuis bient\u00f4t 25 ans \u00e0 toutes les contre-r\u00e9formes n\u00e9o-lib\u00e9rales impos\u00e9es par les gouvernements successifs et qui ont conduit \u00e0 fa\u00e7onner le syst\u00e8me scolaire le plus in\u00e9galitaire du monde (PISA 2015). Si les propositions des r\u00e9ac-publicains d&rsquo;aujourd&rsquo;hui ne&#8230;<br \/><a class=\"read-more-button\" href=\"https:\/\/solidaires87.org\/sudeduclimousin\/2017\/03\/09\/rejoignez-nous-rejoignez-sud-education\/\">Savoir plus<\/a><\/p>\n","protected":false},"author":18,"featured_media":0,"comment_status":"closed","ping_status":"open","sticky":false,"template":"","format":"standard","meta":{"footnotes":""},"categories":[11,6],"tags":[14],"_links":{"self":[{"href":"https:\/\/solidaires87.org\/sudeduclimousin\/wp-json\/wp\/v2\/posts\/524"}],"collection":[{"href":"https:\/\/solidaires87.org\/sudeduclimousin\/wp-json\/wp\/v2\/posts"}],"about":[{"href":"https:\/\/solidaires87.org\/sudeduclimousin\/wp-json\/wp\/v2\/types\/post"}],"author":[{"embeddable":true,"href":"https:\/\/solidaires87.org\/sudeduclimousin\/wp-json\/wp\/v2\/users\/18"}],"replies":[{"embeddable":true,"href":"https:\/\/solidaires87.org\/sudeduclimousin\/wp-json\/wp\/v2\/comments?post=524"}],"version-history":[{"count":2,"href":"https:\/\/solidaires87.org\/sudeduclimousin\/wp-json\/wp\/v2\/posts\/524\/revisions"}],"predecessor-version":[{"id":526,"href":"https:\/\/solidaires87.org\/sudeduclimousin\/wp-json\/wp\/v2\/posts\/524\/revisions\/526"}],"wp:attachment":[{"href":"https:\/\/solidaires87.org\/sudeduclimousin\/wp-json\/wp\/v2\/media?parent=524"}],"wp:term":[{"taxonomy":"category","embeddable":true,"href":"https:\/\/solidaires87.org\/sudeduclimousin\/wp-json\/wp\/v2\/categories?post=524"},{"taxonomy":"post_tag","embeddable":true,"href":"https:\/\/solidaires87.org\/sudeduclimousin\/wp-json\/wp\/v2\/tags?post=524"}],"curies":[{"name":"wp","href":"https:\/\/api.w.org\/{rel}","templated":true}]}}