{"id":504,"date":"2017-03-09T15:05:55","date_gmt":"2017-03-09T14:05:55","guid":{"rendered":"http:\/\/solidaires87.org\/sudeduclimousin\/?p=504"},"modified":"2019-12-29T10:32:59","modified_gmt":"2019-12-29T09:32:59","slug":"adresse-urgente-a-tou-te-s-les-enseignant-e-s-concernant-le-devoir-dinformer-la-population-de-lagonie-du-service-public-deducation-en-limousin-et-ailleurs","status":"publish","type":"post","link":"https:\/\/solidaires87.org\/sudeduclimousin\/2017\/03\/09\/adresse-urgente-a-tou-te-s-les-enseignant-e-s-concernant-le-devoir-dinformer-la-population-de-lagonie-du-service-public-deducation-en-limousin-et-ailleurs\/","title":{"rendered":"Adresse urgente \u00e0 tou.te.s les enseignant.e.s  concernant le devoir d\u2019informer la population de l\u2019agonie du service public d&rsquo;\u00e9ducation  en Limousin et ailleurs"},"content":{"rendered":"<p class=\"western\" align=\"justify\"><span style=\"color: #000000\"><span style=\"font-family: Times New Roman,serif\">Par un communiqu\u00e9 dat\u00e9 du 29 novembre 2016, nous avons d\u00e9nonc\u00e9 et condamn\u00e9 il y a quelques mois le mauvais fonctionnement du service public d&rsquo;\u00e9ducation dans le d\u00e9partement de la Creuse\u00a0o\u00f9 les services de l&rsquo;inspection ne sont pas en mesure de faire en sorte que toutes les classes des \u00e9coles primaires puissent \u00eatre quotidiennement prises en charge par un.e enseignant.e. Plus de 400 journ\u00e9es d&rsquo;absences n&rsquo;ont pas \u00e9t\u00e9 remplac\u00e9es depuis la rentr\u00e9e de septembre\u00a0!<\/span><\/span><\/p>\n<p class=\"western\" align=\"justify\"><img loading=\"lazy\" decoding=\"async\" class=\"alignnone size-full wp-image-356\" src=\"http:\/\/solidaires87.org\/sudeduclimousin\/wp-content\/uploads\/sites\/4\/2016\/10\/arton6717-b3e25-1.jpg\" alt=\"\" width=\"150\" height=\"101\" \/><\/p>\n<p class=\"western\" align=\"justify\"><span style=\"font-family: Times New Roman,serif\"> Par un communiqu\u00e9 dat\u00e9 du 9 janvier 2017, nous avons appel\u00e9 \u00e0 soutenir le mouvement de gr\u00e8ve et de manifestation du 16 janvier 2017 visant \u00e0 rendre publique et \u00e0 d\u00e9noncer cette incurie. <\/span><\/p>\n<p class=\"western\" align=\"justify\"><span style=\"color: #000000\"><span style=\"font-family: Times New Roman,serif\"> Par un communiqu\u00e9 dat\u00e9 du 3 f\u00e9vrier 2017, nous avons d\u00e9nonc\u00e9 et condamn\u00e9 la pi\u00e8tre r\u00e9action <\/span><\/span><strong><span style=\"color: #000000\"><span style=\"font-family: Times New Roman,serif\">des<\/span><\/span><\/strong><strong><span style=\"font-family: Times New Roman,serif\"> DSDEN de la Creuse mais aussi de la Corr\u00e8ze, \u00e9galement concern\u00e9e, consistant \u00e0 recruter actuellement des contractuel.le.s enseignant.e.s 1er degr\u00e9 pour assurer certains de ces remplacements dans les diff\u00e9rentes \u00e9coles. <\/span><\/strong><span style=\"font-family: Times New Roman,serif\">Loin de nous satisfaire de ce pis-aller, nous rappelons que la pr\u00e9carisation des emplois et l&#8217;embauche au rabais et \u00e0 la va-vite d&rsquo;enseignant.e.s dans ces conditions ne saurait constituer une r\u00e9ponse p\u00e9renne \u00e0 ce probl\u00e8me crucial. Ce cas de figure <\/span><span style=\"color: #000000\"><span style=\"font-family: Times New Roman,serif\">existe d&rsquo;ailleurs aussi en Haute-Vienne, o\u00f9 des <\/span><\/span><strong><span style=\"color: #000000\"><span style=\"font-family: Times New Roman,serif\">contractuels enseignants ont \u00e9galement \u00e9t\u00e9 recrut\u00e9s pour tenter en vain de colmater les br\u00e8ches. En fait, ce probl\u00e8me existe partout, puisqu&rsquo;il correspond \u00e0 une volont\u00e9 politique d\u00e9lib\u00e9r\u00e9e.<\/span><\/span><\/strong><\/p>\n<p class=\"western\" align=\"justify\"><span style=\"color: #000000\"><span style=\"font-family: Times New Roman,serif\"> Il s&rsquo;agit d&rsquo;une aggravation sans pr\u00e9c\u00e9dent du dysfonctionnement de l&rsquo;\u00e9cole publique, sous couvert des politiques d&rsquo;aust\u00e9rit\u00e9 actuellement mises en place, et qui ne sont <\/span><\/span><strong><span style=\"color: #000000\"><span style=\"font-family: Times New Roman,serif\">qu&rsquo;une facette d&rsquo;une politique volontairement antisociale et de plus en plus autoritaire qui correspond point par point aux projets de l\u2019Union Europ\u00e9enne, du MEDEF et des gouvernements successifs concernant la mise en lambeaux du service public d\u2019\u00e9ducation.<\/span><\/span><\/strong><\/p>\n<p class=\"western\" align=\"justify\"><span style=\"font-family: Times New Roman,serif\"> Or ces politiques destructrices sont de fait cautionn\u00e9es par la hi\u00e9rarchie interm\u00e9diaire qui accepte de g\u00e9rer tant bien que mal la p\u00e9nurie organis\u00e9e des enseignant.e.s, sous couvert d&rsquo;une gestion pr\u00e9tendument paritaire bien pratique pour valider ces d\u00e9cisions scandaleuses. En effet, les compte-rendus des CHSCT indiquent clairement que les \u00e9lu.e.s syndicaux qui y si\u00e8gent ne cessent de d\u00e9noncer cette situation, mais aucune am\u00e9lioration n&rsquo;est \u00e0 pr\u00e9voir puisque l&rsquo;administration n&rsquo;en tient pas compte, preuve que ces instances consultatives ne sont ni plus ni moins qu&rsquo;un simulacre de d\u00e9mocratie.<\/span><\/p>\n<p align=\"justify\"><span style=\"font-family: Times New Roman,serif\"> <strong><span style=\"color: #ff0000\">Il est largement temps de r\u00e9agir\u00a0! SUD \u00e9ducation Limousin lance un message d&rsquo;alerte \u00e0 l&rsquo;intention de toutes et tous les coll\u00e8gues qui contrairement aux id\u00e9es re\u00e7ues (et notamment au mythe du devoir de r\u00e9serve inexistant dans les textes sur ces questions ) ont au contraire le devoir d&rsquo;informer la population de tous les dysfonctionnements constat\u00e9s au sein des \u00e9tablissements scolaires\u00a0et <\/span><\/strong><span style=\"color: #ff0000\"><b>qui affectent les conditions de travail des enfants fr\u00e9quentant l\u2019\u00e9cole publique\u00a0! <\/b><\/span><strong><span style=\"color: #ff0000\">Contrairement aux id\u00e9es re\u00e7ues, ce devoir d&rsquo;information est inscrit<\/span><\/strong><span style=\"color: #ff0000\"><b> dans le code de la fonction publique\u00a0!<\/b><\/span><\/span><\/p>\n<p align=\"justify\"><span style=\"font-family: Times New Roman,serif\"> <strong><span style=\"color: #000000\">Les familles doivent \u00eatre inform\u00e9es du manque de rempla\u00e7ant.e.s dans les \u00e9coles, du fait que leurs enfants sont r\u00e9guli\u00e8rement remis\u00e9s au fond d&rsquo;autres classes, des effectifs surcharg\u00e9s que cette situation engendre, des futures fermetures de classe, etc. <\/span><\/strong><span style=\"color: #000000\">Les familles doivent \u00eatre inform\u00e9es pour que les enseignant.e.s absent.e.s (malades, en formation, \u2026) ne soit plus point\u00e9.e.s du doigt et que la responsabilit\u00e9 de cette situation soit redirig\u00e9e vers le rectorat, les gouvernements, \u2026 \u00a0et leur politique de destruction du service public d\u2019\u00e9ducation.<\/span><\/span><\/p>\n<p class=\"western\" align=\"justify\"><strong><span style=\"color: #ff0000\"><span style=\"font-family: Times New Roman,serif\"><b>Il est donc de notre devoir \u00e0 toutes et tous d&rsquo;informer la population concernant les conditions de travail des enfants qui fr\u00e9quentent l&rsquo;\u00e9cole publique, car <\/b><\/span><\/span><\/strong><span style=\"color: #ff0000\"><span style=\"font-family: Times New Roman,serif\"><b>c\u2019est vers les responsables que doivent se tourner ensemble les enseignant.e.s et les familles, dans une mobilisation citoyenne d\u2019envergure, qui seule pourra renverser la vapeur\u00a0!<\/b><\/span><\/span><\/p>\n<p class=\"western\" align=\"justify\"><a href=\"http:\/\/solidaires87.org\/sudeduclimousin\/wp-content\/uploads\/sites\/4\/2017\/02\/Agonie-du-service-public-d\u00e9ducation-\u00e9pisode-4.pdf\">Agonie du service public d&rsquo;\u00e9ducation &#8211; \u00e9pisode 4.pdf<\/a><\/p>\n<p><iframe loading=\"lazy\" width=\"1130\" height=\"636\" src=\"https:\/\/www.youtube.com\/embed\/Iq-UaaUeeaE?feature=oembed\" frameborder=\"0\" allowfullscreen><\/iframe><\/p>\n<p><img loading=\"lazy\" decoding=\"async\" class=\"alignnone size-medium wp-image-520\" src=\"http:\/\/solidaires87.org\/sudeduclimousin\/wp-content\/uploads\/sites\/4\/2017\/03\/MOB-10-MARS-213x300.jpg\" alt=\"\" width=\"213\" height=\"300\" srcset=\"https:\/\/solidaires87.org\/sudeduclimousin\/wp-content\/uploads\/sites\/4\/2017\/03\/MOB-10-MARS-213x300.jpg 213w, https:\/\/solidaires87.org\/sudeduclimousin\/wp-content\/uploads\/sites\/4\/2017\/03\/MOB-10-MARS-768x1083.jpg 768w, https:\/\/solidaires87.org\/sudeduclimousin\/wp-content\/uploads\/sites\/4\/2017\/03\/MOB-10-MARS-726x1024.jpg 726w, https:\/\/solidaires87.org\/sudeduclimousin\/wp-content\/uploads\/sites\/4\/2017\/03\/MOB-10-MARS-1170x1649.jpg 1170w, https:\/\/solidaires87.org\/sudeduclimousin\/wp-content\/uploads\/sites\/4\/2017\/03\/MOB-10-MARS.jpg 1240w\" sizes=\"(max-width: 213px) 100vw, 213px\" \/><\/p>\n","protected":false},"excerpt":{"rendered":"<p>Par un communiqu\u00e9 dat\u00e9 du 29 novembre 2016, nous avons d\u00e9nonc\u00e9 et condamn\u00e9 il y a quelques mois le mauvais fonctionnement du service public d&rsquo;\u00e9ducation dans le d\u00e9partement de la Creuse\u00a0o\u00f9 les services de l&rsquo;inspection ne sont pas en mesure&#8230;<br \/><a class=\"read-more-button\" href=\"https:\/\/solidaires87.org\/sudeduclimousin\/2017\/03\/09\/adresse-urgente-a-tou-te-s-les-enseignant-e-s-concernant-le-devoir-dinformer-la-population-de-lagonie-du-service-public-deducation-en-limousin-et-ailleurs\/\">Savoir plus<\/a><\/p>\n","protected":false},"author":18,"featured_media":0,"comment_status":"closed","ping_status":"open","sticky":false,"template":"","format":"standard","meta":{"footnotes":""},"categories":[9,5],"tags":[14],"_links":{"self":[{"href":"https:\/\/solidaires87.org\/sudeduclimousin\/wp-json\/wp\/v2\/posts\/504"}],"collection":[{"href":"https:\/\/solidaires87.org\/sudeduclimousin\/wp-json\/wp\/v2\/posts"}],"about":[{"href":"https:\/\/solidaires87.org\/sudeduclimousin\/wp-json\/wp\/v2\/types\/post"}],"author":[{"embeddable":true,"href":"https:\/\/solidaires87.org\/sudeduclimousin\/wp-json\/wp\/v2\/users\/18"}],"replies":[{"embeddable":true,"href":"https:\/\/solidaires87.org\/sudeduclimousin\/wp-json\/wp\/v2\/comments?post=504"}],"version-history":[{"count":3,"href":"https:\/\/solidaires87.org\/sudeduclimousin\/wp-json\/wp\/v2\/posts\/504\/revisions"}],"predecessor-version":[{"id":521,"href":"https:\/\/solidaires87.org\/sudeduclimousin\/wp-json\/wp\/v2\/posts\/504\/revisions\/521"}],"wp:attachment":[{"href":"https:\/\/solidaires87.org\/sudeduclimousin\/wp-json\/wp\/v2\/media?parent=504"}],"wp:term":[{"taxonomy":"category","embeddable":true,"href":"https:\/\/solidaires87.org\/sudeduclimousin\/wp-json\/wp\/v2\/categories?post=504"},{"taxonomy":"post_tag","embeddable":true,"href":"https:\/\/solidaires87.org\/sudeduclimousin\/wp-json\/wp\/v2\/tags?post=504"}],"curies":[{"name":"wp","href":"https:\/\/api.w.org\/{rel}","templated":true}]}}