{"id":486,"date":"2017-02-05T22:39:05","date_gmt":"2017-02-05T21:39:05","guid":{"rendered":"http:\/\/solidaires87.org\/sudeduclimousin\/?p=486"},"modified":"2019-12-29T10:29:18","modified_gmt":"2019-12-29T09:29:18","slug":"en-limousin-et-ailleurs-le-service-public-deducation-est-a-lagonie-episode-3","status":"publish","type":"post","link":"https:\/\/solidaires87.org\/sudeduclimousin\/2017\/02\/05\/en-limousin-et-ailleurs-le-service-public-deducation-est-a-lagonie-episode-3\/","title":{"rendered":"En Limousin et ailleurs,  le service public d&rsquo;\u00e9ducation est \u00e0 l&rsquo;agonie\u00a0! (Episode 3)"},"content":{"rendered":"<p class=\"western\" align=\"justify\"><span style=\"font-family: Sawasdee\"><span style=\"color: #000000\"><span style=\"font-size: small\"><b>Par un communiqu\u00e9 dat\u00e9 du 29 novembre 2016, nous avons d\u00e9nonc\u00e9 et condamn\u00e9 il y a quelques semaines le mauvais fonctionnement du service public d&rsquo;\u00e9ducation dans le d\u00e9partement de la Creuse\u00a0: ce d\u00e9partement s&rsquo;\u00e9tant vu attribuer un nombre de postes tr\u00e8s r\u00e9duit dans le 1<\/b><\/span><\/span><span style=\"color: #000000\"><sup><span style=\"font-size: small\"><b>er<\/b><\/span><\/sup><\/span><span style=\"color: #000000\"><span style=\"font-size: small\"><b> degr\u00e9, les services de l&rsquo;inspection ne sont pas en mesure de faire en sorte que toutes les classes des \u00e9coles primaires puissent \u00eatre quotidiennement prises en charge par un.e enseignant.e. Plus de 400 journ\u00e9es d&rsquo;absences n&rsquo;ont pas \u00e9t\u00e9 remplac\u00e9es depuis la rentr\u00e9e de septembre\u00a0!<\/b><\/span><\/span><\/span><\/p>\n<p class=\"western\" align=\"justify\"><span style=\"font-family: Sawasdee\"><span style=\"font-size: small\"><b> Par un communiqu\u00e9 dat\u00e9 du 9 janvier 2017, nous avons appel\u00e9 \u00e0 soutenir le mouvement de gr\u00e8ve et de manifestation du 16 janvier 2017 visant \u00e0 rendre publique et \u00e0 d\u00e9noncer cette incurie<\/b><\/span><\/span><\/p>\n<p class=\"western\" align=\"justify\"><img loading=\"lazy\" decoding=\"async\" class=\"alignnone size-full wp-image-356\" src=\"http:\/\/solidaires87.org\/sudeduclimousin\/wp-content\/uploads\/sites\/4\/2016\/10\/arton6717-b3e25-1.jpg\" alt=\"\" width=\"150\" height=\"101\" \/><\/p>\n<p class=\"western\" align=\"justify\"><span style=\"font-family: Sawasdee\"><span style=\"font-size: small\"> Rappelons que devant l&rsquo;urgence de la situation et le fait que chaque jour un nombre d&rsquo;enfants cons\u00e9quent se retrouve sans enseignant.e attitr\u00e9.e, des cohortes d&rsquo;\u00e9l\u00e8ves sont remis\u00e9es au fond des classes des coll\u00e8gues, perturbant de fait les apprentissages de leurs camarades, ou, mieux encore et comble du scandale, invit\u00e9es \u00e0 ne pas se rendre \u00e0 l&rsquo;\u00e9cole, puisqu&rsquo;elle n&rsquo;est pas en mesure de les accueillir. Cette situation est purement inacceptable. Elle n&rsquo;est plus du tout exceptionnelle, mais correspond aujourd&rsquo;hui au quotidien de bon nombre d&rsquo;\u00e9coles, notamment dans ce d\u00e9partement, mais \u00e9galement dans celui de la Corr\u00e8ze, qui, \u00e0 l&rsquo;\u00e9vidence, ont \u00e9t\u00e9 l\u00e9s\u00e9s dans la r\u00e9partition des moyens attribu\u00e9s \u00e0 l&rsquo;acad\u00e9mie, sans doute pour mieux pr\u00e9parer de prochaines fermetures d&rsquo;\u00e9coles rurales. <\/span><\/span><\/p>\n<p class=\"western\" align=\"justify\"><span style=\"font-family: Sawasdee\"><span style=\"font-size: small\"> C&rsquo;est une aggravation du dysfonctionnement actuel de l&rsquo;\u00e9cole publique, sous couvert de politique d&rsquo;aust\u00e9rit\u00e9 et de manque de moyens, cautionn\u00e9e de fait par la hi\u00e9rarchie interm\u00e9diaire qui accepte de g\u00e9rer tant bien que mal la p\u00e9nurie organis\u00e9e des enseignant.e.s, sous couvert d&rsquo;une gestion pr\u00e9tendument paritaire bien pratique pour valider ces d\u00e9cisions scandaleuses.<\/span><\/span><\/p>\n<p class=\"western\" align=\"justify\"><span style=\"color: #000000\"><span style=\"font-family: Sawasdee\"><span style=\"font-size: small\"> Nous continuons d&rsquo;affirmer que l<\/span><\/span><\/span><strong><span style=\"color: #000000\"><span style=\"font-family: Sawasdee\"><span style=\"font-size: small\">\u2019aust\u00e9rit\u00e9 n&rsquo;est qu&rsquo;une facette d&rsquo;une politique volontairement antisociale et de plus en plus autoritaire. Nous n\u2019en sommes ainsi qu\u2019aux premiers pas dans les projets de l\u2019Union Europ\u00e9enne, du MEDEF et des gouvernements concernant la mise en lambeaux du service public d\u2019\u00e9ducation.<\/span><\/span><\/span><\/strong><\/p>\n<p class=\"western\" align=\"justify\"><strong><span style=\"color: #000000\"><span style=\"font-family: Sawasdee\"><span style=\"font-size: small\"><b>Suite \u00e0 la mobilisation du 16 janvier 2017, il semble que la situation ait \u00e9volu\u00e9, puisque nous avons trouv\u00e9 sur le sitte internet acad\u00e9mique l&rsquo;annonce suivante\u00a0: \u00ab\u00a0<\/b><\/span><\/span><\/span><\/strong><strong><span style=\"font-family: Sawasdee\"><b>La DSDEN de la Creuse recrute 5 contractuels enseignants 1er degr\u00e9 pour des remplacements dans diff\u00e9rentes \u00e9coles&#8230; Date d&#8217;embauche\u00a0: imm\u00e9diate. <\/b><\/span><\/strong><span style=\"font-family: Sawasdee\"><b>Les enseignants contractuels sont recrut\u00e9s par contrat de droit public \u00e0 dur\u00e9e d\u00e9termin\u00e9e, la date de fin \u00e9tant le <\/b><\/span><strong><span style=\"font-family: Sawasdee\"><b>30 juin 2017\u00a0\u00bb<\/b><\/span><\/strong><span style=\"font-family: Sawasdee\"><b>.<\/b><\/span><\/p>\n<p class=\"western\" align=\"justify\"><b> <\/b><span style=\"font-family: Sawasdee\"><b>La DSDEN de la Corr\u00e8ze a publi\u00e9 une annonce similaire et recrute actuellement \u00ab\u00a0trois<\/b><\/span> <strong><span style=\"font-family: Sawasdee\"><b>contractuels enseignants 1er degr\u00e9 pour des remplacements dans diff\u00e9rentes \u00e9coles\u00a0\u00bb.<\/b><\/span><\/strong><\/p>\n<p class=\"western\" align=\"justify\"><span style=\"font-family: Sawasdee\"><b> Loin de nous satisfaire de ce pis-aller, nous rappelons que la pr\u00e9carisation des emplois et l&#8217;embauche au rabais et \u00e0 la va-vite d&rsquo;enseignant.e.s dans ces conditions ne saurait constituer une r\u00e9ponse p\u00e9renne \u00e0 ce probl\u00e8me crucial. Pire, ces dispositions d&rsquo;urgence, qui l\u00e9gitiment pleinement nos alertes pr\u00e9c\u00e9dentes, ne sont qu&rsquo;une autre facette des politiques d&rsquo;aust\u00e9rit\u00e9 et de mise en lambeaux <\/b><\/span><strong><span style=\"color: #000000\"><span style=\"font-family: Sawasdee\"><span style=\"font-size: small\"><b>du service public d\u2019\u00e9ducation d\u00e9crites plus haut\u00a0!<\/b><\/span><\/span><\/span><\/strong><\/p>\n<p class=\"western\" align=\"justify\"><strong><span style=\"color: #dc2300\"><span style=\"font-family: Sawasdee\"><span style=\"font-size: small\">Il est largement temps de r\u00e9agir\u00a0! SUD \u00e9ducation Limousin lance un message d&rsquo;alerte \u00e0 l&rsquo;intention de tous les coll\u00e8gues enseignant.e.s, notamment dans le<\/span><\/span><\/span><\/strong><strong><span style=\"color: #dc2300\"><span style=\"font-family: Sawasdee\"><span style=\"font-size: small\">s<\/span><\/span><\/span><\/strong><strong><span style=\"color: #dc2300\"><span style=\"font-family: Sawasdee\"><span style=\"font-size: small\"> d\u00e9partement<\/span><\/span><\/span><\/strong><strong><span style=\"color: #dc2300\"><span style=\"font-family: Sawasdee\"><span style=\"font-size: small\">s<\/span><\/span><\/span><\/strong><strong><span style=\"color: #dc2300\"><span style=\"font-family: Sawasdee\"><span style=\"font-size: small\"> de la Creuse <\/span><\/span><\/span><\/strong><strong><span style=\"color: #dc2300\"><span style=\"font-family: Sawasdee\"><span style=\"font-size: small\">et de la Corr\u00e8ze<\/span><\/span><\/span><\/strong><strong><span style=\"color: #dc2300\"><span style=\"font-family: Sawasdee\"><span style=\"font-size: small\"> et soutiendra toutes les \u00e9quipes qui se donneront les moyens d&rsquo;exiger que les coll\u00e8gues l\u00e9gitimement absent.e.s soient d\u00e9sormais syst\u00e9matiquement remplac\u00e9.e.s par des coll\u00e8gues titulaires de leurs postes.<\/span><\/span><\/span><\/strong><\/p>\n<p class=\"western\" align=\"justify\"><a href=\"http:\/\/solidaires87.org\/sudeduclimousin\/wp-content\/uploads\/sites\/4\/2017\/02\/Agonie-du-service-public-d\u00e9ducation-\u00e9pisode-3.pdf\">Agonie du service public d&rsquo;\u00e9ducation &#8211; \u00e9pisode 3.pdf<\/a><\/p>\n<p class=\"western\" align=\"justify\">\n<p class=\"western\" align=\"justify\">\n","protected":false},"excerpt":{"rendered":"<p>Par un communiqu\u00e9 dat\u00e9 du 29 novembre 2016, nous avons d\u00e9nonc\u00e9 et condamn\u00e9 il y a quelques semaines le mauvais fonctionnement du service public d&rsquo;\u00e9ducation dans le d\u00e9partement de la Creuse\u00a0: ce d\u00e9partement s&rsquo;\u00e9tant vu attribuer un nombre de postes&#8230;<br \/><a class=\"read-more-button\" href=\"https:\/\/solidaires87.org\/sudeduclimousin\/2017\/02\/05\/en-limousin-et-ailleurs-le-service-public-deducation-est-a-lagonie-episode-3\/\">Savoir plus<\/a><\/p>\n","protected":false},"author":18,"featured_media":0,"comment_status":"closed","ping_status":"open","sticky":false,"template":"","format":"standard","meta":{"footnotes":""},"categories":[9,5],"tags":[],"_links":{"self":[{"href":"https:\/\/solidaires87.org\/sudeduclimousin\/wp-json\/wp\/v2\/posts\/486"}],"collection":[{"href":"https:\/\/solidaires87.org\/sudeduclimousin\/wp-json\/wp\/v2\/posts"}],"about":[{"href":"https:\/\/solidaires87.org\/sudeduclimousin\/wp-json\/wp\/v2\/types\/post"}],"author":[{"embeddable":true,"href":"https:\/\/solidaires87.org\/sudeduclimousin\/wp-json\/wp\/v2\/users\/18"}],"replies":[{"embeddable":true,"href":"https:\/\/solidaires87.org\/sudeduclimousin\/wp-json\/wp\/v2\/comments?post=486"}],"version-history":[{"count":1,"href":"https:\/\/solidaires87.org\/sudeduclimousin\/wp-json\/wp\/v2\/posts\/486\/revisions"}],"predecessor-version":[{"id":487,"href":"https:\/\/solidaires87.org\/sudeduclimousin\/wp-json\/wp\/v2\/posts\/486\/revisions\/487"}],"wp:attachment":[{"href":"https:\/\/solidaires87.org\/sudeduclimousin\/wp-json\/wp\/v2\/media?parent=486"}],"wp:term":[{"taxonomy":"category","embeddable":true,"href":"https:\/\/solidaires87.org\/sudeduclimousin\/wp-json\/wp\/v2\/categories?post=486"},{"taxonomy":"post_tag","embeddable":true,"href":"https:\/\/solidaires87.org\/sudeduclimousin\/wp-json\/wp\/v2\/tags?post=486"}],"curies":[{"name":"wp","href":"https:\/\/api.w.org\/{rel}","templated":true}]}}