{"id":465,"date":"2017-01-09T19:30:49","date_gmt":"2017-01-09T18:30:49","guid":{"rendered":"http:\/\/solidaires87.org\/sudeduclimousin\/?p=465"},"modified":"2017-01-09T19:34:16","modified_gmt":"2017-01-09T18:34:16","slug":"manifestation-et-soutien-aux-collegues-en-greve-le-lundi-16-janvier","status":"publish","type":"post","link":"https:\/\/solidaires87.org\/sudeduclimousin\/2017\/01\/09\/manifestation-et-soutien-aux-collegues-en-greve-le-lundi-16-janvier\/","title":{"rendered":"Manifestation et soutien aux coll\u00e8gues en gr\u00e8ve le lundi 16 janvier\u00a0!"},"content":{"rendered":"<ol>\n<li>\n<h1 class=\"western\" align=\"left\"><span style=\"color: #ec0000\"><span style=\"font-family: Times New Roman,serif\"><span style=\"font-size: large\">En Creuse et ailleurs, le service public d&rsquo;\u00e9ducation est \u00e0 l&rsquo;agonie\u00a0!<\/span><\/span><\/span><\/h1>\n<\/li>\n<\/ol>\n<p><img loading=\"lazy\" decoding=\"async\" class=\"alignnone size-full wp-image-328\" src=\"http:\/\/solidaires87.org\/sudeduclimousin\/wp-content\/uploads\/sites\/4\/2016\/10\/arton6717-b3e25.jpg\" alt=\"arton6717-b3e25\" width=\"150\" height=\"101\" \/><\/p>\n<p class=\"western\" align=\"justify\"><span style=\"color: #000000\"><span style=\"font-family: Sawasdee,Arial Unicode MS\"><span style=\"font-size: small\"> Par un communiqu\u00e9 dat\u00e9 du 29 novembre 2016, nous avons d\u00e9nonc\u00e9 et condamn\u00e9 il y a quelques semaines le mauvais fonctionnement du service public d&rsquo;\u00e9ducation dans le d\u00e9partement de la Creuse\u00a0: ce d\u00e9partement s&rsquo;\u00e9tant vu attribuer un nombre de postes tr\u00e8s r\u00e9duit dans le 1<\/span><\/span><\/span><span style=\"color: #000000\"><sup><span style=\"font-family: Sawasdee,Arial Unicode MS\"><span style=\"font-size: small\">er<\/span><\/span><\/sup><\/span><span style=\"color: #000000\"><span style=\"font-family: Sawasdee,Arial Unicode MS\"><span style=\"font-size: small\"> degr\u00e9, les services de l&rsquo;inspection ne sont pas en mesure de faire en sorte que toutes les classes des \u00e9coles primaires puissent \u00eatre quotidiennement prises en charge par un.e enseignant.e. Plus de 400 journ\u00e9es d&rsquo;absences n&rsquo;ont pas \u00e9t\u00e9 remplac\u00e9es depuis la rentr\u00e9e de septembre\u00a0!<\/span><\/span><\/span><\/p>\n<p class=\"western\" align=\"justify\"><span style=\"font-family: Sawasdee,Arial Unicode MS\"><span style=\"font-size: small\"> Devant l&rsquo;urgence de la situation et le fait que chaque jour un nombre d&rsquo;enfants cons\u00e9quent se retrouve sans enseignant.e attitr\u00e9.e, des cohortes d&rsquo;\u00e9l\u00e8ves sont remis\u00e9es au fond des classes des coll\u00e8gues, perturbant de fait les apprentissages de leurs camarades, ou, mieux encore et comble du scandale, invit\u00e9es \u00e0 ne pas se rendre \u00e0 l&rsquo;\u00e9cole, puisqu&rsquo;elle n&rsquo;est pas en mesure de les accueillir.<\/span><\/span><\/p>\n<p class=\"western\" align=\"justify\"><span style=\"font-family: Sawasdee,Arial Unicode MS\"><span style=\"font-size: small\"> Cette situation est purement inacceptable. Elle n&rsquo;est plus du tout exceptionnelle, mais correspond aujourd&rsquo;hui au quotidien de bon nombre d&rsquo;\u00e9coles, notamment dans ce d\u00e9partement qui, \u00e0 l&rsquo;\u00e9vidence, a \u00e9t\u00e9 l\u00e9s\u00e9 dans la r\u00e9partition des moyens attribu\u00e9s \u00e0 l&rsquo;acad\u00e9mie, sans doute pour mieux pr\u00e9parer de prochaines fermetures d&rsquo;\u00e9coles rurales.<\/span><\/span><\/p>\n<p class=\"western\" align=\"justify\"><span style=\"font-family: Sawasdee,Arial Unicode MS\"><span style=\"font-size: small\"> C&rsquo;est une aggravation du dysfonctionnement actuel de l&rsquo;\u00e9cole publique, sous couvert de politique d&rsquo;aust\u00e9rit\u00e9 et de manque de moyens, cautionn\u00e9e de fait par la hi\u00e9rarchie interm\u00e9diaire qui accepte de g\u00e9rer tant bien que mal la p\u00e9nurie organis\u00e9e des enseignant.e.s, sous couvert d&rsquo;une gestion pr\u00e9tendument paritaire bien pratique pour valider ces d\u00e9cisions scandaleuses.<\/span><\/span><\/p>\n<p class=\"western\" align=\"justify\"><span style=\"color: #000000\"><span style=\"font-family: Sawasdee,Arial Unicode MS\"><span style=\"font-size: small\"> Loin de souscrire \u00e0 ces dysfonctionnements, loin de croire que d\u00e9shabiller Pierre pour habiller Paul pourrait \u00eatre une solution pour endiguer la p\u00e9nurie, nous continuons d&rsquo;affirmer que l<\/span><\/span><\/span><strong><span style=\"color: #000000\"><span style=\"font-family: Sawasdee,Arial Unicode MS\"><span style=\"font-size: small\">\u2019aust\u00e9rit\u00e9 n&rsquo;est qu&rsquo;une facette d&rsquo;une politique volontairement antisociale et de plus en plus autoritaire. Nous n\u2019en sommes ainsi qu\u2019aux premiers pas dans les projets de l\u2019Union Europ\u00e9enne, du MEDEF et des gouvernements concernant la mise en lambeaux du service public d\u2019\u00e9ducation.<\/span><\/span><\/span><\/strong><\/p>\n<p class=\"western\" align=\"justify\"><strong><span style=\"font-family: Sawasdee,Arial Unicode MS\"><span style=\"font-size: small\">Il est largement temps de r\u00e9agir\u00a0! <\/span><\/span><\/strong><strong><span style=\"color: #000000\"><span style=\"font-family: Sawasdee,Arial Unicode MS\"><span style=\"font-size: small\">SUD \u00e9ducation Limousin lance un message d&rsquo;alerte \u00e0 l&rsquo;intention de tous les coll\u00e8gues enseignant.e.s, notamment dans le d\u00e9partement de la Creuse et soutiendra toutes les \u00e9quipes qui se donneront les moyens d&rsquo;exiger que les coll\u00e8gues l\u00e9gitimement absent.e.s soient d\u00e9sormais syst\u00e9matiquement remplac\u00e9.e.s.<\/span><\/span><\/span><\/strong><\/p>\n<p class=\"western\" align=\"justify\"><strong><span style=\"color: #000000\"><span style=\"font-family: Sawasdee,Arial Unicode MS\"><span style=\"font-size: small\"> L&rsquo;\u00e9cole publique est un bien commun que nous devons pr\u00e9server toutes et tous ensemble et il est fondamental que nous soyions toutes et tous solidaires de nos coll\u00e8gues creusois.e.s, car ce probl\u00e8me n&rsquo;est pas le leur, mais bien celui de toute l&rsquo;\u00e9cole publique. Ne nous leurrons pas\u00a0! L&rsquo;agonie du service public d&rsquo;\u00e9ducation en Creuse augure de situations bient\u00f4t similaires en Corr\u00e8ze, en Haute-Vienne et partout ailleurs\u00a0!<\/span><\/span><\/span><\/strong><\/p>\n<p class=\"western\" align=\"justify\"><strong><span style=\"color: #ff0000\"><span style=\"font-family: Sawasdee,Arial Unicode MS\">Sud \u00e9ducation Limousin appelle tous les personnels de l&rsquo;acad\u00e9mie \u00e0 se mettre en gr\u00e8ve et rejoindre la manifestation devant le Rectorat \u00e0 Limoges, le lundi 16 janvier (horaire non connu pour l\u2019instant) , jour du Comit\u00e9 Technique Acad\u00e9mique.<\/span><\/span><\/strong><\/p>\n<p class=\"western\" align=\"justify\"><a href=\"http:\/\/solidaires87.org\/sudeduclimousin\/wp-content\/uploads\/sites\/4\/2017\/01\/En-gr\u00e8ve-le-lundi-16-janvier-2017.pdf\">Gr\u00e8ve-le-lundi-16-janvier-2017.pdf<\/a><\/p>\n","protected":false},"excerpt":{"rendered":"<p>En Creuse et ailleurs, le service public d&rsquo;\u00e9ducation est \u00e0 l&rsquo;agonie\u00a0! Par un communiqu\u00e9 dat\u00e9 du 29 novembre 2016, nous avons d\u00e9nonc\u00e9 et condamn\u00e9 il y a quelques semaines le mauvais fonctionnement du service public d&rsquo;\u00e9ducation dans le d\u00e9partement de&#8230;<br \/><a class=\"read-more-button\" href=\"https:\/\/solidaires87.org\/sudeduclimousin\/2017\/01\/09\/manifestation-et-soutien-aux-collegues-en-greve-le-lundi-16-janvier\/\">Savoir plus<\/a><\/p>\n","protected":false},"author":18,"featured_media":0,"comment_status":"open","ping_status":"open","sticky":false,"template":"","format":"standard","meta":{"footnotes":""},"categories":[9,5],"tags":[14],"_links":{"self":[{"href":"https:\/\/solidaires87.org\/sudeduclimousin\/wp-json\/wp\/v2\/posts\/465"}],"collection":[{"href":"https:\/\/solidaires87.org\/sudeduclimousin\/wp-json\/wp\/v2\/posts"}],"about":[{"href":"https:\/\/solidaires87.org\/sudeduclimousin\/wp-json\/wp\/v2\/types\/post"}],"author":[{"embeddable":true,"href":"https:\/\/solidaires87.org\/sudeduclimousin\/wp-json\/wp\/v2\/users\/18"}],"replies":[{"embeddable":true,"href":"https:\/\/solidaires87.org\/sudeduclimousin\/wp-json\/wp\/v2\/comments?post=465"}],"version-history":[{"count":2,"href":"https:\/\/solidaires87.org\/sudeduclimousin\/wp-json\/wp\/v2\/posts\/465\/revisions"}],"predecessor-version":[{"id":468,"href":"https:\/\/solidaires87.org\/sudeduclimousin\/wp-json\/wp\/v2\/posts\/465\/revisions\/468"}],"wp:attachment":[{"href":"https:\/\/solidaires87.org\/sudeduclimousin\/wp-json\/wp\/v2\/media?parent=465"}],"wp:term":[{"taxonomy":"category","embeddable":true,"href":"https:\/\/solidaires87.org\/sudeduclimousin\/wp-json\/wp\/v2\/categories?post=465"},{"taxonomy":"post_tag","embeddable":true,"href":"https:\/\/solidaires87.org\/sudeduclimousin\/wp-json\/wp\/v2\/tags?post=465"}],"curies":[{"name":"wp","href":"https:\/\/api.w.org\/{rel}","templated":true}]}}