{"id":451,"date":"2016-11-25T15:26:08","date_gmt":"2016-11-25T14:26:08","guid":{"rendered":"http:\/\/solidaires87.org\/sudeduclimousin\/?p=451"},"modified":"2019-12-29T10:30:19","modified_gmt":"2019-12-29T09:30:19","slug":"precarite","status":"publish","type":"post","link":"https:\/\/solidaires87.org\/sudeduclimousin\/2016\/11\/25\/precarite\/","title":{"rendered":"Pr\u00e9carit\u00e9"},"content":{"rendered":"<p>Divers documents \u00e0 t\u00e9l\u00e9charger ci-dessous : un \u00e9tat des lieux concernant le travail pr\u00e9caire \u00e0 l&rsquo;Education Nationale, ainsi que de pr\u00e9cieuses fiches \u00ab\u00a0droits et devoirs\u00a0\u00bb \u00e0 destination des personnels en situation de pr\u00e9carit\u00e9.<\/p>\n<p><a href=\"http:\/\/solidaires87.org\/sudeduclimousin\/wp-content\/uploads\/sites\/4\/2017\/01\/4-pages-pr\u00e9carit\u00e9.pdf\">Pr\u00e9carit\u00e9 \u00e0 l&rsquo;Education Nationale<\/a><\/p>\n<p><img loading=\"lazy\" decoding=\"async\" class=\"alignnone size-full wp-image-287\" src=\"http:\/\/solidaires87.org\/sudeduclimousin\/wp-content\/uploads\/sites\/4\/2016\/09\/arton6660-6d35b.jpg\" alt=\"arton6660-6d35b\" width=\"108\" height=\"150\" \/><\/p>\n<p><a href=\"http:\/\/solidaires87.org\/sudeduclimousin\/wp-content\/uploads\/sites\/4\/2017\/01\/fiche_n1_cui.pdf\">Fiche CUI<\/a><\/p>\n<p><a href=\"http:\/\/solidaires87.org\/sudeduclimousin\/wp-content\/uploads\/sites\/4\/2017\/01\/fiche_n2_contractuel-le_enseignant-e.pdf\">Fiche Contractuel-le enseignant-e<\/a><\/p>\n<p><a href=\"http:\/\/solidaires87.org\/sudeduclimousin\/wp-content\/uploads\/sites\/4\/2017\/01\/fiche_n3_contractuel-le_dans_les_collectivites_territoriales.pdf\">Fiche contractuel-le dans les collectivites territoriales<\/a><\/p>\n<p><a href=\"http:\/\/solidaires87.org\/sudeduclimousin\/wp-content\/uploads\/sites\/4\/2017\/01\/fiche_n4_aed_surveillants.pdf\">Fiche AED surveillants<\/a><\/p>\n<p><a href=\"http:\/\/solidaires87.org\/sudeduclimousin\/wp-content\/uploads\/sites\/4\/2017\/01\/fiche_n5_aed_assistant-e_peda.pdf\">Fiche AED assistant-e p\u00e9dagogique<\/a><\/p>\n<p><a href=\"http:\/\/solidaires87.org\/sudeduclimousin\/wp-content\/uploads\/sites\/4\/2017\/01\/fiche_n6_mise_a_jour_aesh.pdf\">Fiche AESH<\/a><\/p>\n<p><a href=\"http:\/\/solidaires87.org\/sudeduclimousin\/wp-content\/uploads\/sites\/4\/2017\/01\/fiche_n7_cui_eap.pdf\">Fiche CUI EAP<\/a><\/p>\n<p>&nbsp;<\/p>\n","protected":false},"excerpt":{"rendered":"<p>Divers documents \u00e0 t\u00e9l\u00e9charger ci-dessous : un \u00e9tat des lieux concernant le travail pr\u00e9caire \u00e0 l&rsquo;Education Nationale, ainsi que de pr\u00e9cieuses fiches \u00ab\u00a0droits et devoirs\u00a0\u00bb \u00e0 destination des personnels en situation de pr\u00e9carit\u00e9. Pr\u00e9carit\u00e9 \u00e0 l&rsquo;Education Nationale Fiche CUI Fiche&#8230;<br \/><a class=\"read-more-button\" href=\"https:\/\/solidaires87.org\/sudeduclimousin\/2016\/11\/25\/precarite\/\">Savoir plus<\/a><\/p>\n","protected":false},"author":18,"featured_media":0,"comment_status":"closed","ping_status":"open","sticky":false,"template":"","format":"standard","meta":{"footnotes":""},"categories":[5],"tags":[],"_links":{"self":[{"href":"https:\/\/solidaires87.org\/sudeduclimousin\/wp-json\/wp\/v2\/posts\/451"}],"collection":[{"href":"https:\/\/solidaires87.org\/sudeduclimousin\/wp-json\/wp\/v2\/posts"}],"about":[{"href":"https:\/\/solidaires87.org\/sudeduclimousin\/wp-json\/wp\/v2\/types\/post"}],"author":[{"embeddable":true,"href":"https:\/\/solidaires87.org\/sudeduclimousin\/wp-json\/wp\/v2\/users\/18"}],"replies":[{"embeddable":true,"href":"https:\/\/solidaires87.org\/sudeduclimousin\/wp-json\/wp\/v2\/comments?post=451"}],"version-history":[{"count":3,"href":"https:\/\/solidaires87.org\/sudeduclimousin\/wp-json\/wp\/v2\/posts\/451\/revisions"}],"predecessor-version":[{"id":459,"href":"https:\/\/solidaires87.org\/sudeduclimousin\/wp-json\/wp\/v2\/posts\/451\/revisions\/459"}],"wp:attachment":[{"href":"https:\/\/solidaires87.org\/sudeduclimousin\/wp-json\/wp\/v2\/media?parent=451"}],"wp:term":[{"taxonomy":"category","embeddable":true,"href":"https:\/\/solidaires87.org\/sudeduclimousin\/wp-json\/wp\/v2\/categories?post=451"},{"taxonomy":"post_tag","embeddable":true,"href":"https:\/\/solidaires87.org\/sudeduclimousin\/wp-json\/wp\/v2\/tags?post=451"}],"curies":[{"name":"wp","href":"https:\/\/api.w.org\/{rel}","templated":true}]}}