{"id":439,"date":"2016-11-25T15:21:56","date_gmt":"2016-11-25T14:21:56","guid":{"rendered":"http:\/\/solidaires87.org\/sudeduclimousin\/?p=439"},"modified":"2019-12-29T10:30:12","modified_gmt":"2019-12-29T09:30:12","slug":"anti-hierarchie","status":"publish","type":"post","link":"https:\/\/solidaires87.org\/sudeduclimousin\/2016\/11\/25\/anti-hierarchie\/","title":{"rendered":"Anti-hi\u00e9rarchie"},"content":{"rendered":"<p>Voici deux documents \u00e0 t\u00e9l\u00e9charger :<\/p>\n<p><a href=\"http:\/\/solidaires87.org\/sudeduclimousin\/wp-content\/uploads\/sites\/4\/2017\/01\/livre-noir-de-la-hi\u00e9rarchie.pdf\">Le livre noir de la hierarchie<\/a><\/p>\n<p>et<\/p>\n<p><a href=\"http:\/\/solidaires87.org\/sudeduclimousin\/wp-content\/uploads\/sites\/4\/2017\/01\/LeCouvreChefs.pdf\">Le couvre-chefs<\/a><\/p>\n","protected":false},"excerpt":{"rendered":"<p>Voici deux documents \u00e0 t\u00e9l\u00e9charger : Le livre noir de la hierarchie et Le couvre-chefs<\/p>\n","protected":false},"author":18,"featured_media":0,"comment_status":"closed","ping_status":"open","sticky":false,"template":"","format":"standard","meta":{"footnotes":""},"categories":[5],"tags":[],"_links":{"self":[{"href":"https:\/\/solidaires87.org\/sudeduclimousin\/wp-json\/wp\/v2\/posts\/439"}],"collection":[{"href":"https:\/\/solidaires87.org\/sudeduclimousin\/wp-json\/wp\/v2\/posts"}],"about":[{"href":"https:\/\/solidaires87.org\/sudeduclimousin\/wp-json\/wp\/v2\/types\/post"}],"author":[{"embeddable":true,"href":"https:\/\/solidaires87.org\/sudeduclimousin\/wp-json\/wp\/v2\/users\/18"}],"replies":[{"embeddable":true,"href":"https:\/\/solidaires87.org\/sudeduclimousin\/wp-json\/wp\/v2\/comments?post=439"}],"version-history":[{"count":4,"href":"https:\/\/solidaires87.org\/sudeduclimousin\/wp-json\/wp\/v2\/posts\/439\/revisions"}],"predecessor-version":[{"id":444,"href":"https:\/\/solidaires87.org\/sudeduclimousin\/wp-json\/wp\/v2\/posts\/439\/revisions\/444"}],"wp:attachment":[{"href":"https:\/\/solidaires87.org\/sudeduclimousin\/wp-json\/wp\/v2\/media?parent=439"}],"wp:term":[{"taxonomy":"category","embeddable":true,"href":"https:\/\/solidaires87.org\/sudeduclimousin\/wp-json\/wp\/v2\/categories?post=439"},{"taxonomy":"post_tag","embeddable":true,"href":"https:\/\/solidaires87.org\/sudeduclimousin\/wp-json\/wp\/v2\/tags?post=439"}],"curies":[{"name":"wp","href":"https:\/\/api.w.org\/{rel}","templated":true}]}}