{"id":425,"date":"2017-01-27T15:49:48","date_gmt":"2017-01-27T14:49:48","guid":{"rendered":"http:\/\/solidaires87.org\/sudeduclimousin\/?p=425"},"modified":"2019-12-29T10:29:32","modified_gmt":"2019-12-29T09:29:32","slug":"apres-les-jours-heureux-le-chomage-heureux-vive-la-securite-sociale","status":"publish","type":"post","link":"https:\/\/solidaires87.org\/sudeduclimousin\/2017\/01\/27\/apres-les-jours-heureux-le-chomage-heureux-vive-la-securite-sociale\/","title":{"rendered":"Apr\u00e8s \u00ab\u00a0les jours heureux\u00a0\u00bb, le ch\u00f4mage heureux\u00a0!  Vive la s\u00e9curit\u00e9 sociale\u00a0!"},"content":{"rendered":"<p class=\"western\" align=\"justify\"><span style=\"color: #000000\"><span style=\"font-family: Sawasdee,Arial Unicode MS\">Dans le syst\u00e8me capitaliste actuel ,<\/span><\/span><span style=\"color: #000000\"><span style=\"font-family: Sawasdee,Arial Unicode MS\"><b> la destruction des emplois est structurelle, <\/b><\/span><\/span><span style=\"color: #000000\"><span style=\"font-family: Sawasdee,Arial Unicode MS\">puisque li\u00e9e \u00e0 leur automatisation et au remplacement des femmes et des hommes par des machines. <\/span><\/span><span style=\"color: #000000\"><span style=\"font-family: Sawasdee,Arial Unicode MS\"><b>Le ch\u00f4mage n&rsquo;est donc pas une anomalie<\/b><\/span><\/span><span style=\"color: #000000\"><span style=\"font-family: Sawasdee,Arial Unicode MS\"> qu&rsquo;il nous faudrait exterminer en visant le plein emploi, car<\/span><\/span><i> <\/i><span style=\"color: #000000\"><span style=\"font-family: Sawasdee,Arial Unicode MS\">il permet en outre aux capitalistes de disposer d&rsquo;une arm\u00e9e de travailleur.se.s de r\u00e9serve, bien pratique pour mettre la pression, emp\u00eacher toute am\u00e9lioration des conditions de travail et rendre indiscutable le travail en lui-m\u00eame. Son extermination n\u2019est pas notre lutte, d&rsquo;autant plus que le MEDEF, aujourd&rsquo;hui ma\u00eetre du \u00ab\u00a0dialogue social\u00a0\u00bb (sic), a tout int\u00e9r\u00eat \u00e0 <\/span><\/span><span style=\"color: #000000\"><span style=\"font-family: Sawasdee,Arial Unicode MS\"><b>pr\u00e9cariser l&rsquo;ensemble des emplois<\/b><\/span><\/span><span style=\"color: #000000\"><span style=\"font-family: Sawasdee,Arial Unicode MS\">, quitte \u00e0 ce que soit instaur\u00e9 un <\/span><\/span><span style=\"color: #000000\"><span style=\"font-family: Sawasdee,Arial Unicode MS\"><b>revenu minimum de subsistance.<\/b><\/span><\/span><\/p>\n<p class=\"western\" align=\"justify\"><b> <\/b><span style=\"color: #000000\"><span style=\"font-family: Sawasdee,Arial Unicode MS\">On peut d\u00e8s lors ais\u00e9ment pr\u00e9dire <\/span><\/span><span style=\"color: #000000\"><span style=\"font-family: Sawasdee,Arial Unicode MS\"><b>l&rsquo;\u00e9cole \u00e0 deux vitesses<\/b><\/span><\/span><span style=\"color: #000000\"><span style=\"font-family: Sawasdee,Arial Unicode MS\"> que nous pr\u00e9voient les capitalistes\u00a0: <\/span><\/span><span style=\"color: #000000\"><span style=\"font-family: Sawasdee,Arial Unicode MS\"><b>enseignement public d\u00e9grad\u00e9 et massifi\u00e9 <\/b><\/span><\/span><span style=\"color: #000000\"><span style=\"font-family: Sawasdee,Arial Unicode MS\">pour les emplois \u00e0 faible niveau de qualification\u00a0<\/span><\/span><span style=\"color: #000000\"><span style=\"font-family: Sawasdee,Arial Unicode MS\"><b>; enseignement priv\u00e9 pour celles et ceux qui pourront se payer un tr\u00e8s fort niveau de qualification. <\/b><\/span><\/span><span style=\"color: #000000\"><span style=\"font-family: Sawasdee,Arial Unicode MS\">Cette polarisation des emplois entra\u00eene une <\/span><\/span><span style=\"color: #000000\"><span style=\"font-family: Sawasdee,Arial Unicode MS\"><b>augmentation des in\u00e9galit\u00e9s sociales notamment \u00e0 l&rsquo;\u00e9cole, <\/b><\/span><\/span><span style=\"color: #000000\"><span style=\"font-family: Sawasdee,Arial Unicode MS\">qui est la preuve que<\/span><\/span><b> <\/b><span style=\"color: #000000\"><span style=\"font-family: Sawasdee,Arial Unicode MS\">nos syst\u00e8mes d&rsquo;enseignement sont parfaitement en ad\u00e9quation avec les demandes du march\u00e9 \u00e9conomique. <\/span><\/span><\/p>\n<p class=\"western\" align=\"justify\"><span style=\"color: #000000\"><span style=\"font-family: Sawasdee,Arial Unicode MS\"> A l&rsquo;heure o\u00f9 la France compte plus de <\/span><\/span><span style=\"color: #000000\"><span style=\"font-family: Sawasdee,Arial Unicode MS\"><b>8 millions de ch\u00f4meurs<\/b><\/span><\/span><span style=\"color: #000000\"><span style=\"font-family: Sawasdee,Arial Unicode MS\">, la discontinuit\u00e9 du travail est devenue la r\u00e8gle.<\/span><\/span><b> <\/b><span style=\"color: #000000\"><span style=\"font-family: Sawasdee,Arial Unicode MS\"> Les prochaines g\u00e9n\u00e9rations sont, dans l&rsquo;\u00e9tat actuel des choses, condamn\u00e9es \u00e0 vivre des p\u00e9riodes de ch\u00f4mage r\u00e9currentes.<\/span><\/span><\/p>\n<p class=\"western\" align=\"justify\"><span style=\"color: #000000\"><span style=\"font-family: Sawasdee,Arial Unicode MS\"> L<\/span><\/span><span style=\"color: #000000\"><span style=\"font-family: Sawasdee,Arial Unicode MS\"><b>a pr\u00e9carit\u00e9 se d\u00e9veloppe jour apr\u00e8s jour<\/b><\/span><\/span><span style=\"color: #000000\"><span style=\"font-family: Sawasdee,Arial Unicode MS\"> (90\u00a0% des contrats de travail sign\u00e9s en 2015 ont \u00e9t\u00e9 des Contrats \u00e0 Dur\u00e9e D\u00e9termin\u00e9e), y compris <\/span><\/span><span style=\"color: #000000\"><span style=\"font-family: Sawasdee,Arial Unicode MS\"><b>dans la Fonction Publique<\/b><\/span><\/span><span style=\"color: #000000\"><span style=\"font-family: Sawasdee,Arial Unicode MS\"> ( on compte actuellement <\/span><\/span><span style=\"color: #000000\"><span style=\"font-family: Sawasdee,Arial Unicode MS\"><b>22 % de pr\u00e9caires dans l&rsquo;\u00e9ducation nationale&#8230;).<\/b><\/span><\/span><\/p>\n<p class=\"western\" align=\"justify\"><span style=\"color: #000000\"><span style=\"font-family: Sawasdee,Arial Unicode MS\"><b> La loi \u00ab\u00a0Travaille\u00a0!\u00a0\u00bb, <\/b><\/span><\/span><span style=\"color: #000000\"><span style=\"font-family: Sawasdee,Arial Unicode MS\">promulgu\u00e9e de force \u00e0 l&rsquo;\u00e9t\u00e9 2016, vient parachever le tableau, en tant qu&rsquo;elle est <\/span><\/span><span style=\"color: #000000\"><span style=\"font-family: Sawasdee,Arial Unicode MS\"><b>un recul sans pr\u00e9c\u00e9dent concernant la protection sociale<\/b><\/span><\/span><span style=\"color: #000000\"><span style=\"font-family: Sawasdee,Arial Unicode MS\"> des travailleuses et des travailleurs<\/span><\/span><span style=\"color: #000000\"><span style=\"font-family: Sawasdee,Arial Unicode MS\"><b>. On ne lutte pas contre le ch\u00f4mage, <\/b><\/span><\/span><span style=\"color: #000000\"><span style=\"font-family: Sawasdee,Arial Unicode MS\">on le constate. Et chacun(e) sait que le taux de ch\u00f4mage, dans les conditions actuelles, ne baissera plus.<\/span><\/span><b> <\/b><span style=\"color: #000000\"><span style=\"font-family: Sawasdee,Arial Unicode MS\">Or<\/span><\/span><b> <\/b><span style=\"color: #000000\"><span style=\"font-family: Sawasdee,Arial Unicode MS\">6 ch\u00f4meur(se)s sur 10 sont aujourd&rsquo;hui, en France, non indemnis\u00e9(e)s&#8230;<\/span><\/span><\/p>\n<p class=\"western\" align=\"justify\"><span style=\"color: #000000\"><span style=\"font-family: Sawasdee,Arial Unicode MS\">A l&rsquo;\u00e9vidence, ce probl\u00e8me n&rsquo;est surmontable que par la <\/span><\/span><span style=\"color: #000000\"><span style=\"font-family: Sawasdee,Arial Unicode MS\"><b>restauration d&rsquo;un syst\u00e8me mutualiste \u00e0 l&rsquo;\u00e9chelle nationale<\/b><\/span><\/span><span style=\"color: #000000\"><span style=\"font-family: Sawasdee,Arial Unicode MS\">, par opposition au syst\u00e8me d&rsquo;assurance individuelle.<\/span><\/span><span style=\"color: #000000\"><span style=\"font-family: Sawasdee,Arial Unicode MS\"><b> La caisse de ch\u00f4mage <\/b><\/span><\/span><span style=\"color: #000000\"><span style=\"font-family: Sawasdee,Arial Unicode MS\">est un <\/span><\/span><span style=\"color: #000000\"><span style=\"font-family: Sawasdee,Arial Unicode MS\"><b>bien commun<\/b><\/span><\/span><span style=\"color: #000000\"><span style=\"font-family: Sawasdee,Arial Unicode MS\"> que nous avons abandonn\u00e9 et qu&rsquo;il nous faut reprendre en main, tout comme l&rsquo;ensemble des protections offertes par la <\/span><\/span><span style=\"color: #000000\"><span style=\"font-family: Sawasdee,Arial Unicode MS\"><b>S\u00e9curit\u00e9 Sociale<\/b><\/span><\/span><span style=\"color: #000000\"><span style=\"font-family: Sawasdee,Arial Unicode MS\">. Nos luttes sectorielles doivent absolument \u00eatre int\u00e9gr\u00e9es dans cette lutte plus globale, au del\u00e0 m\u00eame de la convergence des luttes. On ne lutte pas contre le ch\u00f4mage\u00a0: on le constate, et m\u00eame on l&rsquo;esp\u00e8re, pour peu qu&rsquo;on puisse le vivre sereinement. La fonction de l&rsquo;UNEDIC n&rsquo;est-elle pas d&rsquo;assurer une protection sociale aux personnes qui sont ainsi en train de se lib\u00e9rer de l&#8217;emploi\u00a0?<\/span><\/span><\/p>\n<p class=\"western\" align=\"justify\"><span style=\"color: #000000\"><span style=\"font-family: Sawasdee,Arial Unicode MS\"> Il est aujourd&rsquo;hui essentiel d&rsquo;<\/span><\/span><span style=\"color: #000000\"><span style=\"font-family: Sawasdee,Arial Unicode MS\"><b>instaurer le ch\u00f4mage heureux, <\/b><\/span><\/span><span style=\"color: #000000\"><span style=\"font-family: Sawasdee,Arial Unicode MS\">car dans une soci\u00e9t\u00e9 enfin d\u00e9barrass\u00e9e en grande partie de la peur du ch\u00f4mage, il est \u00e0 parier que le grand patronat et ses nouvelles techniques de management en rabattront quant aux conditions de travail\u00a0qu&rsquo;ils nous imposent aujourd&rsquo;hui.<\/span><\/span><\/p>\n<p class=\"western\" align=\"justify\"><span style=\"color: #000000\"><span style=\"font-family: Sawasdee,Arial Unicode MS\"> Le c\u0153ur de la lutte syndicale est pr\u00e9cis\u00e9ment de lutter contre l&rsquo;id\u00e9e que l&rsquo;on doit \u00eatre pay\u00e9(e) \u00e0 la mesure (\u00e9valu\u00e9e) de ce que l&rsquo;on fait<\/span><\/span><b> <\/b><span style=\"color: #000000\"><span style=\"font-family: Sawasdee,Arial Unicode MS\">(ce qui revient \u00e0 se soumettre \u00e0 l&#8217;employeur)\u00a0: <\/span><\/span><span style=\"color: #000000\"><span style=\"font-family: Sawasdee,Arial Unicode MS\"><b>il faut obtenir d&rsquo;\u00eatre pay\u00e9(e) pour ce que l&rsquo;on est <\/b><\/span><\/span><span style=\"color: #000000\"><span style=\"font-family: Sawasdee,Arial Unicode MS\">(des citoyen(ne)s)<\/span><\/span><span style=\"color: #000000\"><span style=\"font-family: Sawasdee,Arial Unicode MS\"><b>.<\/b><\/span><\/span><\/p>\n<p class=\"western\" align=\"center\"><b> <\/b><span style=\"color: #000000\"><span style=\"font-family: Sawasdee,Arial Unicode MS\"><b>La S\u00e9curit\u00e9 Sociale, et en particulier l&rsquo;instauration du ch\u00f4mage heureux, <\/b><\/span><\/span><\/p>\n<p class=\"western\" align=\"center\"><span style=\"font-family: Sawasdee,Arial Unicode MS\"><b>est \u00e0 n&rsquo;en pas douter le projet \u00e9mancipateur et r\u00e9volutionnaire<\/b><\/span><\/p>\n<p class=\"western\" align=\"center\"><span style=\"color: #000000\"><span style=\"font-family: Sawasdee,Arial Unicode MS\"><b>derri\u00e8re lequel nous devons nous regrouper. <\/b><\/span><\/span><\/p>\n<p class=\"western\" align=\"center\"><span style=\"font-family: Sawasdee,Arial Unicode MS\"><b>C&rsquo;est \u00e0 nous tou(te)s de prot\u00e9ger nos droits\u00a0!<\/b><\/span><\/p>\n<p class=\"western\" align=\"justify\"><span style=\"color: #000000\"><span style=\"font-family: Sawasdee,Arial Unicode MS\"><b> Le syndicat Sud \u00e9ducation Limousin invite tous les personnels de l&rsquo;Education Nationale, notamment en situation de pr\u00e9carit\u00e9, ainsi que tou(te)s les ch\u00f4meur(se)s,<\/b><\/span><\/span> <span style=\"color: #000000\"><span style=\"font-family: Sawasdee,Arial Unicode MS\"><b>\u00e0 se constituer collectivement derri\u00e8re ce projet\u00a0!<\/b><\/span><\/span><\/p>\n<p class=\"western\" align=\"center\"><span style=\"color: #000000\"><span style=\"font-family: Sawasdee,Arial Unicode MS\"><span style=\"font-size: small\"> (L&rsquo;adh\u00e9sion \u00e0 notre syndicat est fix\u00e9e \u00e0 6\u20ac par an pour les personnes percevant moins de 600\u20ac par mois,<\/span><\/span><\/span><\/p>\n<p class=\"western\" align=\"center\"><span style=\"color: #000000\"><span style=\"font-family: Sawasdee,Arial Unicode MS\"><span style=\"font-size: small\">voir grille indicative sur notre site <\/span><\/span><\/span><span style=\"color: #000080\"><span lang=\"zxx\"><u><a class=\"western\" href=\"http:\/\/solidaires87.org\/sudeduclimousin\/\"><span style=\"font-family: Sawasdee,Arial Unicode MS\">http:\/\/solidaires87.org\/sudeduclimousin\/<\/span><\/a><\/u><\/span><\/span><span style=\"color: #000000\"><span style=\"font-family: Sawasdee,Arial Unicode MS\"><span style=\"font-size: small\">).<\/span><\/span><\/span><\/p>\n<p class=\"western\" align=\"center\"><span style=\"color: #000000\"><span style=\"font-family: Sawasdee,Arial Unicode MS\"><b>Contact\u00a0: <\/b><\/span><\/span><span style=\"color: #000080\"><span lang=\"zxx\"><u><a class=\"western\" href=\"mailto:sudeduclimousin@gmail.com\"><span style=\"font-family: Sawasdee,Arial Unicode MS\">sudeduclimousin@gmail.com<\/span><\/a><\/u><\/span><\/span><\/p>\n<p class=\"western\" align=\"justify\"><span style=\"color: #000000\"><span style=\"font-family: Sawasdee,Arial Unicode MS\"><span style=\"font-size: small\"> NB\u00a0: La Coordination des Intermittents et des Pr\u00e9caires (CIP) travaille actuellement \u00e0 un <\/span><\/span><\/span><span style=\"color: #000000\"><span style=\"font-family: Sawasdee,Arial Unicode MS\"><span style=\"font-size: small\"><b>audit de la dette (probablement scandaleuse) de l&rsquo;UNEDIC.<\/b><\/span><\/span><\/span><span style=\"color: #000000\"><span style=\"font-family: Sawasdee,Arial Unicode MS\"><span style=\"font-size: small\"> Pour apporter votre soutien, contactez ciplimousin@gmail.com.<\/span><\/span><\/span><\/p>\n<p class=\"western\" align=\"justify\"><a href=\"http:\/\/solidaires87.org\/sudeduclimousin\/wp-content\/uploads\/sites\/4\/2017\/01\/Ch\u00f4mage-heureux.pdf\">Ch\u00f4mage heureux.pdf<\/a><\/p>\n","protected":false},"excerpt":{"rendered":"<p>Dans le syst\u00e8me capitaliste actuel , la destruction des emplois est structurelle, puisque li\u00e9e \u00e0 leur automatisation et au remplacement des femmes et des hommes par des machines. Le ch\u00f4mage n&rsquo;est donc pas une anomalie qu&rsquo;il nous faudrait exterminer en&#8230;<br \/><a class=\"read-more-button\" href=\"https:\/\/solidaires87.org\/sudeduclimousin\/2017\/01\/27\/apres-les-jours-heureux-le-chomage-heureux-vive-la-securite-sociale\/\">Savoir plus<\/a><\/p>\n","protected":false},"author":18,"featured_media":0,"comment_status":"closed","ping_status":"open","sticky":false,"template":"","format":"standard","meta":{"footnotes":""},"categories":[9,8,5],"tags":[],"_links":{"self":[{"href":"https:\/\/solidaires87.org\/sudeduclimousin\/wp-json\/wp\/v2\/posts\/425"}],"collection":[{"href":"https:\/\/solidaires87.org\/sudeduclimousin\/wp-json\/wp\/v2\/posts"}],"about":[{"href":"https:\/\/solidaires87.org\/sudeduclimousin\/wp-json\/wp\/v2\/types\/post"}],"author":[{"embeddable":true,"href":"https:\/\/solidaires87.org\/sudeduclimousin\/wp-json\/wp\/v2\/users\/18"}],"replies":[{"embeddable":true,"href":"https:\/\/solidaires87.org\/sudeduclimousin\/wp-json\/wp\/v2\/comments?post=425"}],"version-history":[{"count":1,"href":"https:\/\/solidaires87.org\/sudeduclimousin\/wp-json\/wp\/v2\/posts\/425\/revisions"}],"predecessor-version":[{"id":426,"href":"https:\/\/solidaires87.org\/sudeduclimousin\/wp-json\/wp\/v2\/posts\/425\/revisions\/426"}],"wp:attachment":[{"href":"https:\/\/solidaires87.org\/sudeduclimousin\/wp-json\/wp\/v2\/media?parent=425"}],"wp:term":[{"taxonomy":"category","embeddable":true,"href":"https:\/\/solidaires87.org\/sudeduclimousin\/wp-json\/wp\/v2\/categories?post=425"},{"taxonomy":"post_tag","embeddable":true,"href":"https:\/\/solidaires87.org\/sudeduclimousin\/wp-json\/wp\/v2\/tags?post=425"}],"curies":[{"name":"wp","href":"https:\/\/api.w.org\/{rel}","templated":true}]}}