{"id":396,"date":"2016-10-19T11:48:24","date_gmt":"2016-10-19T10:48:24","guid":{"rendered":"http:\/\/solidaires87.org\/sudeduclimousin\/?p=396"},"modified":"2019-12-29T10:31:10","modified_gmt":"2019-12-29T09:31:10","slug":"regles-comptables-du-syndicat","status":"publish","type":"post","link":"https:\/\/solidaires87.org\/sudeduclimousin\/2016\/10\/19\/regles-comptables-du-syndicat\/","title":{"rendered":"R\u00e8gles comptables du syndicat"},"content":{"rendered":"<p>\t<!--\n\t\t@page { margin: 2cm }\n\t\tP { margin-bottom: 0.21cm; direction: ltr; color: #00000a; line-height: 120%; text-align: left; widows: 0; orphans: 0 }\n\t\tP.western { font-family: \"Liberation Serif\", \"Times New Roman\", serif; font-size: 12pt; so-language: fr-FR }\n\t\tP.cjk { font-family: \"Droid Sans\"; font-size: 12pt; so-language: zh-CN }\n\t\tP.ctl { font-family: \"Lohit Hindi\"; font-size: 12pt; so-language: hi-IN }\n\t--><\/p>\n<p class=\"western\" align=\"CENTER\"><span style=\"font-family: Sawasdee\"><span style=\"font-size: 300%\"><b>R\u00e8gles comptables du syndicat<\/b><\/span><\/span><\/p>\n<p class=\"western\" align=\"CENTER\"><span style=\"font-family: Sawasdee\"><span style=\"font-size: medium\"><b>modifi\u00e9es le 8 d\u00e9cembre 2016.<\/b><\/span><\/span><\/p>\n<p class=\"western\" align=\"CENTER\"><a href=\"http:\/\/solidaires87.org\/sudeduclimousin\/wp-content\/uploads\/sites\/4\/2016\/12\/R\u00e8gles-comptables-sud-\u00e9ducation-limousin-Mise-\u00e0-jour-D\u00e9cembre-2016.pdf\">regles-comptables-.pdf<\/a><\/p>\n<ul>\n<ul>\n<ul>\n<li>\n<p class=\"western\" align=\"JUSTIFY\"><span style=\"color: #000000\"><span style=\"font-family: Sawasdee\"><span style=\"font-size: medium\">Les frais occasionn\u00e9s par le stage que nous organisons en novembre \u00e0 Ligoure seront rembours\u00e9s \u00e0 hauteur de 50\u00a0% pour chacun.e de nos adh\u00e9rent.es participant.<\/span><\/span><\/span><\/p>\n<\/li>\n<li>\n<p class=\"western\" align=\"JUSTIFY\"><span style=\"color: #000000\"><span style=\"font-family: Sawasdee\"><span style=\"font-size: medium\">Les frais occasionn\u00e9s par le stage que nous co-organisons avec Solidaires 87 au printemps \u00e0 Ligoure seront rembours\u00e9s \u00e0 50\u00a0% pour chacun.e de nos adh\u00e9rent.es participant.<\/span><\/span><\/span><\/p>\n<\/li>\n<li>\n<p class=\"western\" align=\"JUSTIFY\"><span style=\"color: #000000\"><span style=\"font-family: Sawasdee\"><span style=\"font-size: medium\">Les frais d&rsquo;h\u00e9bergement et de transport occasionn\u00e9s par des stages f\u00e9d\u00e9ralis\u00e9s organis\u00e9s dans d&rsquo;autres r\u00e9gions seront rembours\u00e9s \u00e0 100\u00a0% pour une quatri\u00e8me personne participante (la f\u00e9d\u00e9ration rembourse d&rsquo;ores et d\u00e9j\u00e0 3 personnes par syndicat).<\/span><\/span><\/span><\/p>\n<\/li>\n<li>\n<p class=\"western\" align=\"JUSTIFY\"><span style=\"color: #000000\"><span style=\"font-family: Sawasdee\"><span style=\"font-size: medium\">Les frais d&rsquo;h\u00e9bergement et de transport occasionn\u00e9s par d&rsquo;autres stages non mentionn\u00e9s ci-dessus seront rembours\u00e9s au cas par cas apr\u00e8s \u00e9tude par l&rsquo;assembl\u00e9e g\u00e9n\u00e9rale.<\/span><\/span><\/span><\/p>\n<\/li>\n<li>\n<p class=\"western\" align=\"JUSTIFY\"><span style=\"color: #000000\"><span style=\"font-family: Sawasdee\"><span style=\"font-size: medium\">Les frais kilom\u00e9triques pour d\u00e9placements locaux dans les \u00e9tablissements et rencontres avec des personnels pourront \u00eatre pris en charge.<\/span><\/span><\/span><\/p>\n<\/li>\n<li>\n<p class=\"western\" align=\"JUSTIFY\"><span style=\"color: #000000\"><span style=\"font-family: Sawasdee\"><span style=\"font-size: medium\">Les frais de restauration des personnes mandat\u00e9es pour d\u00e9placement f\u00e9d\u00e9raux, notamment au Conseil F\u00e9d\u00e9ral, seront rembours\u00e9s \u00e0 hauteur de 10\u20ac par repas, hors petit-d\u00e9je\u00fbner.<\/span><\/span><\/span><\/p>\n<\/li>\n<\/ul>\n<\/ul>\n<\/ul>\n","protected":false},"excerpt":{"rendered":"<p>R\u00e8gles comptables du syndicat modifi\u00e9es le 8 d\u00e9cembre 2016. regles-comptables-.pdf Les frais occasionn\u00e9s par le stage que nous organisons en novembre \u00e0 Ligoure seront rembours\u00e9s \u00e0 hauteur de 50\u00a0% pour chacun.e de nos adh\u00e9rent.es participant. Les frais occasionn\u00e9s par le&#8230;<br \/><a class=\"read-more-button\" href=\"https:\/\/solidaires87.org\/sudeduclimousin\/2016\/10\/19\/regles-comptables-du-syndicat\/\">Savoir plus<\/a><\/p>\n","protected":false},"author":18,"featured_media":0,"comment_status":"closed","ping_status":"open","sticky":false,"template":"","format":"standard","meta":{"footnotes":""},"categories":[4],"tags":[],"_links":{"self":[{"href":"https:\/\/solidaires87.org\/sudeduclimousin\/wp-json\/wp\/v2\/posts\/396"}],"collection":[{"href":"https:\/\/solidaires87.org\/sudeduclimousin\/wp-json\/wp\/v2\/posts"}],"about":[{"href":"https:\/\/solidaires87.org\/sudeduclimousin\/wp-json\/wp\/v2\/types\/post"}],"author":[{"embeddable":true,"href":"https:\/\/solidaires87.org\/sudeduclimousin\/wp-json\/wp\/v2\/users\/18"}],"replies":[{"embeddable":true,"href":"https:\/\/solidaires87.org\/sudeduclimousin\/wp-json\/wp\/v2\/comments?post=396"}],"version-history":[{"count":1,"href":"https:\/\/solidaires87.org\/sudeduclimousin\/wp-json\/wp\/v2\/posts\/396\/revisions"}],"predecessor-version":[{"id":397,"href":"https:\/\/solidaires87.org\/sudeduclimousin\/wp-json\/wp\/v2\/posts\/396\/revisions\/397"}],"wp:attachment":[{"href":"https:\/\/solidaires87.org\/sudeduclimousin\/wp-json\/wp\/v2\/media?parent=396"}],"wp:term":[{"taxonomy":"category","embeddable":true,"href":"https:\/\/solidaires87.org\/sudeduclimousin\/wp-json\/wp\/v2\/categories?post=396"},{"taxonomy":"post_tag","embeddable":true,"href":"https:\/\/solidaires87.org\/sudeduclimousin\/wp-json\/wp\/v2\/tags?post=396"}],"curies":[{"name":"wp","href":"https:\/\/api.w.org\/{rel}","templated":true}]}}