{"id":386,"date":"2016-10-19T16:27:30","date_gmt":"2016-10-19T15:27:30","guid":{"rendered":"http:\/\/solidaires87.org\/sudeduclimousin\/?p=386"},"modified":"2019-12-29T10:31:04","modified_gmt":"2019-12-29T09:31:04","slug":"assemblee-generale-et-demi-journee-supplementaire-de-congres-regional-jeudi-8-decembre-2016","status":"publish","type":"post","link":"https:\/\/solidaires87.org\/sudeduclimousin\/2016\/10\/19\/assemblee-generale-et-demi-journee-supplementaire-de-congres-regional-jeudi-8-decembre-2016\/","title":{"rendered":"Assembl\u00e9e G\u00e9n\u00e9rale et demi-journ\u00e9e suppl\u00e9mentaire de Congr\u00e8s R\u00e9gional, jeudi 8 d\u00e9cembre 2016"},"content":{"rendered":"<p><!-- @page { margin: 2cm } P { margin-bottom: 0.21cm; direction: ltr; color: #000000; widows: 2; orphans: 2 } P.western { font-family: \"Times New Roman\", serif; font-size: 12pt; so-language: fr-FR } P.cjk { font-family: \"Times New Roman\", serif; font-size: 12pt; so-language: zh-CN } P.ctl { font-family: \"Times New Roman\", serif; font-size: 12pt; so-language: ar-SA } --><\/p>\n<p class=\"western\"><span style=\"font-family: Calibri,sans-serif\"><span style=\"font-size: small\">L\u2019ordre du jour pr\u00e9visionnel est le suivant :<\/span><\/span><\/p>\n<p class=\"western\"><span style=\"font-size: small\"><b>Assembl\u00e9e G\u00e9n\u00e9rale de 9h30 \u00e0 12h30\u00a0:<\/b><\/span><\/p>\n<p class=\"western\">\u2212 <span style=\"font-size: small\">Tour de table et bilan du stage Ligoure 2016\u00a0<span style=\"font-family: Calibri\"><b>(30 min)<\/b><\/span><\/span><\/p>\n<p class=\"western\" align=\"JUSTIFY\">\u2212 <span style=\"font-size: small\">D\u00e9bat de fond concernant la gestion du budget, puis \u00e9tude des propositions en cours (discussion concernant la d\u00e9cision de rembourser les \u00ab\u00a0frais de bouche\u00a0\u00bb \u00e0 hauteur de 10\u20ac par repas pour les repr\u00e9sentations ext\u00e9rieures et en particulier les Conseils F\u00e9d\u00e9raux, discussion concernant la prise en charge de tout ou partie des frais individuels li\u00e9s au stage de novembre \u00e0 Ligoure,&#8230;) <span style=\"font-family: Calibri\"><b>(45 + 15 min)<\/b><\/span><\/span><\/p>\n<p class=\"western\" align=\"JUSTIFY\">\u2212 <span style=\"font-size: small\">Point sur l&rsquo;activit\u00e9 r\u00e9gionale (demande d&rsquo;aide d&rsquo;un nouvel adh\u00e9rent AESH, suivi des dossiers en cours, tuilages en cours, \u00a0soutien aux migrants, soir\u00e9e contre toutes les r\u00e9pressions\u2026) <span style=\"font-family: Calibri\"><b>(1h)<\/b><\/span><\/span><\/p>\n<p class=\"western\">\u2212 <span style=\"font-size: small\">Point Solidaires (nouveau bureau de Solidaires 19&#8230;) <span style=\"font-family: Calibri\"><b>(15 min)<\/b><\/span><\/span><\/p>\n<p class=\"western\">\u2212 <span style=\"font-size: small\">Perspectives des prochaines Assembl\u00e9es G\u00e9n\u00e9rales (dates, lieux) <span style=\"font-family: Calibri\"><b>(5 min)<\/b><\/span><\/span><\/p>\n<p class=\"western\"><span style=\"font-size: small\"><b>Congr\u00e8s R\u00e9gional de 14h \u00e0 17h :<\/b><\/span><\/p>\n<p class=\"western\" align=\"JUSTIFY\">\u2212 <span style=\"font-size: small\">Etude de la proposition du groupe de travail \u00ab\u00a0Les moutons de personne\u00a0\u00bb et du communiqu\u00e9 \u00ab\u00a0Assez de la collaboration de l\u2019\u00c9ducation nationale avec le MEDEF\u00a0!\u00a0\u00bb <span style=\"font-family: Calibri\"><b>(30 min)<\/b><\/span><\/span><\/p>\n<p class=\"western\" align=\"JUSTIFY\">\u2212 <span style=\"font-size: small\">Etude de la proposition \u00ab\u00a0Apr\u00e8s les jours heureux, le ch\u00f4mage heureux\u00a0! Vive la s\u00e9curit\u00e9 sociale\u00a0!\u00a0\u00bb et des orientations politiques qui y sont li\u00e9es <span style=\"font-family: Calibri\"><b>(30 min)<\/b><\/span><\/span><\/p>\n<p class=\"western\" align=\"JUSTIFY\">\u2212 <span style=\"font-size: small\">Propositions de modifications concernant nos statuts (vote) <span style=\"font-family: Calibri\"><b>(1h)<\/b><\/span><\/span><\/p>\n<p class=\"western\" align=\"JUSTIFY\">\u2212 <span style=\"font-size: small\">Etude de la proposition du groupe de travail \u00ab\u00a0Autogestion\u00a0\u00bb <span style=\"font-family: Calibri\"><b>(45 min)<\/b><\/span><\/span><\/p>\n<p class=\"western\" align=\"JUSTIFY\"><span style=\"font-family: Calibri,sans-serif\"><span style=\"font-size: small\"> <b>Bilan de la journ\u00e9e de 17h \u00e0 17h30.<\/b><\/span><\/span><\/p>\n","protected":false},"excerpt":{"rendered":"<p>L\u2019ordre du jour pr\u00e9visionnel est le suivant : Assembl\u00e9e G\u00e9n\u00e9rale de 9h30 \u00e0 12h30\u00a0: \u2212 Tour de table et bilan du stage Ligoure 2016\u00a0(30 min) \u2212 D\u00e9bat de fond concernant la gestion du budget, puis \u00e9tude des propositions en cours&#8230;<br \/><a class=\"read-more-button\" href=\"https:\/\/solidaires87.org\/sudeduclimousin\/2016\/10\/19\/assemblee-generale-et-demi-journee-supplementaire-de-congres-regional-jeudi-8-decembre-2016\/\">Savoir plus<\/a><\/p>\n","protected":false},"author":18,"featured_media":0,"comment_status":"closed","ping_status":"open","sticky":false,"template":"","format":"standard","meta":{"footnotes":""},"categories":[3],"tags":[],"_links":{"self":[{"href":"https:\/\/solidaires87.org\/sudeduclimousin\/wp-json\/wp\/v2\/posts\/386"}],"collection":[{"href":"https:\/\/solidaires87.org\/sudeduclimousin\/wp-json\/wp\/v2\/posts"}],"about":[{"href":"https:\/\/solidaires87.org\/sudeduclimousin\/wp-json\/wp\/v2\/types\/post"}],"author":[{"embeddable":true,"href":"https:\/\/solidaires87.org\/sudeduclimousin\/wp-json\/wp\/v2\/users\/18"}],"replies":[{"embeddable":true,"href":"https:\/\/solidaires87.org\/sudeduclimousin\/wp-json\/wp\/v2\/comments?post=386"}],"version-history":[{"count":2,"href":"https:\/\/solidaires87.org\/sudeduclimousin\/wp-json\/wp\/v2\/posts\/386\/revisions"}],"predecessor-version":[{"id":398,"href":"https:\/\/solidaires87.org\/sudeduclimousin\/wp-json\/wp\/v2\/posts\/386\/revisions\/398"}],"wp:attachment":[{"href":"https:\/\/solidaires87.org\/sudeduclimousin\/wp-json\/wp\/v2\/media?parent=386"}],"wp:term":[{"taxonomy":"category","embeddable":true,"href":"https:\/\/solidaires87.org\/sudeduclimousin\/wp-json\/wp\/v2\/categories?post=386"},{"taxonomy":"post_tag","embeddable":true,"href":"https:\/\/solidaires87.org\/sudeduclimousin\/wp-json\/wp\/v2\/tags?post=386"}],"curies":[{"name":"wp","href":"https:\/\/api.w.org\/{rel}","templated":true}]}}