{"id":357,"date":"2016-10-26T09:13:25","date_gmt":"2016-10-26T08:13:25","guid":{"rendered":"http:\/\/solidaires87.org\/sudeduclimousin\/?p=357"},"modified":"2019-12-29T10:30:46","modified_gmt":"2019-12-29T09:30:46","slug":"contre-la-precarite-dans-lesr-pour-lamelioration-des-conditions-de-travail-et-detudes-de-toutes-et-tous","status":"publish","type":"post","link":"https:\/\/solidaires87.org\/sudeduclimousin\/2016\/10\/26\/contre-la-precarite-dans-lesr-pour-lamelioration-des-conditions-de-travail-et-detudes-de-toutes-et-tous\/","title":{"rendered":"Contre la pr\u00e9carit\u00e9 dans l\u2019ESR &#8211; Pour l\u2019am\u00e9lioration des conditions de travail et d\u2019\u00e9tudes de toutes et tous"},"content":{"rendered":"<p><img loading=\"lazy\" decoding=\"async\" class=\"alignnone size-full wp-image-356\" src=\"http:\/\/solidaires87.org\/sudeduclimousin\/wp-content\/uploads\/sites\/4\/2016\/10\/arton6717-b3e25-1.jpg\" alt=\"arton6717-b3e25\" width=\"150\" height=\"101\" \/><\/p>\n<h3 class=\"spip\">Contre la pr\u00e9carit\u00e9 dans l\u2019enseignement sup\u00e9rieur et la recherche Pour l\u2019am\u00e9lioration des conditions de travail et d\u2019\u00e9tudes de toutes et tous,<\/h3>\n<h3 class=\"spip\">Rassemblons-nous le 7\u00a0novembre 2016\u00a0!<\/h3>\n<p><strong>Une nouvelle rentr\u00e9e universitaire sous le signe de l\u2019aust\u00e9rit\u00e9\u00a0<\/strong>\u00a0<br class=\"autobr\" \/> Depuis 2009, le budget de l\u2019enseignement sup\u00e9rieur et de la recherche, (ESR), a baiss\u00e9 de 850 millions en euros constants, (cf. Cour des Comptes), alors m\u00eame que le nombre d\u2019\u00e9tudiant-e-s n\u2019a cess\u00e9 d\u2019augmenter (+ 260 000 depuis 2009). La politique budg\u00e9taire d\u2019aust\u00e9rit\u00e9 du gouvernement aggrave ainsi largement une situation d\u00e9j\u00e0 pr\u00e9occupante. La pr\u00e9carit\u00e9 explose dans l\u2019ESR et les r\u00e9formes mises en place depuis quelques ann\u00e9es d\u00e9j\u00e0 d\u00e9truisent nos conditions de travail et mettent en danger le service public d\u2019ESR.<\/p>\n<p><strong>Des politiques r\u00e9currentes contre l\u2019enseignement sup\u00e9rieur et la recherche publique<\/strong><br class=\"autobr\" \/> Notre situation d\u00e9coule en effet des politiques d\u2019aust\u00e9rit\u00e9 et des r\u00e9formes mises en \u0153uvre depuis la fin des ann\u00e9es 1990\u00a0: loi Pacte pour la recherche (2006), loi LRU (loi relative aux libert\u00e9s et responsabilit\u00e9s des universit\u00e9s, 2007) qui a rendu les \u00e9tablissements d\u2019ESR financi\u00e8rement autonomes et leur a transf\u00e9r\u00e9 la gestion de la masse salariale, loi pour l\u2019enseignement sup\u00e9rieur et la recherche (2013), qui a accentu\u00e9 la logique de la mise en concurrence en imposant le regroupement des universit\u00e9s, des grands \u00e9tablissements, des \u00e9coles au sein des COMUE (Communaut\u00e9 d\u2019Universit\u00e9s et d\u2019Etablissements). Ces r\u00e9formes reposent toutes sur une transformation fondamentale dans la mani\u00e8re de financer l\u2019enseignement sup\u00e9rieur et la recherche\u00a0: le d\u00e9veloppement des financements par des appels \u00e0 projets (ANR, Europe, r\u00e9gions, associations caritatives, Programme Investissement d\u2019Avenir) au d\u00e9triment des cr\u00e9dits r\u00e9currents, ce qui met en concurrence les \u00e9tablissements, les laboratoires et les services et favorise le d\u00e9veloppement de la pr\u00e9carit\u00e9.<\/p>\n<p><strong>La pr\u00e9carit\u00e9 est-elle la seule perspective pour les plus jeunes\u00a0?<\/strong><br class=\"autobr\" \/> Pour faire baisser la masse salariale, on remplace des postes de fonctionnaires par des contractuels ou des vacataires (qui co\u00fbtent bien moins cher)\u00a0: les pr\u00e9caires &#8211; d\u00e9sormais de l\u2019ordre de 40% chez les personnels BIATSS, 30% chez les personnels enseignants dans les \u00e9tablissements d\u2019ESR et 21,4% dans les organismes de recherche (40% \u00e0 l\u2019Inserm) &#8211; sont alors une simple variable d\u2019ajustement. La cons\u00e9quence est la paup\u00e9risation de nombreux personnels et notamment les moins qualifi\u00e9s mais aussi les jeunes chercheurs, ing\u00e9nieurs et techniciens non titulaires, devenus quasi invisibles. Les regroupements et fusions d\u2019\u00e9tablissements au sein des ComUE hors d\u2019\u00e9chelle rassemblant plusieurs milliers de personnels et des dizaines de milliers d\u2019\u00e9tudiants, vont encore accentuer cette pr\u00e9carisation g\u00e9n\u00e9ralis\u00e9e des personnels, premi\u00e8res victimes des baisses salariales et des baisses de budget, le recul de la r\u00e9ussite \u00e9tudiante et le d\u00e9veloppement des emplois pr\u00e9caires.<\/p>\n<p><strong>Une d\u00e9gradation insupportable de nos conditions de travail et d\u2019\u00e9tudes\u00a0<\/strong>\u00a0<br class=\"autobr\" \/> En plus de remettre en cause les statuts de la fonction publique, qui donnent des garanties aux salari\u00e9-e-s face \u00e0 l\u2019emprise de l\u2019employeur et qui garantissent l\u2019acc\u00e8s \u00e0 un service public de qualit\u00e9 \u00e0 toutes et tous, la pr\u00e9carit\u00e9 a des cons\u00e9quences importantes sur la sant\u00e9 des travailleurs-ses de l\u2019ESR. Les maladies professionnelles, telles que stress, burn out, etc., se d\u00e9veloppent partout \u00e0 cause d\u2019un manque criant de personnels administratifs, techniques, chercheurs et enseignants. L\u2019autonomie des \u00e9tablissements, l\u2019aust\u00e9rit\u00e9 impos\u00e9e et la possibilit\u00e9 de moduler les services des personnels qui anticipaient dans l\u2019ESR l\u2019inversion de la hi\u00e9rarchie des normes introduite par la loi Travail que des millions de travailleurs ont combattue pendant plusieurs mois, a contribu\u00e9 \u00e0 d\u00e9grader consid\u00e9rablement les conditions de travail de tous les personnels et des contractuels en particulier. <br class=\"autobr\" \/> Si les personnels subissent le contrecoup de ces r\u00e9formes et le manque de moyens, les \u00e9tudiant-e-s sont \u00e9galement en premi\u00e8re ligne. Salles surcharg\u00e9es, absence de suivi \u00e0 cause d\u2019un manque de personnel, mettent en p\u00e9ril l\u2019avenir des \u00e9tudiants et les missions de l\u2019enseignement sup\u00e9rieur et de la recherche. L\u2019augmentation cons\u00e9quente du nombre de bacheliers rend n\u00e9cessaire une politique ambitieuse pour les accueillir et r\u00e9ussir leurs \u00e9tudes dans les fili\u00e8res de leur choix. <br class=\"autobr\" \/> Le Gouvernement a annonc\u00e9 une augmentation de 850 millions d\u2019\u20ac du budget de l\u2019ESR pour 2017. Cette augmentation qui fait suite \u00e0 la mobilisation du milieu notamment en mai dernier lors de l\u2019annonce de coupures sur le budget de l\u2019ESR, est loin d\u2019\u00eatre au niveau des enjeux. Cela permettra tout juste d\u2019accueillir les 45 000 \u00e9tudiant\u00b7e\u00b7s en plus de la rentr\u00e9e. Il faut enfin un vrai investissement de l\u2019Etat dans l\u2019ESR, suffisamment significatif pour qu\u2019on puisse r\u00e9soudre la pr\u00e9carit\u00e9 et assurer sur l\u2019ensemble du territoire une formation de qualit\u00e9 pour toutes et tous, meilleur gage d\u2019un enseignement sup\u00e9rieur et d\u2019une recherche de haut niveau.<\/p>\n<p><strong>Pour exiger\u00a0:<\/strong><\/p>\n<p>&nbsp;<\/p>\n<ul>\n<li><strong>une r\u00e9elle augmentation du financement public de l\u2019Enseignement sup\u00e9rieur et de la recherche\u00a0: +3,5 milliards d\u2019euros\/an pendant 10 ans pour atteindre l\u2019objectif de 1% du PIB pour la recherche publique et 2% du PIB pour l\u2019enseignement sup\u00e9rieur,<\/strong><\/li>\n<li><strong>un plan d\u2019investissement concret vers les premiers cycles pour assurer la r\u00e9ussite de tou\u00b7te\u00b7s les \u00e9tudiant\u00b7e\u00b7s<\/strong><\/li>\n<li><strong>la fin de la politique de pr\u00e9carisation et la mise en place d\u2019un plan de titularisation de tou\u00b7te\u00b7s les contractuel\u00b7le\u00b7s et vacataires de l\u2019Enseignement Sup\u00e9rieur et de la Recherche travaillant sur des fonctions p\u00e9rennes.<\/strong><\/li>\n<\/ul>\n<p>&nbsp;<\/p>\n<ul class=\"spip\">\n<li><strong> un plan pluriannuel de cr\u00e9ation d\u2019emplois de fonctionnaires enseignants-chercheurs, chercheurs, ing\u00e9nieurs, personnels techniques, de biblioth\u00e8que et administratifs \u00e0 hauteur de 6 000 cr\u00e9ations d\u2019emplois\/an pendant 10 ans.<\/strong><\/li>\n<\/ul>\n<h3 class=\"spip\">Retrouvons-nous toutes et tous ensembles, personnels pr\u00e9caires ou titulaires et \u00e9tudiant-e-s, pour se rassembler devant l\u2019Assembl\u00e9e Nationale le 7 novembre \u00e0 Paris (d\u00e9bat sur le budget).<\/h3>\n<h3 class=\"spip\">Rendez-vous \u00e0 16h Place du Pr\u00e9sident-\u00c9douard-Herriot\u00a0!<\/h3>\n<p>M\u00e9tro Assembl\u00e9e Nationale ligne 12<\/p>\n<p>&nbsp;<\/p>\n<p><a href=\"http:\/\/solidaires87.org\/sudeduclimousin\/wp-content\/uploads\/sites\/4\/2016\/10\/appel_intersyndical_esr_7_novembre_contre_preca_-_conditions_de_travail_et_d_etudes.pdf\">Contre la pr\u00e9carit\u00e9 ESR.pdf<\/a><\/p>\n","protected":false},"excerpt":{"rendered":"<p>Contre la pr\u00e9carit\u00e9 dans l\u2019enseignement sup\u00e9rieur et la recherche Pour l\u2019am\u00e9lioration des conditions de travail et d\u2019\u00e9tudes de toutes et tous, Rassemblons-nous le 7\u00a0novembre 2016\u00a0! Une nouvelle rentr\u00e9e universitaire sous le signe de l\u2019aust\u00e9rit\u00e9\u00a0\u00a0 Depuis 2009, le budget de l\u2019enseignement&#8230;<br \/><a class=\"read-more-button\" href=\"https:\/\/solidaires87.org\/sudeduclimousin\/2016\/10\/26\/contre-la-precarite-dans-lesr-pour-lamelioration-des-conditions-de-travail-et-detudes-de-toutes-et-tous\/\">Savoir plus<\/a><\/p>\n","protected":false},"author":18,"featured_media":0,"comment_status":"closed","ping_status":"open","sticky":false,"template":"","format":"standard","meta":{"footnotes":""},"categories":[9,5],"tags":[],"_links":{"self":[{"href":"https:\/\/solidaires87.org\/sudeduclimousin\/wp-json\/wp\/v2\/posts\/357"}],"collection":[{"href":"https:\/\/solidaires87.org\/sudeduclimousin\/wp-json\/wp\/v2\/posts"}],"about":[{"href":"https:\/\/solidaires87.org\/sudeduclimousin\/wp-json\/wp\/v2\/types\/post"}],"author":[{"embeddable":true,"href":"https:\/\/solidaires87.org\/sudeduclimousin\/wp-json\/wp\/v2\/users\/18"}],"replies":[{"embeddable":true,"href":"https:\/\/solidaires87.org\/sudeduclimousin\/wp-json\/wp\/v2\/comments?post=357"}],"version-history":[{"count":1,"href":"https:\/\/solidaires87.org\/sudeduclimousin\/wp-json\/wp\/v2\/posts\/357\/revisions"}],"predecessor-version":[{"id":358,"href":"https:\/\/solidaires87.org\/sudeduclimousin\/wp-json\/wp\/v2\/posts\/357\/revisions\/358"}],"wp:attachment":[{"href":"https:\/\/solidaires87.org\/sudeduclimousin\/wp-json\/wp\/v2\/media?parent=357"}],"wp:term":[{"taxonomy":"category","embeddable":true,"href":"https:\/\/solidaires87.org\/sudeduclimousin\/wp-json\/wp\/v2\/categories?post=357"},{"taxonomy":"post_tag","embeddable":true,"href":"https:\/\/solidaires87.org\/sudeduclimousin\/wp-json\/wp\/v2\/tags?post=357"}],"curies":[{"name":"wp","href":"https:\/\/api.w.org\/{rel}","templated":true}]}}