{"id":351,"date":"2016-10-25T13:45:33","date_gmt":"2016-10-25T12:45:33","guid":{"rendered":"http:\/\/solidaires87.org\/sudeduclimousin\/?p=351"},"modified":"2019-12-29T10:30:53","modified_gmt":"2019-12-29T09:30:53","slug":"contre-lecole-capitaliste-des-gouvernements-liberaux-ou-du-front-national","status":"publish","type":"post","link":"https:\/\/solidaires87.org\/sudeduclimousin\/2016\/10\/25\/contre-lecole-capitaliste-des-gouvernements-liberaux-ou-du-front-national\/","title":{"rendered":"Contre l&rsquo;\u00e9cole capitaliste des gouvernements lib\u00e9raux ou du Front National"},"content":{"rendered":"<p><!-- @page { margin: 2cm } H1 { margin-bottom: 0.21cm; direction: ltr; color: #000000; widows: 0; orphans: 0 } H1.western { font-family: \"Liberation Serif\", \"Times New Roman\", serif; so-language: fr-FR } H1.cjk { font-family: \"Droid Sans\"; so-language: zh-CN } H1.ctl { font-family: \"Lohit Hindi\"; so-language: hi-IN } P { margin-bottom: 0.21cm; direction: ltr; color: #000000; widows: 0; orphans: 0 } P.western { font-family: \"Liberation Serif\", \"Times New Roman\", serif; font-size: 12pt; so-language: fr-FR } P.cjk { font-family: \"Droid Sans\"; font-size: 12pt; so-language: zh-CN } P.ctl { font-family: \"Lohit Hindi\"; font-size: 12pt; so-language: hi-IN } A:link { so-language: zxx } --><br \/>\n<span style=\"color: #ec0000\"><span style=\"font-family: gothic,msgothic,sans-serif\"><span style=\"font-size: large\"><b>Le Front National n&rsquo;est pas une alternative\u00a0!<\/b><\/span><\/span><\/span><\/p>\n<p class=\"western\" align=\"CENTER\"><span style=\"color: #ec0000\"><span style=\"font-family: gothic,msgothic,sans-serif\"><span style=\"font-size: large\"><b>Son \u00e9cole est tout autant capitaliste et in\u00e9galitaire.<\/b><\/span><\/span><\/span><\/p>\n<p class=\"western\" align=\"CENTER\"><img loading=\"lazy\" decoding=\"async\" class=\"alignnone size-full wp-image-350\" src=\"http:\/\/solidaires87.org\/sudeduclimousin\/wp-content\/uploads\/sites\/4\/2016\/10\/arton6206-13d5c.png\" alt=\"arton6206-13d5c\" width=\"106\" height=\"150\" \/><\/p>\n<p class=\"western\" align=\"JUSTIFY\"><span style=\"font-size: medium\">Les \u00e9lections r\u00e9gionales de d\u00e9cembre 2015 ont indiqu\u00e9 qu&rsquo;un nombre toujours croissant de nos concitoyen(ne)s est pr\u00eat \u00e0 confier les clefs de la r\u00e9publique au Front National. Les dirigeants des deux seuls partis politiques ayant exerc\u00e9 le pouvoir depuis plusieurs d\u00e9cennies n&rsquo;ont eu de cesse que d&rsquo;en appeler conjointement \u00e0 la constitution d&rsquo;un front r\u00e9publicain (bien arrangeant&#8230;) contre l&rsquo;arriv\u00e9e au pouvoir du Front National, oubliant volontairement qu&rsquo;ils en sont les principaux responsables, puisque ce sont bien les politiques lib\u00e9rales et d&rsquo;aust\u00e9rit\u00e9 qu&rsquo;ils m\u00e8nent depuis plusieurs d\u00e9cennies qui ont favoris\u00e9 la propagation de la mis\u00e8re sociale, principal foyer de cette autre menace qui guette le pays.<\/span><\/p>\n<p class=\"western\" align=\"JUSTIFY\"><span style=\"font-size: medium\">Ces oligarques que sont nos dirigeants s&rsquo;appuient sur deux partis politiques aux valeurs un peu nuanc\u00e9es, Les R\u00e9publicains et le Parti Socialiste, auxquels nous ne devons plus confier le pouvoir, car les politiques actuellement mises en \u0153uvre doivent \u00eatre stopp\u00e9es urgemment. L&rsquo;effondrement progressif de ces partis politiques semble d&rsquo;ailleurs accompagner celui de la r\u00e9publique toute enti\u00e8re&#8230;<\/span><\/p>\n<p class=\"western\" align=\"JUSTIFY\"><span style=\"font-size: medium\">Faut-il pour autant confier par d\u00e9sespoir notre vivre-ensemble au Front National\u00a0? Assur\u00e9ment non.<\/span><\/p>\n<p class=\"western\" align=\"JUSTIFY\"><span style=\"font-size: medium\">Si certains aspects du programme de ce parti peuvent \u00e9veiller l&rsquo;int\u00e9r\u00eat, d&rsquo;autres doivent au contraire fortement nous inqui\u00e9ter.<\/span><\/p>\n<p class=\"western\" align=\"JUSTIFY\"><span style=\"font-size: medium\">Le projet port\u00e9 par le Front National quant \u00e0 l&rsquo;\u00e9cole que nos enfants devront fr\u00e9quenter est ainsi particuli\u00e8rement alarmant, pass\u00e9iste et naus\u00e9abond, lorsqu&rsquo;on le regarde de pr\u00e8s\u00a0:<\/span><\/p>\n<p class=\"western\" align=\"JUSTIFY\"><span style=\"font-size: medium\"><i>\u00ab\u00a0L\u2019\u00e9cole est un service organique de la R\u00e9publique. A l\u2019\u00e9cole, se pr\u00e9pare l\u2019avenir de la Nation. (&#8230;) La R\u00e9publique a besoin de savants, de techniciens et de cadres. L\u2019\u00e9cole doit donc assurer la s\u00e9lection des meilleurs par la promotion de tous.\u00a0\u00bb<\/i><\/span><\/p>\n<p class=\"western\" align=\"JUSTIFY\"><strong><span style=\"font-size: medium\"><i>\u00ab\u00a0Revalorisation des fili\u00e8res manuelles\u00a0:<\/i><\/span><\/strong><span style=\"font-size: medium\"><i> suppression progressive sur le quinquennat du coll\u00e8ge unique qui a \u00e9t\u00e9 un terrible \u00e9chec\u00a0; les fili\u00e8res techniques et manuelles seront revaloris\u00e9es<\/i><\/span><span style=\"font-size: medium\"><i>\u00a0<\/i><\/span><strong><span style=\"font-size: medium\"><i>; l<\/i><\/span><\/strong><span style=\"font-size: medium\"><i>\u2019<\/i><\/span><span style=\"font-size: medium\"><i>apprentissage \u00e0 14 ans sera r\u00e9tabli.\u00a0\u00bb<\/i><\/span><\/p>\n<p class=\"western\" align=\"JUSTIFY\"><span style=\"font-size: medium\"><i>\u00ab\u00a0Fin de\u00a0l\u2019aventure p\u00e9dagogiste (&#8230;)\u00a0:<\/i> l<i>es m\u00e9thodes et l\u2019\u00e9tat d\u2019esprit p\u00e9dagogistes n\u2019y auront plus leur place. (\u2026) L\u2019\u00e9cole n\u2019est pas \u00ab\u00a0un lieu de vie<\/i>\u00a0 <i>(&#8230;)\u00a0\u00bb<\/i><\/span><\/p>\n<p class=\"western\" align=\"JUSTIFY\"><span style=\"font-size: medium\">Ce discours populiste montre d&rsquo;abord clairement que les cadres de ce parti ne se sont jamais int\u00e9ress\u00e9 aux innombrables recherches qui d\u00e9mentent toutes leurs affirmations. En outre, toutes les \u00e9tudes montrent que les m\u00e9thodes traditionnelles, qui ont toujours une large place \u00e0 l&rsquo;\u00e9cole d&rsquo;aujourd&rsquo;hui, n&rsquo;aboutissent qu&rsquo;\u00e0 la reproduction sociale, et que les enfants des classes populaires n&rsquo;ont qu&rsquo;une faible chance d&rsquo;acc\u00e9der aux m\u00eames \u00e9tudes que ceux des classes \u00ab\u00a0sup\u00e9rieures\u00a0\u00bb. C&rsquo;est donc bien aux enfants du peuple que le Front National promet \u00ab\u00a0l&rsquo;apprentissage \u00e0 14 ans\u00a0\u00bb.<\/span><\/p>\n<p class=\"western\" align=\"JUSTIFY\"><span style=\"font-size: medium\">On est bien loin d&rsquo;un projet pour une \u00e9cole \u00e9mancipatrice pour chacune et chacun, et la \u00ab\u00a0s\u00e9lection des meilleurs\u00a0\u00bb mise en avant dans ces quelques lignes n&rsquo;annoncerait rien de meilleur pour la grande majorit\u00e9 de nos enfants, \u00e0 l&rsquo;heure o\u00f9 l&rsquo;OCDE (qui pilote les r\u00e9formes actuelles) pr\u00e9voit une polarisation des emplois, dans une soci\u00e9t\u00e9 capitaliste o\u00f9 quelques d\u00e9cideurs (issus des classes sup\u00e9rieures) th\u00e9oriseraient le travail, tandis que la masse des travailleurs (issus des classes populaires) les ex\u00e9cuteraient\u2026 <\/span><\/p>\n<p class=\"western\" align=\"JUSTIFY\"><span style=\"font-size: medium\">Rien de nouveau par cons\u00e9quent sous le soleil brun\u00e2tre&#8230; L&rsquo;\u00e9cole capitaliste de la gauche et de la droite lib\u00e9rales le reste tout autant dans le projet du Front National, et cette \u00e9cole transforme les in\u00e9galit\u00e9s sociales en in\u00e9galit\u00e9s scolaires (comme le prouvent de nombreuses \u00e9tudes aujourd&rsquo;hui) et engendre d\u00e9sesp\u00e9r\u00e9ment de la reproduction sociale.<\/span><\/p>\n<p class=\"western\" align=\"JUSTIFY\"><span style=\"font-size: medium\">Au risque d&rsquo;\u00eatre en d\u00e9saccord <\/span><span style=\"font-size: medium\">avec les trois principaux partis politiques de France,<\/span> <span style=\"font-size: medium\"><b>Sud \u00e9ducation Limousin<\/b><\/span> <strong><span style=\"font-size: medium\">revendique un service public d\u2019\u00e9ducation \u00e9galitaire, dans la perspective d\u2019une \u00e9cole, d\u2019un coll\u00e8ge et d\u2019un lyc\u00e9e uniques proposant un enseignement polytechnique qui garantisse \u00e0 tou-te-s les \u00e9l\u00e8ves l\u2019exploration de tous les types de savoirs, qu\u2019ils soient manuels, techniques, artistiques ou th\u00e9oriques, reposant sur des pratiques p\u00e9dagogiques coop\u00e9ratives et \u00e9mancipatrices.<\/span><\/strong><\/p>\n<p class=\"western\" align=\"JUSTIFY\"><span style=\"font-size: small\"><strong><span style=\"font-size: medium\">Ce projet, d\u00e9taill\u00e9 sur le site de la f\u00e9d\u00e9ration Sud \u00e9ducation (<\/span><\/strong><strong><a href=\"http:\/\/www.sudeducation.org\/\"><span style=\"color: #000000\"><span style=\"font-size: medium\">http:\/\/www.sudeducation.org\/<\/span><\/span><\/a><\/strong><strong><span style=\"font-size: medium\">), ou sur notre propre site (http:\/\/solidaires87.org\/sudeduclimousin\/) nous appara\u00eet comme \u00e9tant le seul \u00e0 pouvoir permettre une \u00e9cole \u00e9galitaire, \u00e9panouissante, \u00e9mancipatrice, et favoriser ainsi la transformation sociale.<\/span><\/strong><\/span><\/p>\n<p class=\"western\" align=\"JUSTIFY\"><a href=\"http:\/\/solidaires87.org\/sudeduclimousin\/wp-content\/uploads\/sites\/4\/2016\/10\/Contre-l\u00e9cole-capitaliste-des-gouvernements-lib\u00e9raux-ou-du-Front-National.pdf\">Contre-l&rsquo;\u00e9cole-capitaliste.pdf<\/a><\/p>\n","protected":false},"excerpt":{"rendered":"<p>Le Front National n&rsquo;est pas une alternative\u00a0! Son \u00e9cole est tout autant capitaliste et in\u00e9galitaire. Les \u00e9lections r\u00e9gionales de d\u00e9cembre 2015 ont indiqu\u00e9 qu&rsquo;un nombre toujours croissant de nos concitoyen(ne)s est pr\u00eat \u00e0 confier les clefs de la r\u00e9publique au&#8230;<br \/><a class=\"read-more-button\" href=\"https:\/\/solidaires87.org\/sudeduclimousin\/2016\/10\/25\/contre-lecole-capitaliste-des-gouvernements-liberaux-ou-du-front-national\/\">Savoir plus<\/a><\/p>\n","protected":false},"author":18,"featured_media":0,"comment_status":"closed","ping_status":"open","sticky":false,"template":"","format":"standard","meta":{"footnotes":""},"categories":[9,5],"tags":[],"_links":{"self":[{"href":"https:\/\/solidaires87.org\/sudeduclimousin\/wp-json\/wp\/v2\/posts\/351"}],"collection":[{"href":"https:\/\/solidaires87.org\/sudeduclimousin\/wp-json\/wp\/v2\/posts"}],"about":[{"href":"https:\/\/solidaires87.org\/sudeduclimousin\/wp-json\/wp\/v2\/types\/post"}],"author":[{"embeddable":true,"href":"https:\/\/solidaires87.org\/sudeduclimousin\/wp-json\/wp\/v2\/users\/18"}],"replies":[{"embeddable":true,"href":"https:\/\/solidaires87.org\/sudeduclimousin\/wp-json\/wp\/v2\/comments?post=351"}],"version-history":[{"count":3,"href":"https:\/\/solidaires87.org\/sudeduclimousin\/wp-json\/wp\/v2\/posts\/351\/revisions"}],"predecessor-version":[{"id":354,"href":"https:\/\/solidaires87.org\/sudeduclimousin\/wp-json\/wp\/v2\/posts\/351\/revisions\/354"}],"wp:attachment":[{"href":"https:\/\/solidaires87.org\/sudeduclimousin\/wp-json\/wp\/v2\/media?parent=351"}],"wp:term":[{"taxonomy":"category","embeddable":true,"href":"https:\/\/solidaires87.org\/sudeduclimousin\/wp-json\/wp\/v2\/categories?post=351"},{"taxonomy":"post_tag","embeddable":true,"href":"https:\/\/solidaires87.org\/sudeduclimousin\/wp-json\/wp\/v2\/tags?post=351"}],"curies":[{"name":"wp","href":"https:\/\/api.w.org\/{rel}","templated":true}]}}