{"id":3449,"date":"2022-10-18T18:06:34","date_gmt":"2022-10-18T17:06:34","guid":{"rendered":"http:\/\/solidaires87.org\/sudeduclimousin\/?p=3449"},"modified":"2022-10-19T12:08:41","modified_gmt":"2022-10-19T11:08:41","slug":"une-reussite-ce-mardi-18-octobre-2022","status":"publish","type":"post","link":"https:\/\/solidaires87.org\/sudeduclimousin\/2022\/10\/18\/une-reussite-ce-mardi-18-octobre-2022\/","title":{"rendered":"Une r\u00e9ussite ce mardi 18 Octobre 2022!"},"content":{"rendered":"\n<p>\u00c0 10h 30, devant le Rectorat, belle mobilisation des lyc\u00e9es pro, le lyc\u00e9e Lavoisier de Brive en force !<\/p>\n\n\n\n<figure class=\"wp-block-image size-large\"><img loading=\"lazy\" decoding=\"async\" width=\"1024\" height=\"771\" src=\"http:\/\/solidaires87.org\/sudeduclimousin\/wp-content\/uploads\/sites\/4\/2022\/10\/1666104523883-1024x771.jpg\" alt=\"\" class=\"wp-image-3451\" srcset=\"https:\/\/solidaires87.org\/sudeduclimousin\/wp-content\/uploads\/sites\/4\/2022\/10\/1666104523883-1024x771.jpg 1024w, https:\/\/solidaires87.org\/sudeduclimousin\/wp-content\/uploads\/sites\/4\/2022\/10\/1666104523883-300x226.jpg 300w, https:\/\/solidaires87.org\/sudeduclimousin\/wp-content\/uploads\/sites\/4\/2022\/10\/1666104523883-768x578.jpg 768w, https:\/\/solidaires87.org\/sudeduclimousin\/wp-content\/uploads\/sites\/4\/2022\/10\/1666104523883-1536x1157.jpg 1536w, https:\/\/solidaires87.org\/sudeduclimousin\/wp-content\/uploads\/sites\/4\/2022\/10\/1666104523883-2048x1542.jpg 2048w, https:\/\/solidaires87.org\/sudeduclimousin\/wp-content\/uploads\/sites\/4\/2022\/10\/1666104523883-1170x881.jpg 1170w\" sizes=\"(max-width: 1024px) 100vw, 1024px\" \/><\/figure>\n\n\n\n<p>\u00c0 14h, carrefour Tourny \u00e0 Limoges : \u00c9ducation, fonction publique, secteur priv\u00e9\u2026 les salari\u00e9s \u00e9taient appel\u00e9s \u00e0 se mobiliser ce mardi pour demander une revalorisation des salaires, mais pas seulement. Au final, on \u00e9tait  4.500 selon les syndicats. Quelques SOLIDAIRES dont Sud \u00e9ducation Limousin.<\/p>\n\n\n\n<figure class=\"wp-block-image size-large\"><img loading=\"lazy\" decoding=\"async\" width=\"1024\" height=\"768\" src=\"http:\/\/solidaires87.org\/sudeduclimousin\/wp-content\/uploads\/sites\/4\/2022\/10\/1909328071579654374-1024x768.jpg\" alt=\"\" class=\"wp-image-3450\" srcset=\"https:\/\/solidaires87.org\/sudeduclimousin\/wp-content\/uploads\/sites\/4\/2022\/10\/1909328071579654374-1024x768.jpg 1024w, https:\/\/solidaires87.org\/sudeduclimousin\/wp-content\/uploads\/sites\/4\/2022\/10\/1909328071579654374-300x225.jpg 300w, https:\/\/solidaires87.org\/sudeduclimousin\/wp-content\/uploads\/sites\/4\/2022\/10\/1909328071579654374-768x576.jpg 768w, https:\/\/solidaires87.org\/sudeduclimousin\/wp-content\/uploads\/sites\/4\/2022\/10\/1909328071579654374-1536x1152.jpg 1536w, https:\/\/solidaires87.org\/sudeduclimousin\/wp-content\/uploads\/sites\/4\/2022\/10\/1909328071579654374-1170x878.jpg 1170w, https:\/\/solidaires87.org\/sudeduclimousin\/wp-content\/uploads\/sites\/4\/2022\/10\/1909328071579654374.jpg 1600w\" sizes=\"(max-width: 1024px) 100vw, 1024px\" \/><\/figure>\n\n\n\n<p>\u00c0 Tulle<\/p>\n\n\n\n<p>A Tulle , manifestation de 600 personnes , dont 150 lyc\u00e9ens.Une d\u00e9l\u00e9gation compos\u00e9e de la CGT , FO et sud solidaires a \u00e9t\u00e9 re\u00e7ue par \u00a0le directeur de cabinet du pr\u00e9fet ,\u00a0La FSU \u00e9tait absente , on pense qu&rsquo;ils \u00e9taient devant le rectorat \u00e0 Limoges . Nous avons \u00e9voqu\u00e9 la situation \u00a0de l&#8217;emploi sur le d\u00e9partement, les demandes de hausse de salaire , la r\u00e9forme du lyc\u00e9e pro , les attentes du secteur de la sant\u00e9 et la mise \u00e0 la concurrence du r\u00e9seau ferroviaire.<\/p>\n","protected":false},"excerpt":{"rendered":"<p>\u00c0 10h 30, devant le Rectorat, belle mobilisation des lyc\u00e9es pro, le lyc\u00e9e Lavoisier de Brive en force ! \u00c0 14h, carrefour Tourny \u00e0 Limoges : \u00c9ducation, fonction publique, secteur priv\u00e9\u2026 les salari\u00e9s \u00e9taient appel\u00e9s \u00e0 se mobiliser ce mardi&#8230;<br \/><a class=\"read-more-button\" href=\"https:\/\/solidaires87.org\/sudeduclimousin\/2022\/10\/18\/une-reussite-ce-mardi-18-octobre-2022\/\">Savoir plus<\/a><\/p>\n","protected":false},"author":18,"featured_media":0,"comment_status":"open","ping_status":"open","sticky":false,"template":"","format":"standard","meta":{"footnotes":""},"categories":[5],"tags":[],"_links":{"self":[{"href":"https:\/\/solidaires87.org\/sudeduclimousin\/wp-json\/wp\/v2\/posts\/3449"}],"collection":[{"href":"https:\/\/solidaires87.org\/sudeduclimousin\/wp-json\/wp\/v2\/posts"}],"about":[{"href":"https:\/\/solidaires87.org\/sudeduclimousin\/wp-json\/wp\/v2\/types\/post"}],"author":[{"embeddable":true,"href":"https:\/\/solidaires87.org\/sudeduclimousin\/wp-json\/wp\/v2\/users\/18"}],"replies":[{"embeddable":true,"href":"https:\/\/solidaires87.org\/sudeduclimousin\/wp-json\/wp\/v2\/comments?post=3449"}],"version-history":[{"count":2,"href":"https:\/\/solidaires87.org\/sudeduclimousin\/wp-json\/wp\/v2\/posts\/3449\/revisions"}],"predecessor-version":[{"id":3457,"href":"https:\/\/solidaires87.org\/sudeduclimousin\/wp-json\/wp\/v2\/posts\/3449\/revisions\/3457"}],"wp:attachment":[{"href":"https:\/\/solidaires87.org\/sudeduclimousin\/wp-json\/wp\/v2\/media?parent=3449"}],"wp:term":[{"taxonomy":"category","embeddable":true,"href":"https:\/\/solidaires87.org\/sudeduclimousin\/wp-json\/wp\/v2\/categories?post=3449"},{"taxonomy":"post_tag","embeddable":true,"href":"https:\/\/solidaires87.org\/sudeduclimousin\/wp-json\/wp\/v2\/tags?post=3449"}],"curies":[{"name":"wp","href":"https:\/\/api.w.org\/{rel}","templated":true}]}}