{"id":3445,"date":"2022-10-17T12:55:44","date_gmt":"2022-10-17T11:55:44","guid":{"rendered":"http:\/\/solidaires87.org\/sudeduclimousin\/?p=3445"},"modified":"2022-10-17T12:56:58","modified_gmt":"2022-10-17T11:56:58","slug":"greve-du-mardi-18-octobre","status":"publish","type":"post","link":"https:\/\/solidaires87.org\/sudeduclimousin\/2022\/10\/17\/greve-du-mardi-18-octobre\/","title":{"rendered":"Gr\u00e8ve du mardi 18 octobre !"},"content":{"rendered":"\n<p>Pour r\u00e9sister et d\u00e9fendre nos conditions de travail, en soutien avec les employ\u00e9es des raffineries en gr\u00e8ve, pour d\u00e9noncer la r\u00e9forme des lyc\u00e9es pro, mobilisez-vous mardi 18 Octobre ! Voil\u00e0 les rendez-vous dans la r\u00e9gion :<\/p>\n\n\n\n<p>\u00c0 Limoges<br>10H 30 devant le Rectorat pour les lyc\u00e9es pro<br>14H Carrefour Tourny pour l&rsquo;interpro<\/p>\n\n\n\n<p>\u00c0 Gu\u00e9ret<br>11h devant le d\u00e9p\u00f4t de carburant Picoty<\/p>\n\n\n\n<figure class=\"wp-block-image size-full\"><img loading=\"lazy\" decoding=\"async\" width=\"600\" height=\"424\" src=\"http:\/\/solidaires87.org\/sudeduclimousin\/wp-content\/uploads\/sites\/4\/2022\/10\/2022-10-18-affiche-greve-LP-fede-300x212@2x.png\" alt=\"\" class=\"wp-image-3446\" srcset=\"https:\/\/solidaires87.org\/sudeduclimousin\/wp-content\/uploads\/sites\/4\/2022\/10\/2022-10-18-affiche-greve-LP-fede-300x212@2x.png 600w, https:\/\/solidaires87.org\/sudeduclimousin\/wp-content\/uploads\/sites\/4\/2022\/10\/2022-10-18-affiche-greve-LP-fede-300x212@2x-300x212.png 300w\" sizes=\"(max-width: 600px) 100vw, 600px\" \/><\/figure>\n\n\n\n<figure class=\"wp-block-image size-large\"><img loading=\"lazy\" decoding=\"async\" width=\"725\" height=\"1024\" src=\"http:\/\/solidaires87.org\/sudeduclimousin\/wp-content\/uploads\/sites\/4\/2022\/10\/Tract-18-octobre1_page-0001-725x1024.jpg\" alt=\"\" class=\"wp-image-3447\" srcset=\"https:\/\/solidaires87.org\/sudeduclimousin\/wp-content\/uploads\/sites\/4\/2022\/10\/Tract-18-octobre1_page-0001-725x1024.jpg 725w, https:\/\/solidaires87.org\/sudeduclimousin\/wp-content\/uploads\/sites\/4\/2022\/10\/Tract-18-octobre1_page-0001-212x300.jpg 212w, https:\/\/solidaires87.org\/sudeduclimousin\/wp-content\/uploads\/sites\/4\/2022\/10\/Tract-18-octobre1_page-0001-768x1085.jpg 768w, https:\/\/solidaires87.org\/sudeduclimousin\/wp-content\/uploads\/sites\/4\/2022\/10\/Tract-18-octobre1_page-0001-1087x1536.jpg 1087w, https:\/\/solidaires87.org\/sudeduclimousin\/wp-content\/uploads\/sites\/4\/2022\/10\/Tract-18-octobre1_page-0001-1170x1654.jpg 1170w, https:\/\/solidaires87.org\/sudeduclimousin\/wp-content\/uploads\/sites\/4\/2022\/10\/Tract-18-octobre1_page-0001.jpg 1200w\" sizes=\"(max-width: 725px) 100vw, 725px\" \/><\/figure>\n","protected":false},"excerpt":{"rendered":"<p>Pour r\u00e9sister et d\u00e9fendre nos conditions de travail, en soutien avec les employ\u00e9es des raffineries en gr\u00e8ve, pour d\u00e9noncer la r\u00e9forme des lyc\u00e9es pro, mobilisez-vous mardi 18 Octobre ! Voil\u00e0 les rendez-vous dans la r\u00e9gion : \u00c0 Limoges10H 30 devant&#8230;<br \/><a class=\"read-more-button\" href=\"https:\/\/solidaires87.org\/sudeduclimousin\/2022\/10\/17\/greve-du-mardi-18-octobre\/\">Savoir plus<\/a><\/p>\n","protected":false},"author":18,"featured_media":0,"comment_status":"open","ping_status":"open","sticky":false,"template":"","format":"standard","meta":{"footnotes":""},"categories":[5],"tags":[],"_links":{"self":[{"href":"https:\/\/solidaires87.org\/sudeduclimousin\/wp-json\/wp\/v2\/posts\/3445"}],"collection":[{"href":"https:\/\/solidaires87.org\/sudeduclimousin\/wp-json\/wp\/v2\/posts"}],"about":[{"href":"https:\/\/solidaires87.org\/sudeduclimousin\/wp-json\/wp\/v2\/types\/post"}],"author":[{"embeddable":true,"href":"https:\/\/solidaires87.org\/sudeduclimousin\/wp-json\/wp\/v2\/users\/18"}],"replies":[{"embeddable":true,"href":"https:\/\/solidaires87.org\/sudeduclimousin\/wp-json\/wp\/v2\/comments?post=3445"}],"version-history":[{"count":1,"href":"https:\/\/solidaires87.org\/sudeduclimousin\/wp-json\/wp\/v2\/posts\/3445\/revisions"}],"predecessor-version":[{"id":3448,"href":"https:\/\/solidaires87.org\/sudeduclimousin\/wp-json\/wp\/v2\/posts\/3445\/revisions\/3448"}],"wp:attachment":[{"href":"https:\/\/solidaires87.org\/sudeduclimousin\/wp-json\/wp\/v2\/media?parent=3445"}],"wp:term":[{"taxonomy":"category","embeddable":true,"href":"https:\/\/solidaires87.org\/sudeduclimousin\/wp-json\/wp\/v2\/categories?post=3445"},{"taxonomy":"post_tag","embeddable":true,"href":"https:\/\/solidaires87.org\/sudeduclimousin\/wp-json\/wp\/v2\/tags?post=3445"}],"curies":[{"name":"wp","href":"https:\/\/api.w.org\/{rel}","templated":true}]}}