{"id":3425,"date":"2022-09-27T16:05:40","date_gmt":"2022-09-27T15:05:40","guid":{"rendered":"http:\/\/solidaires87.org\/sudeduclimousin\/?p=3425"},"modified":"2022-09-27T16:09:40","modified_gmt":"2022-09-27T15:09:40","slug":"jeudi-29-septembre-2022-dans-la-rue","status":"publish","type":"post","link":"https:\/\/solidaires87.org\/sudeduclimousin\/2022\/09\/27\/jeudi-29-septembre-2022-dans-la-rue\/","title":{"rendered":"Jeudi 29 septembre 2022,  dans la rue !"},"content":{"rendered":"\n<p>Jeudi 29 septembre 2022, toustes dans la rue&nbsp;<\/p>\n\n\n\n<p>\u00e0 Limoges 10h 30 carrefour Tourny<br>\u00e0 Gu\u00e9ret 10h devant la Mairie<br>\u00e0 Brive \u00e0 14h Place Churchill<br>\u00e0 Ussel \u00e0 11h<\/p>\n\n\n\n<p>Les mesures gouvernementales annonc\u00e9es sur le pouvoir d&rsquo;achat sont en dessous de la situation de paup\u00e9risation de la population : dans l&rsquo;Education nationale, la hausse du point d&rsquo;indice ne compense pas l&rsquo;inflation, les AED et les AESH sont toujours maltrait\u00e9\u00b7e\u00b7s ainsi que les \u00e9l\u00e8ves qu&rsquo;elles\/ils ont en charge, les in\u00e9galit\u00e9s Femmes\/Hommes persistent, des classes sont trop charg\u00e9es, des postes sont non pourvus, les t\u00e2ches des enseignan\u00b7te\u00b7s multipli\u00e9es, des programmes pl\u00e9thoriques, inadapt\u00e9s et injonctifs et un calendrier des examens qui ne permet pas les apprentissages dans de bonnes conditions.<\/p>\n\n\n\n<p>C&rsquo;est pourquoi pour r\u00e9clamer des salaires , des retraites et des conditions de travail d\u00e9centes, mobilisez-vous le Jeudi 29 septembre, mettez-vous en gr\u00e8ve et venez manifester\u00a0.<\/p>\n\n\n\n<div class=\"wp-block-image\"><figure class=\"aligncenter size-full\"><img decoding=\"async\" src=\"http:\/\/solidaires87.org\/sudeduclimousin\/wp-content\/uploads\/sites\/4\/2022\/09\/Tract-29-septembre-2022-2.pdf\" alt=\"\" class=\"wp-image-3428\" \/><\/figure><\/div>\n","protected":false},"excerpt":{"rendered":"<p>Jeudi 29 septembre 2022, toustes dans la rue&nbsp; \u00e0 Limoges 10h 30 carrefour Tourny\u00e0 Gu\u00e9ret 10h devant la Mairie\u00e0 Brive \u00e0 14h Place Churchill\u00e0 Ussel \u00e0 11h Les mesures gouvernementales annonc\u00e9es sur le pouvoir d&rsquo;achat sont en dessous de la&#8230;<br \/><a class=\"read-more-button\" href=\"https:\/\/solidaires87.org\/sudeduclimousin\/2022\/09\/27\/jeudi-29-septembre-2022-dans-la-rue\/\">Savoir plus<\/a><\/p>\n","protected":false},"author":18,"featured_media":0,"comment_status":"open","ping_status":"open","sticky":true,"template":"","format":"standard","meta":{"footnotes":""},"categories":[3,5],"tags":[],"_links":{"self":[{"href":"https:\/\/solidaires87.org\/sudeduclimousin\/wp-json\/wp\/v2\/posts\/3425"}],"collection":[{"href":"https:\/\/solidaires87.org\/sudeduclimousin\/wp-json\/wp\/v2\/posts"}],"about":[{"href":"https:\/\/solidaires87.org\/sudeduclimousin\/wp-json\/wp\/v2\/types\/post"}],"author":[{"embeddable":true,"href":"https:\/\/solidaires87.org\/sudeduclimousin\/wp-json\/wp\/v2\/users\/18"}],"replies":[{"embeddable":true,"href":"https:\/\/solidaires87.org\/sudeduclimousin\/wp-json\/wp\/v2\/comments?post=3425"}],"version-history":[{"count":2,"href":"https:\/\/solidaires87.org\/sudeduclimousin\/wp-json\/wp\/v2\/posts\/3425\/revisions"}],"predecessor-version":[{"id":3429,"href":"https:\/\/solidaires87.org\/sudeduclimousin\/wp-json\/wp\/v2\/posts\/3425\/revisions\/3429"}],"wp:attachment":[{"href":"https:\/\/solidaires87.org\/sudeduclimousin\/wp-json\/wp\/v2\/media?parent=3425"}],"wp:term":[{"taxonomy":"category","embeddable":true,"href":"https:\/\/solidaires87.org\/sudeduclimousin\/wp-json\/wp\/v2\/categories?post=3425"},{"taxonomy":"post_tag","embeddable":true,"href":"https:\/\/solidaires87.org\/sudeduclimousin\/wp-json\/wp\/v2\/tags?post=3425"}],"curies":[{"name":"wp","href":"https:\/\/api.w.org\/{rel}","templated":true}]}}