{"id":3397,"date":"2022-09-27T14:27:23","date_gmt":"2022-09-27T13:27:23","guid":{"rendered":"http:\/\/solidaires87.org\/sudeduclimousin\/?p=3397"},"modified":"2022-09-27T19:40:36","modified_gmt":"2022-09-27T18:40:36","slug":"marche-des-fiertes-a-limoges","status":"publish","type":"post","link":"https:\/\/solidaires87.org\/sudeduclimousin\/2022\/09\/27\/marche-des-fiertes-a-limoges\/","title":{"rendered":"Marche des Fiert\u00e9s \u00e0 Limoges"},"content":{"rendered":"\n<p>\ud83c\udf08&nbsp; Ce samedi 24 septembre 2022, la premi\u00e8re Marche des fiert\u00e9s de Limoges (Haute-Vienne) a rencontr\u00e9 un franc succ\u00e8s. Plus de 2000 participant\u00b7e\u00b7s ont d\u00e9fil\u00e9 dans les rues du centre-ville, avec un objectif : rendre visibles ces luttes : les rues de Limoges se sont remplies de drapeaux arc-en-ciel, symboles de la communaut\u00e9 LGBTQIA+. La premi\u00e8re Marche des Fiert\u00e9s a rencontr\u00e9 un franc succ\u00e8s.<br>Sud \u00c9ducation&nbsp; \u00e9tait l\u00e0 en force et \u00e7a fait chaud au coeur de voir que notre syndicat se mobilise pour ces causes pour en faire aussi un combat politique contre l\u2019h\u00e9t\u00e9ronormativit\u00e9, le patriarcat et toutes sortes de discriminations, pour en faire un sujet scolaire, pour que notre regard change en tant que parents ou enseignant\u00b7e\u00b7s. Sud Education interpelle l\u2019EN pour que les notions de genre, d\u2019orientation sexuelle, d\u2019identit\u00e9 sexuelle soient de v\u00e9ritables sujets d\u2019\u00e9tude et de d\u00e9bat dans la communaut\u00e9 scolaire de la maternelle \u00e0 l\u2019Universit\u00e9.<\/p>\n\n\n\n<p>A l\u2019ann\u00e9e prochaine ! \ud83c\udf08<\/p>\n\n\n\n<figure class=\"wp-block-image size-large\"><img loading=\"lazy\" decoding=\"async\" width=\"1024\" height=\"771\" src=\"http:\/\/solidaires87.org\/sudeduclimousin\/wp-content\/uploads\/sites\/4\/2022\/09\/1664196008367-1024x771.jpg\" alt=\"\" class=\"wp-image-3423\" srcset=\"https:\/\/solidaires87.org\/sudeduclimousin\/wp-content\/uploads\/sites\/4\/2022\/09\/1664196008367-1024x771.jpg 1024w, https:\/\/solidaires87.org\/sudeduclimousin\/wp-content\/uploads\/sites\/4\/2022\/09\/1664196008367-300x226.jpg 300w, https:\/\/solidaires87.org\/sudeduclimousin\/wp-content\/uploads\/sites\/4\/2022\/09\/1664196008367-768x578.jpg 768w, https:\/\/solidaires87.org\/sudeduclimousin\/wp-content\/uploads\/sites\/4\/2022\/09\/1664196008367-1536x1157.jpg 1536w, https:\/\/solidaires87.org\/sudeduclimousin\/wp-content\/uploads\/sites\/4\/2022\/09\/1664196008367-2048x1542.jpg 2048w, https:\/\/solidaires87.org\/sudeduclimousin\/wp-content\/uploads\/sites\/4\/2022\/09\/1664196008367-1170x881.jpg 1170w\" sizes=\"(max-width: 1024px) 100vw, 1024px\" \/><\/figure>\n\n\n\n<figure class=\"wp-block-image size-large\"><img loading=\"lazy\" decoding=\"async\" width=\"1024\" height=\"771\" src=\"http:\/\/solidaires87.org\/sudeduclimousin\/wp-content\/uploads\/sites\/4\/2022\/09\/1664194639683-1024x771.jpg\" alt=\"\" class=\"wp-image-3422\" srcset=\"https:\/\/solidaires87.org\/sudeduclimousin\/wp-content\/uploads\/sites\/4\/2022\/09\/1664194639683-1024x771.jpg 1024w, https:\/\/solidaires87.org\/sudeduclimousin\/wp-content\/uploads\/sites\/4\/2022\/09\/1664194639683-300x226.jpg 300w, https:\/\/solidaires87.org\/sudeduclimousin\/wp-content\/uploads\/sites\/4\/2022\/09\/1664194639683-768x578.jpg 768w, https:\/\/solidaires87.org\/sudeduclimousin\/wp-content\/uploads\/sites\/4\/2022\/09\/1664194639683-1536x1157.jpg 1536w, https:\/\/solidaires87.org\/sudeduclimousin\/wp-content\/uploads\/sites\/4\/2022\/09\/1664194639683-2048x1542.jpg 2048w, https:\/\/solidaires87.org\/sudeduclimousin\/wp-content\/uploads\/sites\/4\/2022\/09\/1664194639683-1170x881.jpg 1170w\" sizes=\"(max-width: 1024px) 100vw, 1024px\" \/><\/figure>\n\n\n\n<figure class=\"wp-block-image size-large\"><img loading=\"lazy\" decoding=\"async\" width=\"771\" height=\"1024\" src=\"http:\/\/solidaires87.org\/sudeduclimousin\/wp-content\/uploads\/sites\/4\/2022\/09\/1664194639679-771x1024.jpg\" alt=\"\" class=\"wp-image-3421\" srcset=\"https:\/\/solidaires87.org\/sudeduclimousin\/wp-content\/uploads\/sites\/4\/2022\/09\/1664194639679-771x1024.jpg 771w, https:\/\/solidaires87.org\/sudeduclimousin\/wp-content\/uploads\/sites\/4\/2022\/09\/1664194639679-226x300.jpg 226w, https:\/\/solidaires87.org\/sudeduclimousin\/wp-content\/uploads\/sites\/4\/2022\/09\/1664194639679-768x1020.jpg 768w, https:\/\/solidaires87.org\/sudeduclimousin\/wp-content\/uploads\/sites\/4\/2022\/09\/1664194639679-1157x1536.jpg 1157w, https:\/\/solidaires87.org\/sudeduclimousin\/wp-content\/uploads\/sites\/4\/2022\/09\/1664194639679-1542x2048.jpg 1542w, https:\/\/solidaires87.org\/sudeduclimousin\/wp-content\/uploads\/sites\/4\/2022\/09\/1664194639679-1170x1554.jpg 1170w, https:\/\/solidaires87.org\/sudeduclimousin\/wp-content\/uploads\/sites\/4\/2022\/09\/1664194639679-scaled.jpg 1928w\" sizes=\"(max-width: 771px) 100vw, 771px\" \/><\/figure>\n\n\n\n<figure class=\"wp-block-image size-large\"><img loading=\"lazy\" decoding=\"async\" width=\"1024\" height=\"771\" src=\"http:\/\/solidaires87.org\/sudeduclimousin\/wp-content\/uploads\/sites\/4\/2022\/09\/1664194639676-1-1024x771.jpg\" alt=\"\" class=\"wp-image-3420\" srcset=\"https:\/\/solidaires87.org\/sudeduclimousin\/wp-content\/uploads\/sites\/4\/2022\/09\/1664194639676-1-1024x771.jpg 1024w, https:\/\/solidaires87.org\/sudeduclimousin\/wp-content\/uploads\/sites\/4\/2022\/09\/1664194639676-1-300x226.jpg 300w, https:\/\/solidaires87.org\/sudeduclimousin\/wp-content\/uploads\/sites\/4\/2022\/09\/1664194639676-1-768x578.jpg 768w, https:\/\/solidaires87.org\/sudeduclimousin\/wp-content\/uploads\/sites\/4\/2022\/09\/1664194639676-1-1536x1157.jpg 1536w, https:\/\/solidaires87.org\/sudeduclimousin\/wp-content\/uploads\/sites\/4\/2022\/09\/1664194639676-1-2048x1542.jpg 2048w, https:\/\/solidaires87.org\/sudeduclimousin\/wp-content\/uploads\/sites\/4\/2022\/09\/1664194639676-1-1170x881.jpg 1170w\" sizes=\"(max-width: 1024px) 100vw, 1024px\" \/><\/figure>\n\n\n\n<figure class=\"wp-block-image size-large\"><img loading=\"lazy\" decoding=\"async\" width=\"1024\" height=\"771\" src=\"http:\/\/solidaires87.org\/sudeduclimousin\/wp-content\/uploads\/sites\/4\/2022\/09\/1664194639671-1-1024x771.jpg\" alt=\"\" class=\"wp-image-3419\" srcset=\"https:\/\/solidaires87.org\/sudeduclimousin\/wp-content\/uploads\/sites\/4\/2022\/09\/1664194639671-1-1024x771.jpg 1024w, https:\/\/solidaires87.org\/sudeduclimousin\/wp-content\/uploads\/sites\/4\/2022\/09\/1664194639671-1-300x226.jpg 300w, https:\/\/solidaires87.org\/sudeduclimousin\/wp-content\/uploads\/sites\/4\/2022\/09\/1664194639671-1-768x578.jpg 768w, https:\/\/solidaires87.org\/sudeduclimousin\/wp-content\/uploads\/sites\/4\/2022\/09\/1664194639671-1-1536x1157.jpg 1536w, https:\/\/solidaires87.org\/sudeduclimousin\/wp-content\/uploads\/sites\/4\/2022\/09\/1664194639671-1-2048x1542.jpg 2048w, https:\/\/solidaires87.org\/sudeduclimousin\/wp-content\/uploads\/sites\/4\/2022\/09\/1664194639671-1-1170x881.jpg 1170w\" sizes=\"(max-width: 1024px) 100vw, 1024px\" \/><\/figure>\n","protected":false},"excerpt":{"rendered":"<p>\ud83c\udf08&nbsp; Ce samedi 24 septembre 2022, la premi\u00e8re Marche des fiert\u00e9s de Limoges (Haute-Vienne) a rencontr\u00e9 un franc succ\u00e8s. Plus de 2000 participant\u00b7e\u00b7s ont d\u00e9fil\u00e9 dans les rues du centre-ville, avec un objectif : rendre visibles ces luttes : les&#8230;<br \/><a class=\"read-more-button\" href=\"https:\/\/solidaires87.org\/sudeduclimousin\/2022\/09\/27\/marche-des-fiertes-a-limoges\/\">Savoir plus<\/a><\/p>\n","protected":false},"author":18,"featured_media":0,"comment_status":"open","ping_status":"open","sticky":true,"template":"","format":"standard","meta":{"footnotes":""},"categories":[3,5],"tags":[],"_links":{"self":[{"href":"https:\/\/solidaires87.org\/sudeduclimousin\/wp-json\/wp\/v2\/posts\/3397"}],"collection":[{"href":"https:\/\/solidaires87.org\/sudeduclimousin\/wp-json\/wp\/v2\/posts"}],"about":[{"href":"https:\/\/solidaires87.org\/sudeduclimousin\/wp-json\/wp\/v2\/types\/post"}],"author":[{"embeddable":true,"href":"https:\/\/solidaires87.org\/sudeduclimousin\/wp-json\/wp\/v2\/users\/18"}],"replies":[{"embeddable":true,"href":"https:\/\/solidaires87.org\/sudeduclimousin\/wp-json\/wp\/v2\/comments?post=3397"}],"version-history":[{"count":5,"href":"https:\/\/solidaires87.org\/sudeduclimousin\/wp-json\/wp\/v2\/posts\/3397\/revisions"}],"predecessor-version":[{"id":3424,"href":"https:\/\/solidaires87.org\/sudeduclimousin\/wp-json\/wp\/v2\/posts\/3397\/revisions\/3424"}],"wp:attachment":[{"href":"https:\/\/solidaires87.org\/sudeduclimousin\/wp-json\/wp\/v2\/media?parent=3397"}],"wp:term":[{"taxonomy":"category","embeddable":true,"href":"https:\/\/solidaires87.org\/sudeduclimousin\/wp-json\/wp\/v2\/categories?post=3397"},{"taxonomy":"post_tag","embeddable":true,"href":"https:\/\/solidaires87.org\/sudeduclimousin\/wp-json\/wp\/v2\/tags?post=3397"}],"curies":[{"name":"wp","href":"https:\/\/api.w.org\/{rel}","templated":true}]}}