{"id":3372,"date":"2022-09-22T16:49:46","date_gmt":"2022-09-22T15:49:46","guid":{"rendered":"http:\/\/solidaires87.org\/sudeduclimousin\/?p=3372"},"modified":"2022-10-18T18:18:17","modified_gmt":"2022-10-18T17:18:17","slug":"sud-education-limousin-organise-un-stage","status":"publish","type":"post","link":"https:\/\/solidaires87.org\/sudeduclimousin\/2022\/09\/22\/sud-education-limousin-organise-un-stage\/","title":{"rendered":"Sud \u00c9ducation Limousin organise un stage :"},"content":{"rendered":"\n<div class=\"wp-block-cover has-background-dim has-custom-content-position is-position-top-center wp-duotone-000000-dbdbdb-1\" style=\"min-height:210px\"><img loading=\"lazy\" decoding=\"async\" width=\"555\" height=\"368\" class=\"wp-block-cover__image-background wp-image-3373\" alt=\"\" src=\"http:\/\/solidaires87.org\/sudeduclimousin\/wp-content\/uploads\/sites\/4\/2022\/09\/webderstreikvonrobertkoehler_0.jpg\" style=\"object-position:50% 51%\" data-object-fit=\"cover\" data-object-position=\"50% 51%\" srcset=\"https:\/\/solidaires87.org\/sudeduclimousin\/wp-content\/uploads\/sites\/4\/2022\/09\/webderstreikvonrobertkoehler_0.jpg 555w, https:\/\/solidaires87.org\/sudeduclimousin\/wp-content\/uploads\/sites\/4\/2022\/09\/webderstreikvonrobertkoehler_0-300x199.jpg 300w\" sizes=\"(max-width: 555px) 100vw, 555px\" \/><div class=\"wp-block-cover__inner-container is-layout-flow wp-block-cover-is-layout-flow\">\n<p class=\"has-text-align-center has-text-color has-large-font-size\" style=\"color:#ff0000\"><strong>Analyser l&rsquo;organisation du travail<\/strong><\/p>\n\n\n\n<p class=\"has-text-align-center has-text-color has-large-font-size\" style=\"color:#ff0000\"><strong>Oser lutter contre les abus de nos hi\u00e9rarchies<\/strong><\/p>\n\n\n\n<p class=\"has-text-align-center has-medium-font-size\"><strong>Le mardi 22 novembre 2022 <\/strong><strong>\u00e0 Limoges,<\/strong><\/p>\n\n\n\n<p class=\"has-text-align-center has-medium-font-size\"><strong>salle du temps libre &#8211; L\u00e9o Lagrange, <\/strong><strong>derri\u00e8re la mairie<\/strong><\/p>\n\n\n\n<div style=\"height:39px\" aria-hidden=\"true\" class=\"wp-block-spacer\"><\/div>\n\n\n\n<p class=\"has-text-align-center has-medium-font-size\"><strong><em>Gratuit et ouvert \u00e0 tou\u00b7te\u00b7s les personnel\u00b7le\u00b7s de et rattach\u00e9\u00b7e\u00b7s \u00e0 l&rsquo;\u00e9ducation nationale<\/em><\/strong><\/p>\n<\/div><\/div>\n\n\n\n<div class=\"wp-block-cover aligncenter has-background-dim-60 has-black-background-color has-background-dim has-parallax has-custom-content-position is-position-top-left\" style=\"background-image:url(http:\/\/solidaires87.org\/sudeduclimousin\/wp-content\/uploads\/sites\/4\/2022\/09\/kLSDx1.png)\"><div class=\"wp-block-cover__inner-container is-layout-flow wp-block-cover-is-layout-flow\">\n<p class=\"has-text-align-center has-large-font-size\"><strong><em>Au menu :<\/em><\/strong><\/p>\n\n\n\n<hr class=\"wp-block-separator\" \/>\n\n\n\n<div class=\"wp-block-columns is-layout-flex wp-container-core-columns-layout-1 wp-block-columns-is-layout-flex\">\n<div class=\"wp-block-column is-layout-flow wp-block-column-is-layout-flow\" style=\"flex-basis:400px\">\n<p class=\"has-large-font-size\">8h30<\/p>\n\n\n\n<p class=\"has-medium-font-size\">Accueil des Stagiaires<\/p>\n\n\n\n<hr class=\"wp-block-separator\" \/>\n\n\n\n<p class=\"has-large-font-size\">9h<\/p>\n\n\n\n<p class=\"has-medium-font-size\">BRIse glACE<\/p>\n\n\n\n<hr class=\"wp-block-separator\" \/>\n\n\n\n<p class=\"has-large-font-size\">9h30<\/p>\n\n\n\n<p class=\"has-medium-font-size\">AnALYse du QUEstionNAIre ENQu\u00eatE lanC\u00c9 par SUd \u00e9duCATion<\/p>\n\n\n\n<p><em>compl\u00e8te le sur  <\/em><a href=\"http:\/\/solidaires87.org\/sudeduclimousin\/2022\/09\/07\/questionnaire-sur-les-rapports-a-la-hierarchie-et-les-conditions-de-travail\/\" data-type=\"post\" data-id=\"3366\">Questionnaire sur les rapports \u00e0 la hi\u00e9rarchie et les conditions de travail<\/a><\/p>\n\n\n\n<hr class=\"wp-block-separator\" \/>\n\n\n\n<p class=\"has-large-font-size\">10h30<\/p>\n\n\n\n<p class=\"has-medium-font-size\">ATeliERS touRNAnts :<\/p>\n\n\n\n<p class=\"has-medium-font-size\">&gt; TH\u00e9\u00e2trE FOruM<\/p>\n\n\n\n<p class=\"has-medium-font-size\">&gt; DEs outILS de D\u00e9FENse JuRIDiquE<\/p>\n\n\n\n<p class=\"has-medium-font-size\">&gt; CONstruIRe AVec leS COLl\u00e8guEs<\/p>\n<\/div>\n\n\n\n<div class=\"wp-block-column is-layout-flow wp-block-column-is-layout-flow\" style=\"flex-basis:400px\">\n<p class=\"has-large-font-size\">14h<\/p>\n\n\n\n<p class=\"has-large-font-size\">CONf\u00e9RenCE de<\/p>\n\n\n\n<p class=\"has-large-font-size\"> DANi\u00e8le LinHARt<\/p>\n\n\n\n<p class=\"has-medium-font-size\">Dani\u00e8le LInhart est une sociologue fran\u00e7aise, travaillant sur l&rsquo;\u00e9volution du travail et de l&#8217;emploi, directrice de recherche au CNRS et professeure \u00e0 l&rsquo;universit\u00e9 de Nanterre.<\/p>\n\n\n\n<hr class=\"wp-block-separator\" \/>\n\n\n\n<p class=\"has-large-font-size\">16h30<\/p>\n\n\n\n<p class=\"has-medium-font-size\">BilAN eT piSTes<\/p>\n\n\n\n<div style=\"height:100px\" aria-hidden=\"true\" class=\"wp-block-spacer\"><\/div>\n\n\n\n<div class=\"wp-block-group has-background is-layout-flow wp-block-group-is-layout-flow\" style=\"background-color:#652449\"><div class=\"wp-block-group__inner-container\">\n<p class=\"has-large-font-size\"><strong>AtTEnTIon<\/strong><\/p>\n\n\n\n<p class=\"has-large-font-size\">REpaS dE MIdi en<\/p>\n\n\n\n<p class=\"has-large-font-size\"> AUBergE ESPagnoLE<\/p>\n<\/div><\/div>\n<\/div>\n<\/div>\n\n\n\n<p class=\"has-medium-font-size\"><strong>PoUR t\u2019iNScriRE<\/strong>, <strong>tU noUS cONtaCTes <\/strong><\/p>\n\n\n\n<p class=\"has-medium-font-size\">(<a href=\"mailto:sudeducation23-87@sudeducation.org\">sudeducation23-87@sudeducation.org<\/a> \/ 06 80 87 88 75)<\/p>\n\n\n\n<p class=\"has-medium-font-size\">Et tu eNVOieS un cOURrieR \u00e0 ta HI\u00e9rARChie (voir <a href=\"http:\/\/solidaires87.org\/sudeduclimousin\/2022\/09\/22\/les-documents-pour-sinscrire-au-stage\/\" data-type=\"post\" data-id=\"3391\">mOD\u00c8les ici<\/a>), <strong>au plus tard 1 mois avant\u00a0!<\/strong><\/p>\n<\/div><\/div>\n\n\n\n<p class=\"has-large-font-size\"><\/p>\n\n\n\n<p class=\"has-large-font-size\"><\/p>\n","protected":false},"excerpt":{"rendered":"","protected":false},"author":18,"featured_media":0,"comment_status":"open","ping_status":"open","sticky":true,"template":"","format":"standard","meta":{"footnotes":""},"categories":[7],"tags":[],"_links":{"self":[{"href":"https:\/\/solidaires87.org\/sudeduclimousin\/wp-json\/wp\/v2\/posts\/3372"}],"collection":[{"href":"https:\/\/solidaires87.org\/sudeduclimousin\/wp-json\/wp\/v2\/posts"}],"about":[{"href":"https:\/\/solidaires87.org\/sudeduclimousin\/wp-json\/wp\/v2\/types\/post"}],"author":[{"embeddable":true,"href":"https:\/\/solidaires87.org\/sudeduclimousin\/wp-json\/wp\/v2\/users\/18"}],"replies":[{"embeddable":true,"href":"https:\/\/solidaires87.org\/sudeduclimousin\/wp-json\/wp\/v2\/comments?post=3372"}],"version-history":[{"count":16,"href":"https:\/\/solidaires87.org\/sudeduclimousin\/wp-json\/wp\/v2\/posts\/3372\/revisions"}],"predecessor-version":[{"id":3396,"href":"https:\/\/solidaires87.org\/sudeduclimousin\/wp-json\/wp\/v2\/posts\/3372\/revisions\/3396"}],"wp:attachment":[{"href":"https:\/\/solidaires87.org\/sudeduclimousin\/wp-json\/wp\/v2\/media?parent=3372"}],"wp:term":[{"taxonomy":"category","embeddable":true,"href":"https:\/\/solidaires87.org\/sudeduclimousin\/wp-json\/wp\/v2\/categories?post=3372"},{"taxonomy":"post_tag","embeddable":true,"href":"https:\/\/solidaires87.org\/sudeduclimousin\/wp-json\/wp\/v2\/tags?post=3372"}],"curies":[{"name":"wp","href":"https:\/\/api.w.org\/{rel}","templated":true}]}}