{"id":334,"date":"2016-10-14T15:43:38","date_gmt":"2016-10-14T14:43:38","guid":{"rendered":"http:\/\/solidaires87.org\/sudeduclimousin\/?p=334"},"modified":"2019-12-29T10:27:05","modified_gmt":"2019-12-29T09:27:05","slug":"legalite-fillesgarcons-a-lecole","status":"publish","type":"post","link":"https:\/\/solidaires87.org\/sudeduclimousin\/2016\/10\/14\/legalite-fillesgarcons-a-lecole\/","title":{"rendered":"L\u2019\u00e9galit\u00e9 filles\/gar\u00e7ons \u00e0 l\u2019\u00e9cole"},"content":{"rendered":"<div class=\"soustitre\"><i><b>Le retour des r\u00e9acs\u00a0!<\/b><\/i><\/div>\n<div class=\"detail\"><\/div>\n<div class=\"detail\"><img loading=\"lazy\" decoding=\"async\" class=\"alignnone size-full wp-image-332\" src=\"http:\/\/solidaires87.org\/sudeduclimousin\/wp-content\/uploads\/sites\/4\/2016\/10\/arton6718-a7dcb.png\" alt=\"arton6718-a7dcb\" width=\"150\" height=\"114\" \/><\/div>\n<div class=\"detail\">\n<div class=\"texte\">\n<p>Cette rentr\u00e9e a \u00e9t\u00e9 l\u2019occasion pour les militant-e-s d\u2019extr\u00eame droite du milieu traditionaliste de Vigi gender de s\u2019attaquer une fois encore \u00e0 l\u2019\u00e9cole et \u00e0 la lutte contre les discriminations sexistes.<\/p>\n<p>20 000 brochures ont \u00e9t\u00e9 envoy\u00e9es dans les \u00e9tablissements scolaires en France. <br class=\"autobr\" \/> Ces fascicules \u00ab\u00a0Le genre en images\u00a0\u00bb ont pour objectif de discr\u00e9diter les enseignant-e-s et les associations (comme le Planning Familial) qui \u0153uvrent pour l\u2019\u00e9ducation \u00e0 l\u2019\u00e9galit\u00e9 dans le cadre des programmes de l\u2019\u00e9ducation nationale.<\/p>\n<p>Face aux intox grossi\u00e8res v\u00e9hicul\u00e9es dans cette publication, SUD \u00e9ducation rappelle que l\u2019\u00e9galit\u00e9 filles\/gar\u00e7ons, la lutte contre les st\u00e9r\u00e9otypes de genre et les discriminations doivent \u00eatre des enjeux majeurs dans les \u00e9coles et les \u00e9tablissements scolaires de la maternelle \u00e0 l\u2019universit\u00e9.*<\/p>\n<p>Au regard des enjeux essentiels que recouvre la lutte contre le sexisme et les LGBTphobies en milieu scolaire, nous demandons que le plan d\u2019action pour l\u2019\u00e9galit\u00e9 filles\/gar\u00e7ons \u00e0 l\u2019\u00e9cole dispose de r\u00e9els moyens de formations et d\u2019actions pour lutter contre les discriminations sexistes.<\/p>\n<p><strong>Face aux offensives des r\u00e9actionnaires contre l\u2019\u00e9cole, SUD \u00e9ducation appelle les \u00e9quipes \u00e9ducatives \u00e0 la vigilance.<\/strong><\/p>\n<p><strong>Nous continuerons \u00e0 lutter sur le terrain contre les tentatives d\u2019intrusion des r\u00e9actionnaires.<\/strong><\/p>\n<blockquote class=\"spip\"><p>Apr\u00e8s l\u2019abandon d\u00e9sastreux des ABCD de l\u2019\u00e9galit\u00e9, nous revendiquons\u00a0:<\/p>\n<p><img loading=\"lazy\" decoding=\"async\" class=\"puce\" src=\"http:\/\/www.sudeducation.org\/squelettes-dist\/puce.gif\" alt=\"-\" width=\"8\" height=\"11\" \/>\u00a0la r\u00e9int\u00e9gration du concept de genre dans les textes officiels et sa prise en compte dans l\u2019\u00e9laboration des programmes<\/p>\n<p><img loading=\"lazy\" decoding=\"async\" class=\"puce\" src=\"http:\/\/www.sudeducation.org\/squelettes-dist\/puce.gif\" alt=\"-\" width=\"8\" height=\"11\" \/>\u00a0la mise en place de dispositifs d\u00e9di\u00e9s (comme l\u2019\u00e9taient les ABCD de l\u2019\u00e9galit\u00e9) permettant aux \u00e9l\u00e8ves de r\u00e9fl\u00e9chir sp\u00e9cifiquement aux discriminations et st\u00e9r\u00e9otypes de genre, et de les d\u00e9construire<\/p>\n<p><img loading=\"lazy\" decoding=\"async\" class=\"puce\" src=\"http:\/\/www.sudeducation.org\/squelettes-dist\/puce.gif\" alt=\"-\" width=\"8\" height=\"11\" \/>\u00a0la promotion de projets et d\u2019interventions d\u2019associations ou organisations la\u00efques (Planning Familial, SOS Homophobie par exemple) pour compl\u00e9ter les actions et pratiques p\u00e9dagogiques mises en \u0153uvre dans les \u00e9tablissements.<\/p><\/blockquote>\n<p><a href=\"http:\/\/solidaires87.org\/sudeduclimousin\/wp-content\/uploads\/sites\/4\/2016\/10\/vigi-gender-egalite-2.pdf\">Egalit\u00e9 filles gar\u00e7ons.pdf<\/a><\/p>\n<p>* <i>Voir aussi le communiqu\u00e9 du Collectif Education contre les LGBTphobies en milieu scolaire et universitaire\u00a0: Comment \u00ab\u00a0s\u2019occuper du genre\u00a0\u00bb \u00e0 l\u2019\u00e9cole\u00a0:<\/i><\/p>\n<p>[&gt;<a class=\"spip_url spip_out auto\" href=\"http:\/\/www.sudeducation.org\/Comment-s-occuper-du-genre-a-l.html\" rel=\"nofollow\">Comment-s-occuper-du-genre-a-l.html<\/a>]<\/p>\n<\/div>\n<\/div>\n","protected":false},"excerpt":{"rendered":"<p>Le retour des r\u00e9acs\u00a0! Cette rentr\u00e9e a \u00e9t\u00e9 l\u2019occasion pour les militant-e-s d\u2019extr\u00eame droite du milieu traditionaliste de Vigi gender de s\u2019attaquer une fois encore \u00e0 l\u2019\u00e9cole et \u00e0 la lutte contre les discriminations sexistes. 20 000 brochures ont \u00e9t\u00e9&#8230;<br \/><a class=\"read-more-button\" href=\"https:\/\/solidaires87.org\/sudeduclimousin\/2016\/10\/14\/legalite-fillesgarcons-a-lecole\/\">Savoir plus<\/a><\/p>\n","protected":false},"author":18,"featured_media":0,"comment_status":"closed","ping_status":"open","sticky":false,"template":"","format":"standard","meta":{"footnotes":""},"categories":[9,5],"tags":[],"_links":{"self":[{"href":"https:\/\/solidaires87.org\/sudeduclimousin\/wp-json\/wp\/v2\/posts\/334"}],"collection":[{"href":"https:\/\/solidaires87.org\/sudeduclimousin\/wp-json\/wp\/v2\/posts"}],"about":[{"href":"https:\/\/solidaires87.org\/sudeduclimousin\/wp-json\/wp\/v2\/types\/post"}],"author":[{"embeddable":true,"href":"https:\/\/solidaires87.org\/sudeduclimousin\/wp-json\/wp\/v2\/users\/18"}],"replies":[{"embeddable":true,"href":"https:\/\/solidaires87.org\/sudeduclimousin\/wp-json\/wp\/v2\/comments?post=334"}],"version-history":[{"count":2,"href":"https:\/\/solidaires87.org\/sudeduclimousin\/wp-json\/wp\/v2\/posts\/334\/revisions"}],"predecessor-version":[{"id":340,"href":"https:\/\/solidaires87.org\/sudeduclimousin\/wp-json\/wp\/v2\/posts\/334\/revisions\/340"}],"wp:attachment":[{"href":"https:\/\/solidaires87.org\/sudeduclimousin\/wp-json\/wp\/v2\/media?parent=334"}],"wp:term":[{"taxonomy":"category","embeddable":true,"href":"https:\/\/solidaires87.org\/sudeduclimousin\/wp-json\/wp\/v2\/categories?post=334"},{"taxonomy":"post_tag","embeddable":true,"href":"https:\/\/solidaires87.org\/sudeduclimousin\/wp-json\/wp\/v2\/tags?post=334"}],"curies":[{"name":"wp","href":"https:\/\/api.w.org\/{rel}","templated":true}]}}