{"id":330,"date":"2016-10-14T15:37:28","date_gmt":"2016-10-14T14:37:28","guid":{"rendered":"http:\/\/solidaires87.org\/sudeduclimousin\/?p=330"},"modified":"2019-12-29T10:27:10","modified_gmt":"2019-12-29T09:27:10","slug":"ils-sont-ou-les-60-000-postes","status":"publish","type":"post","link":"https:\/\/solidaires87.org\/sudeduclimousin\/2016\/10\/14\/ils-sont-ou-les-60-000-postes\/","title":{"rendered":"Ils sont o\u00f9 les 60 000 postes ?"},"content":{"rendered":"<div class=\"detail\"><\/div>\n<div class=\"detail\"><img loading=\"lazy\" decoding=\"async\" class=\"alignnone size-full wp-image-328\" src=\"http:\/\/solidaires87.org\/sudeduclimousin\/wp-content\/uploads\/sites\/4\/2016\/10\/arton6717-b3e25.jpg\" alt=\"arton6717-b3e25\" width=\"150\" height=\"101\" \/><\/div>\n<div class=\"detail\">\n<div class=\"texte\">\n<p>Le minist\u00e8re a annonc\u00e9 que la promesse de cr\u00e9ation de 60 000 postes serait tenue. <br class=\"autobr\" \/> Mais il n\u2019y aura eu que 35 200 postes vraiment cr\u00e9\u00e9s depuis 2012, tout compris (1er et 2nd degr\u00e9s, enseignement agricole, sup\u00e9rieur et non enseignant-e-s et m\u00eame pour le priv\u00e9). En effet il faut tenir compte du remplacement des d\u00e9parts \u00e0 la retraite qui ne sont pas des cr\u00e9ations de postes et des 24 000 stagiaires qui sont en fait \u00e0 mi-temps devant les \u00e9l\u00e8ves.<\/p>\n<p>Au total, sur le terrain, les cr\u00e9ations de postes sont en nombre insuffisant\u00a0:<\/p>\n<ul class=\"spip\">\n<li>elles ne comblent pas la purge ant\u00e9rieure de 80 000 postes,<\/li>\n<\/ul>\n<ul class=\"spip\">\n<li>elles ne ne permettent pas d\u2019absorber les hausses d\u00e9mographiques,<\/li>\n<\/ul>\n<ul class=\"spip\">\n<li>elles ne permettent pas d\u2019endiguer les probl\u00e8mes de recrutement, avec 17\u00a0% des postes du second degr\u00e9 non pourvus aux concours, et plus particuli\u00e8rement dans les 9 disciplines d\u00e9ficitaires comme les math\u00e9matiques ou les lettres modernes,<\/li>\n<\/ul>\n<ul class=\"spip\">\n<li>elles n\u2019emp\u00eachent pas le manque de rempla\u00e7ant-e-s de s\u2019aggraver avec une g\u00e9n\u00e9ralisation du recours aux contractuel-le-s (y compris dans le 1er degr\u00e9, marqu\u00e9 aussi en cette rentr\u00e9e par un recours massif aux listes compl\u00e9mentaires) pour pallier \u00e0 un manque de postes pourtant largement pr\u00e9visible, et ce au d\u00e9triment de la mobilit\u00e9 des personnels,<\/li>\n<\/ul>\n<ul class=\"spip\">\n<li>elles ne permettent pas de recr\u00e9er des postes pour les RASED et encore moins d\u2019en cr\u00e9er de nouveaux.<\/li>\n<\/ul>\n<p><strong>Un nombre insuffisant pour faire baisser les effectifs des classes, ce qui aurait d\u00fb \u00eatre une priorit\u00e9 pour am\u00e9liorer les conditions d\u2019apprentissage des \u00e9l\u00e8ves et les conditions de travail des enseignant-e-s et r\u00e9duire les in\u00e9galit\u00e9s territoriales.<\/strong><\/p>\n<blockquote class=\"spip\"><p><strong>Nous exigeons des cr\u00e9ations de postes \u00e0 la hauteur des besoins avec\u00a0:<\/strong><\/p>\n<ul>\n<li>Une r\u00e9duction du nombre d\u2019\u00e9l\u00e8ves par classe en \u00e9cole, coll\u00e8ge et lyc\u00e9e<\/li>\n<li>Plus d\u2019enseignant-e-s que de classes dans toutes les \u00e9coles<\/li>\n<li><strong>La diminution du temps de service hebdomadaire des enseignant-e-s.<\/strong><\/li>\n<\/ul>\n<\/blockquote>\n<p><a href=\"http:\/\/solidaires87.org\/sudeduclimousin\/wp-content\/uploads\/sites\/4\/2016\/10\/ils-sont-ou-les-60000-postes_v6.pdf\">60 000 postes.pdf<\/a><\/p>\n<p>&nbsp;<\/p>\n<\/div>\n<\/div>\n","protected":false},"excerpt":{"rendered":"<p>Le minist\u00e8re a annonc\u00e9 que la promesse de cr\u00e9ation de 60 000 postes serait tenue. Mais il n\u2019y aura eu que 35 200 postes vraiment cr\u00e9\u00e9s depuis 2012, tout compris (1er et 2nd degr\u00e9s, enseignement agricole, sup\u00e9rieur et non enseignant-e-s&#8230;<br \/><a class=\"read-more-button\" href=\"https:\/\/solidaires87.org\/sudeduclimousin\/2016\/10\/14\/ils-sont-ou-les-60-000-postes\/\">Savoir plus<\/a><\/p>\n","protected":false},"author":18,"featured_media":0,"comment_status":"closed","ping_status":"open","sticky":false,"template":"","format":"standard","meta":{"footnotes":""},"categories":[9,5],"tags":[],"_links":{"self":[{"href":"https:\/\/solidaires87.org\/sudeduclimousin\/wp-json\/wp\/v2\/posts\/330"}],"collection":[{"href":"https:\/\/solidaires87.org\/sudeduclimousin\/wp-json\/wp\/v2\/posts"}],"about":[{"href":"https:\/\/solidaires87.org\/sudeduclimousin\/wp-json\/wp\/v2\/types\/post"}],"author":[{"embeddable":true,"href":"https:\/\/solidaires87.org\/sudeduclimousin\/wp-json\/wp\/v2\/users\/18"}],"replies":[{"embeddable":true,"href":"https:\/\/solidaires87.org\/sudeduclimousin\/wp-json\/wp\/v2\/comments?post=330"}],"version-history":[{"count":2,"href":"https:\/\/solidaires87.org\/sudeduclimousin\/wp-json\/wp\/v2\/posts\/330\/revisions"}],"predecessor-version":[{"id":339,"href":"https:\/\/solidaires87.org\/sudeduclimousin\/wp-json\/wp\/v2\/posts\/330\/revisions\/339"}],"wp:attachment":[{"href":"https:\/\/solidaires87.org\/sudeduclimousin\/wp-json\/wp\/v2\/media?parent=330"}],"wp:term":[{"taxonomy":"category","embeddable":true,"href":"https:\/\/solidaires87.org\/sudeduclimousin\/wp-json\/wp\/v2\/categories?post=330"},{"taxonomy":"post_tag","embeddable":true,"href":"https:\/\/solidaires87.org\/sudeduclimousin\/wp-json\/wp\/v2\/tags?post=330"}],"curies":[{"name":"wp","href":"https:\/\/api.w.org\/{rel}","templated":true}]}}