{"id":3235,"date":"2021-09-02T14:55:50","date_gmt":"2021-09-02T13:55:50","guid":{"rendered":"http:\/\/solidaires87.org\/sudeduclimousin\/?p=3235"},"modified":"2021-09-02T14:55:51","modified_gmt":"2021-09-02T13:55:51","slug":"passe-sanitaire-et-surveillance-globale","status":"publish","type":"post","link":"https:\/\/solidaires87.org\/sudeduclimousin\/2021\/09\/02\/passe-sanitaire-et-surveillance-globale\/","title":{"rendered":"Passe Sanitaire et surveillance globale"},"content":{"rendered":"\n<p>La <a href=\"https:\/\/www.laquadrature.net\/\" target=\"_blank\" rel=\"noreferrer noopener\">Quadrature du Net<\/a> revient sur la question du passe-sanitaire et des dangers qui lui sont intrins\u00e8quement li\u00e9s. On pense en particulier \u00e0 l&rsquo;habituation de la population \u00e0 un contr\u00f4le global par l&rsquo;\u00e9tat. Tout \u00e7a alors que l&rsquo;efficacit\u00e9 de ce passe reste \u00e0 prouver.<\/p>\n\n\n\n<p>Le lien est ici : <a href=\"https:\/\/www.laquadrature.net\/2021\/08\/19\/passe-sanitaire-quelle-surveillance-redouter\/?fbclid=IwAR0UbW9WnLpAHz6ZuSk8gnUP7Zn4KLdQref2osu8h-sQ0pzycQqKonK4dh0\" target=\"_blank\" rel=\"noreferrer noopener\">Passe sanitaire&nbsp;: quelle surveillance redouter&nbsp;?<\/a><\/p>\n","protected":false},"excerpt":{"rendered":"<p>La Quadrature du Net revient sur la question du passe-sanitaire et des dangers qui lui sont intrins\u00e8quement li\u00e9s. On pense en particulier \u00e0 l&rsquo;habituation de la population \u00e0 un contr\u00f4le global par l&rsquo;\u00e9tat. Tout \u00e7a alors que l&rsquo;efficacit\u00e9 de ce&#8230;<br \/><a class=\"read-more-button\" href=\"https:\/\/solidaires87.org\/sudeduclimousin\/2021\/09\/02\/passe-sanitaire-et-surveillance-globale\/\">Savoir plus<\/a><\/p>\n","protected":false},"author":18,"featured_media":0,"comment_status":"open","ping_status":"open","sticky":true,"template":"","format":"standard","meta":{"footnotes":""},"categories":[1],"tags":[],"_links":{"self":[{"href":"https:\/\/solidaires87.org\/sudeduclimousin\/wp-json\/wp\/v2\/posts\/3235"}],"collection":[{"href":"https:\/\/solidaires87.org\/sudeduclimousin\/wp-json\/wp\/v2\/posts"}],"about":[{"href":"https:\/\/solidaires87.org\/sudeduclimousin\/wp-json\/wp\/v2\/types\/post"}],"author":[{"embeddable":true,"href":"https:\/\/solidaires87.org\/sudeduclimousin\/wp-json\/wp\/v2\/users\/18"}],"replies":[{"embeddable":true,"href":"https:\/\/solidaires87.org\/sudeduclimousin\/wp-json\/wp\/v2\/comments?post=3235"}],"version-history":[{"count":3,"href":"https:\/\/solidaires87.org\/sudeduclimousin\/wp-json\/wp\/v2\/posts\/3235\/revisions"}],"predecessor-version":[{"id":3239,"href":"https:\/\/solidaires87.org\/sudeduclimousin\/wp-json\/wp\/v2\/posts\/3235\/revisions\/3239"}],"wp:attachment":[{"href":"https:\/\/solidaires87.org\/sudeduclimousin\/wp-json\/wp\/v2\/media?parent=3235"}],"wp:term":[{"taxonomy":"category","embeddable":true,"href":"https:\/\/solidaires87.org\/sudeduclimousin\/wp-json\/wp\/v2\/categories?post=3235"},{"taxonomy":"post_tag","embeddable":true,"href":"https:\/\/solidaires87.org\/sudeduclimousin\/wp-json\/wp\/v2\/tags?post=3235"}],"curies":[{"name":"wp","href":"https:\/\/api.w.org\/{rel}","templated":true}]}}